{"id":18186,"date":"2021-04-12T09:35:35","date_gmt":"2021-04-12T07:35:35","guid":{"rendered":"https:\/\/james-mac.com\/?p=18186"},"modified":"2021-04-12T09:57:24","modified_gmt":"2021-04-12T07:57:24","slug":"morgen-beginnt-der-fastenmonat-ramadan","status":"publish","type":"post","link":"https:\/\/james-mac.com\/en\/morgen-beginnt-der-fastenmonat-ramadan\/","title":{"rendered":"Morgen beginnt der Fastenmonat Ramadan"},"content":{"rendered":"\t\t<div data-elementor-type=\"wp-post\" data-elementor-id=\"18186\" class=\"elementor elementor-18186\" data-elementor-post-type=\"post\">\n\t\t\t\t\t\t<section data-particle_enable=\"false\" data-particle-mobile-disabled=\"false\" class=\"elementor-section elementor-top-section elementor-element elementor-element-1039ed48 elementor-section-boxed elementor-section-height-default elementor-section-height-default\" data-id=\"1039ed48\" data-element_type=\"section\" data-e-type=\"section\">\n\t\t\t\t\t\t<div class=\"elementor-container elementor-column-gap-default\">\n\t\t\t\t\t<div class=\"elementor-column elementor-col-100 elementor-top-column elementor-element elementor-element-25dc3dc4\" data-id=\"25dc3dc4\" data-element_type=\"column\" data-e-type=\"column\">\n\t\t\t<div class=\"elementor-widget-wrap elementor-element-populated\">\n\t\t\t\t\t\t<section data-particle_enable=\"false\" data-particle-mobile-disabled=\"false\" class=\"elementor-section elementor-inner-section elementor-element elementor-element-1f5df76c elementor-section-boxed elementor-section-height-default elementor-section-height-default\" data-id=\"1f5df76c\" data-element_type=\"section\" data-e-type=\"section\">\n\t\t\t\t\t\t<div class=\"elementor-container elementor-column-gap-default\">\n\t\t\t\t\t<div class=\"elementor-column elementor-col-100 elementor-inner-column elementor-element elementor-element-1e4d6ae6\" data-id=\"1e4d6ae6\" data-element_type=\"column\" data-e-type=\"column\">\n\t\t\t<div class=\"elementor-widget-wrap elementor-element-populated\">\n\t\t\t\t\r\n\t\t<div class=\"elementor-element elementor-element-affd6e6 elementor-post-navigation-borders-yes elementor-widget elementor-widget-post-navigation\" data-id=\"affd6e6\" data-element_type=\"widget\" data-e-type=\"widget\" data-widget_type=\"post-navigation.default\">\n\t\t\t\t<div class=\"elementor-widget-container\">\n\t\t\t\t\t\t\t<div class=\"elementor-post-navigation\" role=\"navigation\" aria-label=\"Post Navigation\">\n\t\t\t<div class=\"elementor-post-navigation__prev elementor-post-navigation__link\">\n\t\t\t\t<a href=\"https:\/\/james-mac.com\/en\/samstag-wir-blicken-auf-die-woche\/\" rel=\"prev\"><span class=\"post-navigation__arrow-wrapper post-navigation__arrow-prev\"><i aria-hidden=\"true\" class=\"fas fa-angle-left\"><\/i><span class=\"elementor-screen-only\">Prev<\/span><\/span><span class=\"elementor-post-navigation__link__prev\"><span class=\"post-navigation__prev--label\">Voriger<\/span><span class=\"post-navigation__prev--title\">Samstag: Wir blicken auf die Woche<\/span><\/span><\/a>\t\t\t<\/div>\n\t\t\t\t\t\t\t<div class=\"elementor-post-navigation__separator-wrapper\">\n\t\t\t\t\t<div class=\"elementor-post-navigation__separator\"><\/div>\n\t\t\t\t<\/div>\n\t\t\t\t\t\t<div class=\"elementor-post-navigation__next elementor-post-navigation__link\">\n\t\t\t\t<a href=\"https:\/\/james-mac.com\/en\/red-sea-partner-raetsel-spanische-taenzerin\/\" rel=\"next\"><span class=\"elementor-post-navigation__link__next\"><span class=\"post-navigation__next--label\">N\u00e4chster<\/span><span class=\"post-navigation__next--title\">Red Sea PARTner R\u00e4tsel: Spanische T\u00e4nzerin<\/span><\/span><span class=\"post-navigation__arrow-wrapper post-navigation__arrow-next\"><i aria-hidden=\"true\" class=\"fas fa-angle-right\"><\/i><span class=\"elementor-screen-only\">Next<\/span><\/span><\/a>\t\t\t<\/div>\n\t\t<\/div>\n\t\t\t\t\t\t<\/div>\n\t\t\t\t<\/div>\n\t\t\t\t<div class=\"elementor-element elementor-element-5ef7a82d elementor-widget elementor-widget-shortcode\" data-id=\"5ef7a82d\" data-element_type=\"widget\" data-e-type=\"widget\" data-widget_type=\"shortcode.default\">\n\t\t\t\t<div class=\"elementor-widget-container\">\n\t\t\t\t\t\t\t<div class=\"elementor-shortcode\"><\/div>\n\t\t\t\t\t\t<\/div>\n\t\t\t\t<\/div>\n\t\t\t\t<div class=\"elementor-element elementor-element-ab096ca elementor-widget elementor-widget-heading\" data-id=\"ab096ca\" data-element_type=\"widget\" data-e-type=\"widget\" data-widget_type=\"heading.default\">\n\t\t\t\t<div class=\"elementor-widget-container\">\n\t\t\t\t\t<h3 class=\"elementor-heading-title elementor-size-default\">Morgen beginnt der Fastenmonat Ramadan<\/h3>\t\t\t\t<\/div>\n\t\t\t\t<\/div>\n\t\t\t\t<div class=\"elementor-element elementor-element-3f516319 elementor-widget elementor-widget-text-editor\" data-id=\"3f516319\" data-element_type=\"widget\" data-e-type=\"widget\" data-widget_type=\"text-editor.default\">\n\t\t\t\t<div class=\"elementor-widget-container\">\n\t\t\t\t\t\t\t\t\t<p>Gestern wurde bekannt gegeben, dass morgen der Fastenmonat Ramadan beginnt. Hierzu m\u00f6chten wir unseren \u00e4gyptischen Freunden und Kollegen einen gesegneten Ramadan w\u00fcnschen. \u00dcblicherweise benutzt man dazu die Worte \u201eRamadan Kareem\u201c.\u00a0<\/p><p>Ab morgen verzichten Millionen Muslime weltweit auf das Essen und Trinken von der Morgend\u00e4mmerung bis zum Sonnenuntergang. Im letzten Jahr waren aufgrund von Corona die Moscheen geschlossen. Diese sind inzwischen wieder ge\u00f6ffnet, aber das letzte Gebet um Mitternacht \u201eTajajjud\u201c wurde verboten.\u00a0 Auch wurde \u201eItikaf\u201c verboten, was bedeutet, dass sich die Muslime die letzten 10 Tage im Ramadan den gesamten Tag und die Nacht in der Moschee aufhalten.<\/p><p>Die \u00d6ffnungszeiten und das Geschehen unserer Tauchbasen sind vom Ramadan nicht betroffen, allerdings kann es sein, dass der Transfer zur\u00fcck in die Hotels etwas fr\u00fcher angesetzt wird, so dass unser Staff rechtzeitig zu Hause ist, um mit der Familie das Fasten zu brechen.\u00a0<\/p><p>Wir w\u00fcnschen allen muslimischen Freunden und <a href=\"https:\/\/james-mac.com\/unsere-basis\/orientierung-team\/\" target=\"_blank\" rel=\"noopener\">Kollegen<\/a> Ramadan Kareem oder\u00a0 \u0643\u0644 \u0633\u0646\u0629 \u0648 \u0623\u0646\u062a\u0645 \u0637\u064a\u0628\u064a\u0646<\/p>\t\t\t\t\t\t\t\t<\/div>\n\t\t\t\t<\/div>\n\t\t\t\t<div class=\"elementor-element elementor-element-30bc5ee0 elementor-widget elementor-widget-text-editor\" data-id=\"30bc5ee0\" data-element_type=\"widget\" data-e-type=\"widget\" data-widget_type=\"text-editor.default\">\n\t\t\t\t<div class=\"elementor-widget-container\">\n\t\t\t\t\t\t\t\t\t<p>\u00c4gypten, Rotes Meer, Hurghada, Deutsche Tauchschule, <a href=\"https:\/\/www.james-mac.shop\/\" target=\"_blank\" rel=\"noopener\">James &amp; Mac Diving Center<\/a> \u2013\u00a0Fotonachweis: Shutterstock\u00a01348774955<\/p>\t\t\t\t\t\t\t\t<\/div>\n\t\t\t\t<\/div>\n\t\t\t\t\t<\/div>\n\t\t<\/div>\n\t\t\t\t\t<\/div>\n\t\t<\/section>\n\t\t\t\t\t<\/div>\n\t\t<\/div>\n\t\t\t\t\t<\/div>\n\t\t<\/section>\n\t\t\t\t<section data-particle_enable=\"false\" data-particle-mobile-disabled=\"false\" class=\"elementor-section elementor-top-section elementor-element elementor-element-1336d6e elementor-section-boxed elementor-section-height-default elementor-section-height-default\" data-id=\"1336d6e\" data-element_type=\"section\" data-e-type=\"section\">\n\t\t\t\t\t\t<div class=\"elementor-container elementor-column-gap-default\">\n\t\t\t\t\t<div class=\"elementor-column elementor-col-100 elementor-top-column elementor-element elementor-element-8fa9b33\" data-id=\"8fa9b33\" data-element_type=\"column\" data-e-type=\"column\">\n\t\t\t<div class=\"elementor-widget-wrap elementor-element-populated\">\n\t\t\t\t\t\t<div class=\"elementor-element elementor-element-11f79977 elementor-widget elementor-widget-spacer\" data-id=\"11f79977\" data-element_type=\"widget\" data-e-type=\"widget\" data-widget_type=\"spacer.default\">\n\t\t\t\t<div class=\"elementor-widget-container\">\n\t\t\t\t\t\t\t<div class=\"elementor-spacer\">\n\t\t\t<div class=\"elementor-spacer-inner\"><\/div>\n\t\t<\/div>\n\t\t\t\t\t\t<\/div>\n\t\t\t\t<\/div>\n\t\t\t\t\t<\/div>\n\t\t<\/div>\n\t\t\t\t\t<\/div>\n\t\t<\/section>\n\t\t\t\t<section data-particle_enable=\"false\" data-particle-mobile-disabled=\"false\" class=\"elementor-section elementor-top-section elementor-element elementor-element-2a805593 elementor-section-boxed elementor-section-height-default elementor-section-height-default\" data-id=\"2a805593\" data-element_type=\"section\" data-e-type=\"section\">\n\t\t\t\t\t\t<div class=\"elementor-container elementor-column-gap-default\">\n\t\t\t\t\t<div class=\"elementor-column elementor-col-100 elementor-top-column elementor-element elementor-element-3c56e805\" data-id=\"3c56e805\" data-element_type=\"column\" data-e-type=\"column\">\n\t\t\t<div class=\"elementor-widget-wrap elementor-element-populated\">\n\t\t\t\t\t\t<div class=\"elementor-element elementor-element-1f76aa5c elementor-widget elementor-widget-wp-widget-archives\" data-id=\"1f76aa5c\" data-element_type=\"widget\" data-e-type=\"widget\" data-widget_type=\"wp-widget-archives.default\">\n\t\t\t\t<div class=\"elementor-widget-container\">\n\t\t\t\t\t<h5>Archiv<\/h5>\t\t<label class=\"screen-reader-text\" for=\"archives-dropdown-REPLACE_TO_ID\">Archiv<\/label>\n\t\t<select id=\"archives-dropdown-REPLACE_TO_ID\" name=\"archive-dropdown\">\n\t\t\t\n\t\t\t<option value=\"\">Select Month<\/option>\n\t\t\t\t<option value='https:\/\/james-mac.com\/en\/2026\/04\/'> April 2026 &nbsp;(29)<\/option>\n\t<option value='https:\/\/james-mac.com\/en\/2026\/03\/'> March 2026 &nbsp;(35)<\/option>\n\t<option value='https:\/\/james-mac.com\/en\/2026\/02\/'> February 2026 &nbsp;(32)<\/option>\n\t<option value='https:\/\/james-mac.com\/en\/2026\/01\/'> January 2026 &nbsp;(36)<\/option>\n\t<option value='https:\/\/james-mac.com\/en\/2025\/12\/'> December 2025 &nbsp;(35)<\/option>\n\t<option value='https:\/\/james-mac.com\/en\/2025\/11\/'> November 2025 &nbsp;(35)<\/option>\n\t<option value='https:\/\/james-mac.com\/en\/2025\/10\/'> October 2025 &nbsp;(35)<\/option>\n\t<option value='https:\/\/james-mac.com\/en\/2025\/09\/'> September 2025 &nbsp;(34)<\/option>\n\t<option value='https:\/\/james-mac.com\/en\/2025\/08\/'> August 2025 &nbsp;(36)<\/option>\n\t<option value='https:\/\/james-mac.com\/en\/2025\/07\/'> July 2025 &nbsp;(35)<\/option>\n\t<option value='https:\/\/james-mac.com\/en\/2025\/06\/'> June 2025 &nbsp;(34)<\/option>\n\t<option value='https:\/\/james-mac.com\/en\/2025\/05\/'> May 2025 &nbsp;(32)<\/option>\n\t<option value='https:\/\/james-mac.com\/en\/2025\/04\/'> April 2025 &nbsp;(30)<\/option>\n\t<option value='https:\/\/james-mac.com\/en\/2025\/03\/'> March 2025 &nbsp;(31)<\/option>\n\t<option value='https:\/\/james-mac.com\/en\/2025\/02\/'> February 2025 &nbsp;(28)<\/option>\n\t<option value='https:\/\/james-mac.com\/en\/2025\/01\/'> January 2025 &nbsp;(31)<\/option>\n\t<option value='https:\/\/james-mac.com\/en\/2024\/12\/'> December 2024 &nbsp;(35)<\/option>\n\t<option value='https:\/\/james-mac.com\/en\/2024\/11\/'> November 2024 &nbsp;(35)<\/option>\n\t<option value='https:\/\/james-mac.com\/en\/2024\/10\/'> October 2024 &nbsp;(35)<\/option>\n\t<option value='https:\/\/james-mac.com\/en\/2024\/09\/'> September 2024 &nbsp;(34)<\/option>\n\t<option value='https:\/\/james-mac.com\/en\/2024\/08\/'> August 2024 &nbsp;(35)<\/option>\n\t<option value='https:\/\/james-mac.com\/en\/2024\/07\/'> July 2024 &nbsp;(34)<\/option>\n\t<option value='https:\/\/james-mac.com\/en\/2024\/06\/'> June 2024 &nbsp;(36)<\/option>\n\t<option value='https:\/\/james-mac.com\/en\/2024\/05\/'> May 2024 &nbsp;(36)<\/option>\n\t<option value='https:\/\/james-mac.com\/en\/2024\/04\/'> April 2024 &nbsp;(36)<\/option>\n\t<option value='https:\/\/james-mac.com\/en\/2024\/03\/'> March 2024 &nbsp;(37)<\/option>\n\t<option value='https:\/\/james-mac.com\/en\/2024\/02\/'> February 2024 &nbsp;(32)<\/option>\n\t<option value='https:\/\/james-mac.com\/en\/2024\/01\/'> January 2024 &nbsp;(36)<\/option>\n\t<option value='https:\/\/james-mac.com\/en\/2023\/12\/'> December 2023 &nbsp;(38)<\/option>\n\t<option value='https:\/\/james-mac.com\/en\/2023\/11\/'> November 2023 &nbsp;(35)<\/option>\n\t<option value='https:\/\/james-mac.com\/en\/2023\/10\/'> October 2023 &nbsp;(39)<\/option>\n\t<option value='https:\/\/james-mac.com\/en\/2023\/09\/'> September 2023 &nbsp;(39)<\/option>\n\t<option value='https:\/\/james-mac.com\/en\/2023\/08\/'> August 2023 &nbsp;(38)<\/option>\n\t<option value='https:\/\/james-mac.com\/en\/2023\/07\/'> July 2023 &nbsp;(40)<\/option>\n\t<option value='https:\/\/james-mac.com\/en\/2023\/06\/'> June 2023 &nbsp;(40)<\/option>\n\t<option value='https:\/\/james-mac.com\/en\/2023\/05\/'> May 2023 &nbsp;(39)<\/option>\n\t<option value='https:\/\/james-mac.com\/en\/2023\/04\/'> April 2023 &nbsp;(40)<\/option>\n\t<option value='https:\/\/james-mac.com\/en\/2023\/03\/'> March 2023 &nbsp;(39)<\/option>\n\t<option value='https:\/\/james-mac.com\/en\/2023\/02\/'> February 2023 &nbsp;(34)<\/option>\n\t<option value='https:\/\/james-mac.com\/en\/2023\/01\/'> January 2023 &nbsp;(36)<\/option>\n\t<option value='https:\/\/james-mac.com\/en\/2022\/12\/'> December 2022 &nbsp;(38)<\/option>\n\t<option value='https:\/\/james-mac.com\/en\/2022\/11\/'> November 2022 &nbsp;(33)<\/option>\n\t<option value='https:\/\/james-mac.com\/en\/2022\/10\/'> October 2022 &nbsp;(41)<\/option>\n\t<option value='https:\/\/james-mac.com\/en\/2022\/09\/'> September 2022 &nbsp;(32)<\/option>\n\t<option value='https:\/\/james-mac.com\/en\/2022\/08\/'> August 2022 &nbsp;(26)<\/option>\n\t<option value='https:\/\/james-mac.com\/en\/2022\/07\/'> July 2022 &nbsp;(33)<\/option>\n\t<option value='https:\/\/james-mac.com\/en\/2022\/06\/'> June 2022 &nbsp;(24)<\/option>\n\t<option value='https:\/\/james-mac.com\/en\/2022\/05\/'> May 2022 &nbsp;(28)<\/option>\n\t<option value='https:\/\/james-mac.com\/en\/2022\/04\/'> April 2022 &nbsp;(28)<\/option>\n\t<option value='https:\/\/james-mac.com\/en\/2022\/03\/'> March 2022 &nbsp;(21)<\/option>\n\t<option value='https:\/\/james-mac.com\/en\/2022\/02\/'> February 2022 &nbsp;(27)<\/option>\n\t<option value='https:\/\/james-mac.com\/en\/2022\/01\/'> January 2022 &nbsp;(39)<\/option>\n\t<option value='https:\/\/james-mac.com\/en\/2021\/12\/'> December 2021 &nbsp;(39)<\/option>\n\t<option value='https:\/\/james-mac.com\/en\/2021\/11\/'> November 2021 &nbsp;(36)<\/option>\n\t<option value='https:\/\/james-mac.com\/en\/2021\/10\/'> October 2021 &nbsp;(39)<\/option>\n\t<option value='https:\/\/james-mac.com\/en\/2021\/09\/'> September 2021 &nbsp;(39)<\/option>\n\t<option value='https:\/\/james-mac.com\/en\/2021\/08\/'> August 2021 &nbsp;(39)<\/option>\n\t<option value='https:\/\/james-mac.com\/en\/2021\/07\/'> July 2021 &nbsp;(42)<\/option>\n\t<option value='https:\/\/james-mac.com\/en\/2021\/06\/'> June 2021 &nbsp;(44)<\/option>\n\t<option value='https:\/\/james-mac.com\/en\/2021\/05\/'> May 2021 &nbsp;(44)<\/option>\n\t<option value='https:\/\/james-mac.com\/en\/2021\/04\/'> April 2021 &nbsp;(45)<\/option>\n\t<option value='https:\/\/james-mac.com\/en\/2021\/03\/'> March 2021 &nbsp;(46)<\/option>\n\t<option value='https:\/\/james-mac.com\/en\/2021\/02\/'> February 2021 &nbsp;(44)<\/option>\n\t<option value='https:\/\/james-mac.com\/en\/2021\/01\/'> January 2021 &nbsp;(46)<\/option>\n\t<option value='https:\/\/james-mac.com\/en\/2020\/12\/'> December 2020 &nbsp;(50)<\/option>\n\t<option value='https:\/\/james-mac.com\/en\/2020\/11\/'> November 2020 &nbsp;(43)<\/option>\n\t<option value='https:\/\/james-mac.com\/en\/2020\/10\/'> October 2020 &nbsp;(44)<\/option>\n\t<option value='https:\/\/james-mac.com\/en\/2020\/09\/'> September 2020 &nbsp;(39)<\/option>\n\t<option value='https:\/\/james-mac.com\/en\/2020\/08\/'> August 2020 &nbsp;(24)<\/option>\n\t<option value='https:\/\/james-mac.com\/en\/2020\/07\/'> July 2020 &nbsp;(22)<\/option>\n\t<option value='https:\/\/james-mac.com\/en\/2020\/06\/'> June 2020 &nbsp;(19)<\/option>\n\t<option value='https:\/\/james-mac.com\/en\/2020\/01\/'> January 2020 &nbsp;(1)<\/option>\n\n\t\t<\/select>\n\n\t\t\t<script type=\"text\/javascript\">\n\/* <![CDATA[ *\/\n\n( ( dropdownId ) => {\n\tconst dropdown = document.getElementById( dropdownId );\n\tfunction onSelectChange() {\n\t\tsetTimeout( () => {\n\t\t\tif ( 'escape' === dropdown.dataset.lastkey ) {\n\t\t\t\treturn;\n\t\t\t}\n\t\t\tif ( dropdown.value ) {\n\t\t\t\tdocument.location.href = dropdown.value;\n\t\t\t}\n\t\t}, 250 );\n\t}\n\tfunction onKeyUp( event ) {\n\t\tif ( 'Escape' === event.key ) {\n\t\t\tdropdown.dataset.lastkey = 'escape';\n\t\t} else {\n\t\t\tdelete dropdown.dataset.lastkey;\n\t\t}\n\t}\n\tfunction onClick() {\n\t\tdelete dropdown.dataset.lastkey;\n\t}\n\tdropdown.addEventListener( 'keyup', onKeyUp );\n\tdropdown.addEventListener( 'click', onClick );\n\tdropdown.addEventListener( 'change', onSelectChange );\n})( \"archives-dropdown-REPLACE_TO_ID\" );\n\n\/\/# sourceURL=WP_Widget_Archives%3A%3Awidget\n\/* ]]> *\/\n<\/script>\n\t\t\t\t<\/div>\n\t\t\t\t<\/div>\n\t\t\t\t\t<\/div>\n\t\t<\/div>\n\t\t\t\t\t<\/div>\n\t\t<\/section>\n\t\t\t\t<\/div>\n\t\t","protected":false},"excerpt":{"rendered":"<p>Morgen beginnt der Fastenmonat Ramadan Gestern wurde bekannt gegeben, dass morgen der Fastenmonat Ramadan beginnt. Hierzu m\u00f6chten wir unseren \u00e4gyptischen Freunden und Kollegen einen gesegneten Ramadan w\u00fcnschen. \u00dcblicherweise benutzt man dazu die Worte \u201eRamadan Kareem\u201c.&nbsp; Ab morgen verzichten Millionen Muslime weltweit auf das Essen und Trinken von der Morgend\u00e4mmerung bis zum Sonnenuntergang. Im letzten Jahr waren aufgrund von Corona die Moscheen geschlossen. Diese sind inzwischen wieder ge\u00f6ffnet, aber das letzte Gebet um Mitternacht \u201eTajajjud\u201c wurde verboten.&nbsp; Auch wurde \u201eItikaf\u201c verboten,&hellip;<\/p>","protected":false},"author":7,"featured_media":18185,"comment_status":"open","ping_status":"closed","sticky":false,"template":"","format":"standard","meta":{"footnotes":""},"categories":[1],"tags":[646,645,647],"class_list":["post-18186","post","type-post","status-publish","format-standard","has-post-thumbnail","hentry","category-blog-rotes-meer","tag-fastenmonat","tag-ramadan","tag-religion","post-has-thumbnail"],"yoast_head":"<!-- This site is optimized with the Yoast SEO plugin v27.4 - https:\/\/yoast.com\/product\/yoast-seo-wordpress\/ -->\n<title>Morgen beginnt der Fastenmonat Ramadan - James &amp; Mac Diving Center<\/title>\n<meta name=\"description\" content=\"Morgen beginnt der Fastenmonat Ramadan. Hierzu m\u00f6chten wir unseren \u00e4gyptischen Freunden und Kollegen einen gesegneten Ramadan w\u00fcnschen.\" \/>\n<meta name=\"robots\" content=\"index, follow, max-snippet:-1, max-image-preview:large, max-video-preview:-1\" \/>\n<link rel=\"canonical\" href=\"https:\/\/james-mac.com\/en\/morgen-beginnt-der-fastenmonat-ramadan\/\" \/>\n<meta property=\"og:locale\" content=\"en_GB\" \/>\n<meta property=\"og:type\" content=\"article\" \/>\n<meta property=\"og:title\" content=\"Morgen beginnt der Fastenmonat Ramadan - James &amp; Mac Diving Center\" \/>\n<meta property=\"og:description\" content=\"Morgen beginnt der Fastenmonat Ramadan. Hierzu m\u00f6chten wir unseren \u00e4gyptischen Freunden und Kollegen einen gesegneten Ramadan w\u00fcnschen.\" \/>\n<meta property=\"og:url\" content=\"https:\/\/james-mac.com\/en\/morgen-beginnt-der-fastenmonat-ramadan\/\" \/>\n<meta property=\"og:site_name\" content=\"James &amp; Mac Diving Center\" \/>\n<meta property=\"article:publisher\" content=\"https:\/\/www.facebook.com\/jamesandmac\/\" \/>\n<meta property=\"article:published_time\" content=\"2021-04-12T07:35:35+00:00\" \/>\n<meta property=\"article:modified_time\" content=\"2021-04-12T07:57:24+00:00\" \/>\n<meta property=\"og:image\" content=\"https:\/\/james-mac.com\/wp-content\/uploads\/2021\/04\/Moschee-Shutterstock-1348774955-4x3-1.jpg\" \/>\n\t<meta property=\"og:image:width\" content=\"1800\" \/>\n\t<meta property=\"og:image:height\" content=\"1350\" \/>\n\t<meta property=\"og:image:type\" content=\"image\/jpeg\" \/>\n<meta name=\"author\" content=\"Sir Mac\" \/>\n<meta name=\"twitter:card\" content=\"summary_large_image\" \/>\n<meta name=\"twitter:creator\" content=\"@James_Mac_HRG\" \/>\n<meta name=\"twitter:site\" content=\"@James_Mac_HRG\" \/>\n<meta name=\"twitter:label1\" content=\"Written by\" \/>\n\t<meta name=\"twitter:data1\" content=\"Sir Mac\" \/>\n\t<meta name=\"twitter:label2\" content=\"Estimated reading time\" \/>\n\t<meta name=\"twitter:data2\" content=\"1 minute\" \/>\n<script type=\"application\/ld+json\" class=\"yoast-schema-graph\">{\"@context\":\"https:\\\/\\\/schema.org\",\"@graph\":[{\"@type\":\"Article\",\"@id\":\"https:\\\/\\\/james-mac.com\\\/en\\\/morgen-beginnt-der-fastenmonat-ramadan\\\/#article\",\"isPartOf\":{\"@id\":\"https:\\\/\\\/james-mac.com\\\/en\\\/morgen-beginnt-der-fastenmonat-ramadan\\\/\"},\"author\":{\"name\":\"Sir Mac\",\"@id\":\"https:\\\/\\\/james-mac.com\\\/#\\\/schema\\\/person\\\/65290b8d2396543178d184f45630a40f\"},\"headline\":\"Morgen beginnt der Fastenmonat Ramadan\",\"datePublished\":\"2021-04-12T07:35:35+00:00\",\"dateModified\":\"2021-04-12T07:57:24+00:00\",\"mainEntityOfPage\":{\"@id\":\"https:\\\/\\\/james-mac.com\\\/en\\\/morgen-beginnt-der-fastenmonat-ramadan\\\/\"},\"wordCount\":188,\"commentCount\":0,\"publisher\":{\"@id\":\"https:\\\/\\\/james-mac.com\\\/#organization\"},\"image\":{\"@id\":\"https:\\\/\\\/james-mac.com\\\/en\\\/morgen-beginnt-der-fastenmonat-ramadan\\\/#primaryimage\"},\"thumbnailUrl\":\"https:\\\/\\\/james-mac.com\\\/wp-content\\\/uploads\\\/2021\\\/04\\\/Moschee-Shutterstock-1348774955-4x3-1.jpg\",\"keywords\":[\"Fastenmonat\",\"Ramadan\",\"Religion\"],\"articleSection\":[\"Blog Rotes Meer\"],\"inLanguage\":\"en-GB\",\"potentialAction\":[{\"@type\":\"CommentAction\",\"name\":\"Comment\",\"target\":[\"https:\\\/\\\/james-mac.com\\\/en\\\/morgen-beginnt-der-fastenmonat-ramadan\\\/#respond\"]}]},{\"@type\":\"WebPage\",\"@id\":\"https:\\\/\\\/james-mac.com\\\/en\\\/morgen-beginnt-der-fastenmonat-ramadan\\\/\",\"url\":\"https:\\\/\\\/james-mac.com\\\/en\\\/morgen-beginnt-der-fastenmonat-ramadan\\\/\",\"name\":\"Morgen beginnt der Fastenmonat Ramadan - James &amp; Mac Diving Center\",\"isPartOf\":{\"@id\":\"https:\\\/\\\/james-mac.com\\\/#website\"},\"primaryImageOfPage\":{\"@id\":\"https:\\\/\\\/james-mac.com\\\/en\\\/morgen-beginnt-der-fastenmonat-ramadan\\\/#primaryimage\"},\"image\":{\"@id\":\"https:\\\/\\\/james-mac.com\\\/en\\\/morgen-beginnt-der-fastenmonat-ramadan\\\/#primaryimage\"},\"thumbnailUrl\":\"https:\\\/\\\/james-mac.com\\\/wp-content\\\/uploads\\\/2021\\\/04\\\/Moschee-Shutterstock-1348774955-4x3-1.jpg\",\"datePublished\":\"2021-04-12T07:35:35+00:00\",\"dateModified\":\"2021-04-12T07:57:24+00:00\",\"description\":\"Morgen beginnt der Fastenmonat Ramadan. Hierzu m\u00f6chten wir unseren \u00e4gyptischen Freunden und Kollegen einen gesegneten Ramadan w\u00fcnschen.\",\"breadcrumb\":{\"@id\":\"https:\\\/\\\/james-mac.com\\\/en\\\/morgen-beginnt-der-fastenmonat-ramadan\\\/#breadcrumb\"},\"inLanguage\":\"en-GB\",\"potentialAction\":[{\"@type\":\"ReadAction\",\"target\":[\"https:\\\/\\\/james-mac.com\\\/en\\\/morgen-beginnt-der-fastenmonat-ramadan\\\/\"]}]},{\"@type\":\"ImageObject\",\"inLanguage\":\"en-GB\",\"@id\":\"https:\\\/\\\/james-mac.com\\\/en\\\/morgen-beginnt-der-fastenmonat-ramadan\\\/#primaryimage\",\"url\":\"https:\\\/\\\/james-mac.com\\\/wp-content\\\/uploads\\\/2021\\\/04\\\/Moschee-Shutterstock-1348774955-4x3-1.jpg\",\"contentUrl\":\"https:\\\/\\\/james-mac.com\\\/wp-content\\\/uploads\\\/2021\\\/04\\\/Moschee-Shutterstock-1348774955-4x3-1.jpg\",\"width\":1800,\"height\":1350},{\"@type\":\"BreadcrumbList\",\"@id\":\"https:\\\/\\\/james-mac.com\\\/en\\\/morgen-beginnt-der-fastenmonat-ramadan\\\/#breadcrumb\",\"itemListElement\":[{\"@type\":\"ListItem\",\"position\":1,\"name\":\"Home\",\"item\":\"https:\\\/\\\/james-mac.com\\\/\"},{\"@type\":\"ListItem\",\"position\":2,\"name\":\"Blog Rotes Meer\",\"item\":\"https:\\\/\\\/james-mac.com\\\/en\\\/category\\\/blog-rotes-meer\\\/\"},{\"@type\":\"ListItem\",\"position\":3,\"name\":\"Morgen beginnt der Fastenmonat Ramadan\"}]},{\"@type\":\"WebSite\",\"@id\":\"https:\\\/\\\/james-mac.com\\\/#website\",\"url\":\"https:\\\/\\\/james-mac.com\\\/\",\"name\":\"James &amp; Mac Diving Center\",\"description\":\"Red sea diving since 1987\",\"publisher\":{\"@id\":\"https:\\\/\\\/james-mac.com\\\/#organization\"},\"potentialAction\":[{\"@type\":\"SearchAction\",\"target\":{\"@type\":\"EntryPoint\",\"urlTemplate\":\"https:\\\/\\\/james-mac.com\\\/?s={search_term_string}\"},\"query-input\":{\"@type\":\"PropertyValueSpecification\",\"valueRequired\":true,\"valueName\":\"search_term_string\"}}],\"inLanguage\":\"en-GB\"},{\"@type\":\"Organization\",\"@id\":\"https:\\\/\\\/james-mac.com\\\/#organization\",\"name\":\"James & Mac\",\"url\":\"https:\\\/\\\/james-mac.com\\\/\",\"logo\":{\"@type\":\"ImageObject\",\"inLanguage\":\"en-GB\",\"@id\":\"https:\\\/\\\/james-mac.com\\\/#\\\/schema\\\/logo\\\/image\\\/\",\"url\":\"\",\"contentUrl\":\"\",\"caption\":\"James & Mac\"},\"image\":{\"@id\":\"https:\\\/\\\/james-mac.com\\\/#\\\/schema\\\/logo\\\/image\\\/\"},\"sameAs\":[\"https:\\\/\\\/www.facebook.com\\\/jamesandmac\\\/\",\"https:\\\/\\\/x.com\\\/James_Mac_HRG\",\"https:\\\/\\\/www.instagram.com\\\/jamesundmacdiving\\\/\",\"https:\\\/\\\/www.youtube.com\\\/user\\\/james1987mac\"]},{\"@type\":\"Person\",\"@id\":\"https:\\\/\\\/james-mac.com\\\/#\\\/schema\\\/person\\\/65290b8d2396543178d184f45630a40f\",\"name\":\"Sir Mac\",\"image\":{\"@type\":\"ImageObject\",\"inLanguage\":\"en-GB\",\"@id\":\"https:\\\/\\\/secure.gravatar.com\\\/avatar\\\/2da57efef350c52d7d9739e3d93278f8fc4415051287b49cdbddef9eb49bc776?s=96&r=g\",\"url\":\"https:\\\/\\\/secure.gravatar.com\\\/avatar\\\/2da57efef350c52d7d9739e3d93278f8fc4415051287b49cdbddef9eb49bc776?s=96&r=g\",\"contentUrl\":\"https:\\\/\\\/secure.gravatar.com\\\/avatar\\\/2da57efef350c52d7d9739e3d93278f8fc4415051287b49cdbddef9eb49bc776?s=96&r=g\",\"caption\":\"Sir Mac\"},\"url\":\"https:\\\/\\\/james-mac.com\\\/en\\\/author\\\/20sirmac20\\\/\"}]}<\/script>\n<!-- \/ Yoast SEO plugin. -->","yoast_head_json":{"title":"Morgen beginnt der Fastenmonat Ramadan - James &amp; Mac Diving Center","description":"Morgen beginnt der Fastenmonat Ramadan. Hierzu m\u00f6chten wir unseren \u00e4gyptischen Freunden und Kollegen einen gesegneten Ramadan w\u00fcnschen.","robots":{"index":"index","follow":"follow","max-snippet":"max-snippet:-1","max-image-preview":"max-image-preview:large","max-video-preview":"max-video-preview:-1"},"canonical":"https:\/\/james-mac.com\/en\/morgen-beginnt-der-fastenmonat-ramadan\/","og_locale":"en_GB","og_type":"article","og_title":"Morgen beginnt der Fastenmonat Ramadan - James &amp; Mac Diving Center","og_description":"Morgen beginnt der Fastenmonat Ramadan. Hierzu m\u00f6chten wir unseren \u00e4gyptischen Freunden und Kollegen einen gesegneten Ramadan w\u00fcnschen.","og_url":"https:\/\/james-mac.com\/en\/morgen-beginnt-der-fastenmonat-ramadan\/","og_site_name":"James &amp; Mac Diving Center","article_publisher":"https:\/\/www.facebook.com\/jamesandmac\/","article_published_time":"2021-04-12T07:35:35+00:00","article_modified_time":"2021-04-12T07:57:24+00:00","og_image":[{"width":1800,"height":1350,"url":"https:\/\/james-mac.com\/wp-content\/uploads\/2021\/04\/Moschee-Shutterstock-1348774955-4x3-1.jpg","type":"image\/jpeg"}],"author":"Sir Mac","twitter_card":"summary_large_image","twitter_creator":"@James_Mac_HRG","twitter_site":"@James_Mac_HRG","twitter_misc":{"Written by":"Sir Mac","Estimated reading time":"1 minute"},"schema":{"@context":"https:\/\/schema.org","@graph":[{"@type":"Article","@id":"https:\/\/james-mac.com\/en\/morgen-beginnt-der-fastenmonat-ramadan\/#article","isPartOf":{"@id":"https:\/\/james-mac.com\/en\/morgen-beginnt-der-fastenmonat-ramadan\/"},"author":{"name":"Sir Mac","@id":"https:\/\/james-mac.com\/#\/schema\/person\/65290b8d2396543178d184f45630a40f"},"headline":"Morgen beginnt der Fastenmonat Ramadan","datePublished":"2021-04-12T07:35:35+00:00","dateModified":"2021-04-12T07:57:24+00:00","mainEntityOfPage":{"@id":"https:\/\/james-mac.com\/en\/morgen-beginnt-der-fastenmonat-ramadan\/"},"wordCount":188,"commentCount":0,"publisher":{"@id":"https:\/\/james-mac.com\/#organization"},"image":{"@id":"https:\/\/james-mac.com\/en\/morgen-beginnt-der-fastenmonat-ramadan\/#primaryimage"},"thumbnailUrl":"https:\/\/james-mac.com\/wp-content\/uploads\/2021\/04\/Moschee-Shutterstock-1348774955-4x3-1.jpg","keywords":["Fastenmonat","Ramadan","Religion"],"articleSection":["Blog Rotes Meer"],"inLanguage":"en-GB","potentialAction":[{"@type":"CommentAction","name":"Comment","target":["https:\/\/james-mac.com\/en\/morgen-beginnt-der-fastenmonat-ramadan\/#respond"]}]},{"@type":"WebPage","@id":"https:\/\/james-mac.com\/en\/morgen-beginnt-der-fastenmonat-ramadan\/","url":"https:\/\/james-mac.com\/en\/morgen-beginnt-der-fastenmonat-ramadan\/","name":"Morgen beginnt der Fastenmonat Ramadan - James &amp; Mac Diving Center","isPartOf":{"@id":"https:\/\/james-mac.com\/#website"},"primaryImageOfPage":{"@id":"https:\/\/james-mac.com\/en\/morgen-beginnt-der-fastenmonat-ramadan\/#primaryimage"},"image":{"@id":"https:\/\/james-mac.com\/en\/morgen-beginnt-der-fastenmonat-ramadan\/#primaryimage"},"thumbnailUrl":"https:\/\/james-mac.com\/wp-content\/uploads\/2021\/04\/Moschee-Shutterstock-1348774955-4x3-1.jpg","datePublished":"2021-04-12T07:35:35+00:00","dateModified":"2021-04-12T07:57:24+00:00","description":"Morgen beginnt der Fastenmonat Ramadan. Hierzu m\u00f6chten wir unseren \u00e4gyptischen Freunden und Kollegen einen gesegneten Ramadan w\u00fcnschen.","breadcrumb":{"@id":"https:\/\/james-mac.com\/en\/morgen-beginnt-der-fastenmonat-ramadan\/#breadcrumb"},"inLanguage":"en-GB","potentialAction":[{"@type":"ReadAction","target":["https:\/\/james-mac.com\/en\/morgen-beginnt-der-fastenmonat-ramadan\/"]}]},{"@type":"ImageObject","inLanguage":"en-GB","@id":"https:\/\/james-mac.com\/en\/morgen-beginnt-der-fastenmonat-ramadan\/#primaryimage","url":"https:\/\/james-mac.com\/wp-content\/uploads\/2021\/04\/Moschee-Shutterstock-1348774955-4x3-1.jpg","contentUrl":"https:\/\/james-mac.com\/wp-content\/uploads\/2021\/04\/Moschee-Shutterstock-1348774955-4x3-1.jpg","width":1800,"height":1350},{"@type":"BreadcrumbList","@id":"https:\/\/james-mac.com\/en\/morgen-beginnt-der-fastenmonat-ramadan\/#breadcrumb","itemListElement":[{"@type":"ListItem","position":1,"name":"Home","item":"https:\/\/james-mac.com\/"},{"@type":"ListItem","position":2,"name":"Blog Rotes Meer","item":"https:\/\/james-mac.com\/en\/category\/blog-rotes-meer\/"},{"@type":"ListItem","position":3,"name":"Morgen beginnt der Fastenmonat Ramadan"}]},{"@type":"WebSite","@id":"https:\/\/james-mac.com\/#website","url":"https:\/\/james-mac.com\/","name":"James &amp; Mac Diving Center","description":"Red sea diving since 1987","publisher":{"@id":"https:\/\/james-mac.com\/#organization"},"potentialAction":[{"@type":"SearchAction","target":{"@type":"EntryPoint","urlTemplate":"https:\/\/james-mac.com\/?s={search_term_string}"},"query-input":{"@type":"PropertyValueSpecification","valueRequired":true,"valueName":"search_term_string"}}],"inLanguage":"en-GB"},{"@type":"Organization","@id":"https:\/\/james-mac.com\/#organization","name":"James &amp; Mac","url":"https:\/\/james-mac.com\/","logo":{"@type":"ImageObject","inLanguage":"en-GB","@id":"https:\/\/james-mac.com\/#\/schema\/logo\/image\/","url":"","contentUrl":"","caption":"James & Mac"},"image":{"@id":"https:\/\/james-mac.com\/#\/schema\/logo\/image\/"},"sameAs":["https:\/\/www.facebook.com\/jamesandmac\/","https:\/\/x.com\/James_Mac_HRG","https:\/\/www.instagram.com\/jamesundmacdiving\/","https:\/\/www.youtube.com\/user\/james1987mac"]},{"@type":"Person","@id":"https:\/\/james-mac.com\/#\/schema\/person\/65290b8d2396543178d184f45630a40f","name":"Sir Mac","image":{"@type":"ImageObject","inLanguage":"en-GB","@id":"https:\/\/secure.gravatar.com\/avatar\/2da57efef350c52d7d9739e3d93278f8fc4415051287b49cdbddef9eb49bc776?s=96&r=g","url":"https:\/\/secure.gravatar.com\/avatar\/2da57efef350c52d7d9739e3d93278f8fc4415051287b49cdbddef9eb49bc776?s=96&r=g","contentUrl":"https:\/\/secure.gravatar.com\/avatar\/2da57efef350c52d7d9739e3d93278f8fc4415051287b49cdbddef9eb49bc776?s=96&r=g","caption":"Sir Mac"},"url":"https:\/\/james-mac.com\/en\/author\/20sirmac20\/"}]}},"_links":{"self":[{"href":"https:\/\/james-mac.com\/en\/wp-json\/wp\/v2\/posts\/18186","targetHints":{"allow":["GET"]}}],"collection":[{"href":"https:\/\/james-mac.com\/en\/wp-json\/wp\/v2\/posts"}],"about":[{"href":"https:\/\/james-mac.com\/en\/wp-json\/wp\/v2\/types\/post"}],"author":[{"embeddable":true,"href":"https:\/\/james-mac.com\/en\/wp-json\/wp\/v2\/users\/7"}],"replies":[{"embeddable":true,"href":"https:\/\/james-mac.com\/en\/wp-json\/wp\/v2\/comments?post=18186"}],"version-history":[{"count":15,"href":"https:\/\/james-mac.com\/en\/wp-json\/wp\/v2\/posts\/18186\/revisions"}],"predecessor-version":[{"id":18204,"href":"https:\/\/james-mac.com\/en\/wp-json\/wp\/v2\/posts\/18186\/revisions\/18204"}],"wp:featuredmedia":[{"embeddable":true,"href":"https:\/\/james-mac.com\/en\/wp-json\/wp\/v2\/media\/18185"}],"wp:attachment":[{"href":"https:\/\/james-mac.com\/en\/wp-json\/wp\/v2\/media?parent=18186"}],"wp:term":[{"taxonomy":"category","embeddable":true,"href":"https:\/\/james-mac.com\/en\/wp-json\/wp\/v2\/categories?post=18186"},{"taxonomy":"post_tag","embeddable":true,"href":"https:\/\/james-mac.com\/en\/wp-json\/wp\/v2\/tags?post=18186"}],"curies":[{"name":"wp","href":"https:\/\/api.w.org\/{rel}","templated":true}]}}