{"id":21412,"date":"2021-07-17T08:00:00","date_gmt":"2021-07-17T06:00:00","guid":{"rendered":"https:\/\/james-mac.com\/?p=21412"},"modified":"2021-07-17T08:16:09","modified_gmt":"2021-07-17T06:16:09","slug":"im-rueckblick-die-woche-in-aegypten","status":"publish","type":"post","link":"https:\/\/james-mac.com\/en\/im-rueckblick-die-woche-in-aegypten\/","title":{"rendered":"Im R\u00fcckblick: Die Woche in \u00c4gypten"},"content":{"rendered":"<div data-elementor-type=\"wp-post\" data-elementor-id=\"21412\" class=\"elementor elementor-21412\" data-elementor-post-type=\"post\">\n\t\t\t\t\t\t<section data-particle_enable=\"false\" data-particle-mobile-disabled=\"false\" class=\"elementor-section elementor-top-section elementor-element elementor-element-227703b9 elementor-section-boxed elementor-section-height-default elementor-section-height-default\" data-id=\"227703b9\" data-element_type=\"section\" data-e-type=\"section\">\n\t\t\t\t\t\t<div class=\"elementor-container elementor-column-gap-default\">\n\t\t\t\t\t<div class=\"elementor-column elementor-col-100 elementor-top-column elementor-element elementor-element-f4ad3dd\" data-id=\"f4ad3dd\" data-element_type=\"column\" data-e-type=\"column\">\n\t\t\t<div class=\"elementor-widget-wrap elementor-element-populated\">\n\t\t\t\t\t\t<section data-particle_enable=\"false\" data-particle-mobile-disabled=\"false\" class=\"elementor-section elementor-inner-section elementor-element elementor-element-cc199a4 elementor-section-boxed elementor-section-height-default elementor-section-height-default\" data-id=\"cc199a4\" data-element_type=\"section\" data-e-type=\"section\">\n\t\t\t\t\t\t<div class=\"elementor-container elementor-column-gap-default\">\n\t\t\t\t\t<div class=\"elementor-column elementor-col-100 elementor-inner-column elementor-element elementor-element-fa3966e\" data-id=\"fa3966e\" data-element_type=\"column\" data-e-type=\"column\">\n\t\t\t<div class=\"elementor-widget-wrap elementor-element-populated\">\n\t\t\t\t\r\n\t\t<div class=\"elementor-element elementor-element-2f56543a elementor-post-navigation-borders-yes elementor-widget elementor-widget-post-navigation\" data-id=\"2f56543a\" data-element_type=\"widget\" data-e-type=\"widget\" data-widget_type=\"post-navigation.default\">\n\t\t\t\t<div class=\"elementor-widget-container\">\n\t\t\t\t\t\t\t<div class=\"elementor-post-navigation\" role=\"navigation\" aria-label=\"Post Navigation\">\n\t\t\t<div class=\"elementor-post-navigation__prev elementor-post-navigation__link\">\n\t\t\t\t<a href=\"https:\/\/james-mac.com\/en\/fotowettbewerb-land-und-leute-aegypten\/\" rel=\"prev\"><span class=\"post-navigation__arrow-wrapper post-navigation__arrow-prev\"><i aria-hidden=\"true\" class=\"fas fa-angle-left\"><\/i><span class=\"elementor-screen-only\">Prev<\/span><\/span><span class=\"elementor-post-navigation__link__prev\"><span class=\"post-navigation__prev--label\">Voriger<\/span><span class=\"post-navigation__prev--title\">Fotowettbewerb: Land und Leute \u00c4gypten<\/span><\/span><\/a>\t\t\t<\/div>\n\t\t\t\t\t\t\t<div class=\"elementor-post-navigation__separator-wrapper\">\n\t\t\t\t\t<div class=\"elementor-post-navigation__separator\"><\/div>\n\t\t\t\t<\/div>\n\t\t\t\t\t\t<div class=\"elementor-post-navigation__next elementor-post-navigation__link\">\n\t\t\t\t<a href=\"https:\/\/james-mac.com\/en\/videowettbewerb-schoenstes-unterwasservideo\/\" rel=\"next\"><span class=\"elementor-post-navigation__link__next\"><span class=\"post-navigation__next--label\">N\u00e4chster<\/span><span class=\"post-navigation__next--title\">Videowettbewerb: Sch\u00f6nstes Unterwasservideo<\/span><\/span><span class=\"post-navigation__arrow-wrapper post-navigation__arrow-next\"><i aria-hidden=\"true\" class=\"fas fa-angle-right\"><\/i><span class=\"elementor-screen-only\">Next<\/span><\/span><\/a>\t\t\t<\/div>\n\t\t<\/div>\n\t\t\t\t\t\t<\/div>\n\t\t\t\t<\/div>\n\t\t\t\t<div class=\"elementor-element elementor-element-50289923 elementor-widget elementor-widget-shortcode\" data-id=\"50289923\" data-element_type=\"widget\" data-e-type=\"widget\" data-widget_type=\"shortcode.default\">\n\t\t\t\t<div class=\"elementor-widget-container\">\n\t\t\t\t\t\t\t<div class=\"elementor-shortcode\"><\/div>\n\t\t\t\t\t\t<\/div>\n\t\t\t\t<\/div>\n\t\t\t\t<div class=\"elementor-element elementor-element-657f44db elementor-widget elementor-widget-spacer\" data-id=\"657f44db\" data-element_type=\"widget\" data-e-type=\"widget\" data-widget_type=\"spacer.default\">\n\t\t\t\t<div class=\"elementor-widget-container\">\n\t\t\t\t\t\t\t<div class=\"elementor-spacer\">\n\t\t\t<div class=\"elementor-spacer-inner\"><\/div>\n\t\t<\/div>\n\t\t\t\t\t\t<\/div>\n\t\t\t\t<\/div>\n\t\t\t\t<div class=\"elementor-element elementor-element-1dd68d7e elementor-widget elementor-widget-heading\" data-id=\"1dd68d7e\" data-element_type=\"widget\" data-e-type=\"widget\" data-widget_type=\"heading.default\">\n\t\t\t\t<div class=\"elementor-widget-container\">\n\t\t\t\t\t<h3 class=\"elementor-heading-title elementor-size-default\">Im R\u00fcckblick: Die Woche in \u00c4gypten<\/h3>\t\t\t\t<\/div>\n\t\t\t\t<\/div>\n\t\t\t\t<div class=\"elementor-element elementor-element-51b9a289 elementor-widget elementor-widget-text-editor\" data-id=\"51b9a289\" data-element_type=\"widget\" data-e-type=\"widget\" data-widget_type=\"text-editor.default\">\n\t\t\t\t<div class=\"elementor-widget-container\">\n\t\t\t\t\t\t\t\t\t<p>Auch in dieser Woche waren unsere Tauchlehrer wieder auf dem Roten Meer unterwegs und hatten von ihren <a href=\"https:\/\/james-mac.com\/en\/taegliche-tauchausfahrten\/\" target=\"_blank\" rel=\"noopener\">Diving Trips<\/a> einiges zu berichten. Doch nicht nur bei uns in Hurghada war was los. Auch woanders in \u00c4gypten passierten aufregende Dinge. Rotes Meer. Jetzt im R\u00fcckblick: Die Woche in \u00c4gypten<\/p>\t\t\t\t\t\t\t\t<\/div>\n\t\t\t\t<\/div>\n\t\t\t\t<div class=\"elementor-element elementor-element-4a6f4415 elementor-widget elementor-widget-spacer\" data-id=\"4a6f4415\" data-element_type=\"widget\" data-e-type=\"widget\" data-widget_type=\"spacer.default\">\n\t\t\t\t<div class=\"elementor-widget-container\">\n\t\t\t\t\t\t\t<div class=\"elementor-spacer\">\n\t\t\t<div class=\"elementor-spacer-inner\"><\/div>\n\t\t<\/div>\n\t\t\t\t\t\t<\/div>\n\t\t\t\t<\/div>\n\t\t\t\t<div class=\"elementor-element elementor-element-5ff0f58 elementor-widget elementor-widget-image\" data-id=\"5ff0f58\" data-element_type=\"widget\" data-e-type=\"widget\" data-widget_type=\"image.default\">\n\t\t\t\t<div class=\"elementor-widget-container\">\n\t\t\t\t\t\t\t\t\t\t\t\t\t\t\t<img fetchpriority=\"high\" decoding=\"async\" width=\"640\" height=\"480\" src=\"https:\/\/james-mac.com\/wp-content\/uploads\/2021\/04\/Bahlul-Minisafari-Sonnenuntergang-Meer-Foto-Thorsten-Rieck-1024x768.jpg\" class=\"attachment-large size-large wp-image-17968\" alt=\"Im R\u00fcckblick: Die Woche in \u00c4gypten\" srcset=\"https:\/\/james-mac.com\/wp-content\/uploads\/2021\/04\/Bahlul-Minisafari-Sonnenuntergang-Meer-Foto-Thorsten-Rieck-1024x768.jpg 1024w, https:\/\/james-mac.com\/wp-content\/uploads\/2021\/04\/Bahlul-Minisafari-Sonnenuntergang-Meer-Foto-Thorsten-Rieck-300x225.jpg 300w, https:\/\/james-mac.com\/wp-content\/uploads\/2021\/04\/Bahlul-Minisafari-Sonnenuntergang-Meer-Foto-Thorsten-Rieck-768x576.jpg 768w, https:\/\/james-mac.com\/wp-content\/uploads\/2021\/04\/Bahlul-Minisafari-Sonnenuntergang-Meer-Foto-Thorsten-Rieck-1536x1152.jpg 1536w, https:\/\/james-mac.com\/wp-content\/uploads\/2021\/04\/Bahlul-Minisafari-Sonnenuntergang-Meer-Foto-Thorsten-Rieck-2048x1536.jpg 2048w, https:\/\/james-mac.com\/wp-content\/uploads\/2021\/04\/Bahlul-Minisafari-Sonnenuntergang-Meer-Foto-Thorsten-Rieck-16x12.jpg 16w, https:\/\/james-mac.com\/wp-content\/uploads\/2021\/04\/Bahlul-Minisafari-Sonnenuntergang-Meer-Foto-Thorsten-Rieck-155x116.jpg 155w\" sizes=\"(max-width: 640px) 100vw, 640px\" \/>\t\t\t\t\t\t\t\t\t\t\t\t\t\t\t<\/div>\n\t\t\t\t<\/div>\n\t\t\t\t<div class=\"elementor-element elementor-element-2280868d elementor-widget elementor-widget-spacer\" data-id=\"2280868d\" data-element_type=\"widget\" data-e-type=\"widget\" data-widget_type=\"spacer.default\">\n\t\t\t\t<div class=\"elementor-widget-container\">\n\t\t\t\t\t\t\t<div class=\"elementor-spacer\">\n\t\t\t<div class=\"elementor-spacer-inner\"><\/div>\n\t\t<\/div>\n\t\t\t\t\t\t<\/div>\n\t\t\t\t<\/div>\n\t\t\t\t<div class=\"elementor-element elementor-element-4556563b elementor-widget elementor-widget-heading\" data-id=\"4556563b\" data-element_type=\"widget\" data-e-type=\"widget\" data-widget_type=\"heading.default\">\n\t\t\t\t<div class=\"elementor-widget-container\">\n\t\t\t\t\t<h3 class=\"elementor-heading-title elementor-size-default\">Minisafari rund um Hurghada und Altmetall f\u00fcr alle<\/h3>\t\t\t\t<\/div>\n\t\t\t\t<\/div>\n\t\t\t\t<div class=\"elementor-element elementor-element-5691d305 elementor-widget elementor-widget-text-editor\" data-id=\"5691d305\" data-element_type=\"widget\" data-e-type=\"widget\" data-widget_type=\"text-editor.default\">\n\t\t\t\t<div class=\"elementor-widget-container\">\n\t\t\t\t\t\t\t\t\t<p>Nach den Ausfl\u00fcgen an die Thistlegorm und in den S\u00fcden zum Panorama Reef und nach Abu Kafan ging es in der letzten Woche wieder auf eine <a href=\"https:\/\/james-mac.com\/en\/rundgang-tauchen\/minisafari\/\" target=\"_blank\" rel=\"noopener\">Minisafari<\/a>. Diesmal blieben wir aber in unseren heimischen Gew\u00e4ssern und steuerten Tauchpl\u00e4tze <a href=\"https:\/\/www.james-mac.shop\/minisafari\/2-tagestouren-1-nacht\/230\/zweitagesfahrt-hurghada\" target=\"_blank\" rel=\"noopener\">rund um Hurghada<\/a> an. Erstmal machte sich unsere Bahlul auf in den S\u00fcden von Hurghada, zu den sch\u00f6nen Tauchpl\u00e4tzen rund um Abu Haschisch. Hier wohnt eine etwas verr\u00fcckte Schildkr\u00f6te, die gerne mal die Abstandsregeln ignoriert und dem einen oder anderen Taucher auch schon mal ein Begr\u00fc\u00dfungsk\u00fcsschen gibt.<\/p><p>Noch vor Sonnenuntergang begab sich die Bahlul wieder zur\u00fcck in Richtung kleiner Giftun Insel. Hier sprangen die Tauchg\u00e4ste f\u00fcr einen Nachttauchgang ins Wasser. Sie schliefen anschlie\u00dfend unterm Sternenhimmel und waren am n\u00e4chsten Morgen noch vor Sonnenuntergang bereit f\u00fcr den Early Morning Dive. Dies war der erste von insgesamt 4 Tauchg\u00e4ngen an diesem Tag. Die wundersch\u00f6ne Ausfahrt endete mit einem Tauchgang am hauseigenen Riff des Blue Water Dive Resorts.<\/p><p>Zwei Tage sp\u00e4ter machten wir uns auf in den Norden zum Wrack der\u00a0<a href=\"https:\/\/de.wikipedia.org\/wiki\/Rosalie_Moller\" target=\"_blank\" rel=\"noopener\">Rosalie Moller<\/a>. Hier verbrachten wir einen spannenden Tauchtag. Auch f\u00fcr Taucher, die schon viel gesehen haben, ist die Rosalie immer ein spektakul\u00e4res Ereignis. Dieses Mal war es f\u00fcr zwei unserer G\u00e4ste ganz besonders aufregend. Sie konnten bei der Rosalie den letzten Stempel in ihrem Preise-Pass abholen, der ihnen ein kostenloses 5,5 Tage Tauchpaket bescherte.<\/p><p>Tags darauf war wieder Wracktauchen angesagt. Diesmal war <a href=\"https:\/\/de.wikipedia.org\/wiki\/Abu_Nuhas\" target=\"_blank\" rel=\"noopener\">Abu Nuhas<\/a> das Ziel mit seinen 4 betauchbaren Wracks. Jedes f\u00fcr sich ist ein taucherisches Highlight. Zwei bis drei Wracks werden innerhalb einer Tagestour betaucht. Diesmal hatten sich unsere G\u00e4ste die Chrisoula K und Die Giannis D ausgesucht. Zur Auswahl stehen noch die Carnatic und die Kimon M, auch Linsenfrachter genannt.<\/p><p>Neben diesen Sondertouren gab es auch wieder viel zu sehen auf unseren Tagesfahrten rund um Hurghada. Es war eine wundersch\u00f6ne Tauchwoche im Roten Meer!<\/p>\t\t\t\t\t\t\t\t<\/div>\n\t\t\t\t<\/div>\n\t\t\t\t<div class=\"elementor-element elementor-element-65e50955 elementor-widget elementor-widget-spacer\" data-id=\"65e50955\" data-element_type=\"widget\" data-e-type=\"widget\" data-widget_type=\"spacer.default\">\n\t\t\t\t<div class=\"elementor-widget-container\">\n\t\t\t\t\t\t\t<div class=\"elementor-spacer\">\n\t\t\t<div class=\"elementor-spacer-inner\"><\/div>\n\t\t<\/div>\n\t\t\t\t\t\t<\/div>\n\t\t\t\t<\/div>\n\t\t\t\t<div class=\"elementor-element elementor-element-93c2fcc elementor-widget elementor-widget-image\" data-id=\"93c2fcc\" data-element_type=\"widget\" data-e-type=\"widget\" data-widget_type=\"image.default\">\n\t\t\t\t<div class=\"elementor-widget-container\">\n\t\t\t\t\t\t\t\t\t\t\t\t\t\t\t<img decoding=\"async\" width=\"640\" height=\"480\" src=\"https:\/\/james-mac.com\/wp-content\/uploads\/2021\/07\/Erste-Ausfahrt-Jetty-Boote-Abfahrt-Foto-James-4x3-1-1024x768.jpg\" class=\"attachment-large size-large wp-image-21287\" alt=\"Unsere hochsommerliche Wochenrundschau\" srcset=\"https:\/\/james-mac.com\/wp-content\/uploads\/2021\/07\/Erste-Ausfahrt-Jetty-Boote-Abfahrt-Foto-James-4x3-1-1024x768.jpg 1024w, https:\/\/james-mac.com\/wp-content\/uploads\/2021\/07\/Erste-Ausfahrt-Jetty-Boote-Abfahrt-Foto-James-4x3-1-300x225.jpg 300w, https:\/\/james-mac.com\/wp-content\/uploads\/2021\/07\/Erste-Ausfahrt-Jetty-Boote-Abfahrt-Foto-James-4x3-1-768x576.jpg 768w, https:\/\/james-mac.com\/wp-content\/uploads\/2021\/07\/Erste-Ausfahrt-Jetty-Boote-Abfahrt-Foto-James-4x3-1-1536x1152.jpg 1536w, https:\/\/james-mac.com\/wp-content\/uploads\/2021\/07\/Erste-Ausfahrt-Jetty-Boote-Abfahrt-Foto-James-4x3-1-16x12.jpg 16w, https:\/\/james-mac.com\/wp-content\/uploads\/2021\/07\/Erste-Ausfahrt-Jetty-Boote-Abfahrt-Foto-James-4x3-1-155x116.jpg 155w, https:\/\/james-mac.com\/wp-content\/uploads\/2021\/07\/Erste-Ausfahrt-Jetty-Boote-Abfahrt-Foto-James-4x3-1.jpg 1800w\" sizes=\"(max-width: 640px) 100vw, 640px\" \/>\t\t\t\t\t\t\t\t\t\t\t\t\t\t\t<\/div>\n\t\t\t\t<\/div>\n\t\t\t\t<div class=\"elementor-element elementor-element-1789ab1 elementor-widget elementor-widget-spacer\" data-id=\"1789ab1\" data-element_type=\"widget\" data-e-type=\"widget\" data-widget_type=\"spacer.default\">\n\t\t\t\t<div class=\"elementor-widget-container\">\n\t\t\t\t\t\t\t<div class=\"elementor-spacer\">\n\t\t\t<div class=\"elementor-spacer-inner\"><\/div>\n\t\t<\/div>\n\t\t\t\t\t\t<\/div>\n\t\t\t\t<\/div>\n\t\t\t\t<div class=\"elementor-element elementor-element-24582ea8 elementor-widget elementor-widget-heading\" data-id=\"24582ea8\" data-element_type=\"widget\" data-e-type=\"widget\" data-widget_type=\"heading.default\">\n\t\t\t\t<div class=\"elementor-widget-container\">\n\t\t\t\t\t<h3 class=\"elementor-heading-title elementor-size-default\">James &amp; Mac ist wieder zuhause<\/h3>\t\t\t\t<\/div>\n\t\t\t\t<\/div>\n\t\t\t\t<div class=\"elementor-element elementor-element-2a7b21f elementor-widget elementor-widget-text-editor\" data-id=\"2a7b21f\" data-element_type=\"widget\" data-e-type=\"widget\" data-widget_type=\"text-editor.default\">\n\t\t\t\t<div class=\"elementor-widget-container\">\n\t\t\t\t\t\t\t\t\t<p>Am Montag Morgen war es endlich soweit. James &amp; Mac kehrte in die eigene Tauchbasis zur\u00fcck! Wir hatten ja schon\u00a0<a href=\"https:\/\/james-mac.com\/en\/giftun-countdown-fuer-wiedereroeffnung-laeuft\/\" target=\"_blank\" rel=\"noopener\">davon berichtet<\/a>, dass das Giftun Azur Resort, dem wir als\u00a0 Tauchbasis angeschlossen sind, am 01.07.2021 seine Tore wieder f\u00fcr Hotelg\u00e4ste \u00f6ffnete. Gleichzeitig \u00f6ffneten wir ab diesem Zeitpunkt auch am Nachmittag unser Tauchbasis B\u00fcro. Unser Tauchbetrieb fand aber noch vom Blue Water Dive Resort aus statt.<\/p><p>Nach und nach organisierten wir dann den Umzug in unsere heimischen R\u00e4ume, zur\u00fcck ins Giftun vom BWDR, wie wir es gerne nennen, im Arabella Hotel. Das BWDR ist unsere Schwestertauchbasis, die uns in den letzten Monaten beherbergt hatte. Das Giftun Hotel hatte wegen des Corona bedingten Buchungsr\u00fcckganges vor\u00fcbergehend seine Pforten geschlossen und so sind auch wir vor\u00fcbergehend ausgezogen.<\/p><p>Was war das f\u00fcr ein sch\u00f6ner Anblick, als sich morgens wieder die ersten Taucher auf unserer Tauchbasis versammelten! Wie gewohnt, verlie\u00dfen dann auch sp\u00e4ter die ersten Boote unsere Jetty. Es ist ein unbeschreibliches Gef\u00fchl wieder zu Hause zu sein! Was unsere Tauchg\u00e4ste und Tauchguides am ersten Tag vom Giftun aus auf dem Roten Meer erlebten, k\u00f6nnt ihr wie immer in unseren <a href=\"https:\/\/james-mac.com\/en\/taegliche-tauchausfahrten\/\" target=\"_blank\" rel=\"noopener\">t\u00e4glichen Tauchausfahrten<\/a> nachlesen.\u00a0<\/p><p>Somit haben nun unsere beiden Tauchbasen wieder ge\u00f6ffnet, was nach all den Monaten wirklich ein fantastisches Gef\u00fchl ist. Wir freuen uns schon sehr auf alle, die in den n\u00e4chsten Monaten einen Besuch bei uns geplant haben!<\/p>\t\t\t\t\t\t\t\t<\/div>\n\t\t\t\t<\/div>\n\t\t\t\t<div class=\"elementor-element elementor-element-2a7e7ad elementor-widget elementor-widget-spacer\" data-id=\"2a7e7ad\" data-element_type=\"widget\" data-e-type=\"widget\" data-widget_type=\"spacer.default\">\n\t\t\t\t<div class=\"elementor-widget-container\">\n\t\t\t\t\t\t\t<div class=\"elementor-spacer\">\n\t\t\t<div class=\"elementor-spacer-inner\"><\/div>\n\t\t<\/div>\n\t\t\t\t\t\t<\/div>\n\t\t\t\t<\/div>\n\t\t\t\t<div class=\"elementor-element elementor-element-620f890 elementor-widget elementor-widget-image\" data-id=\"620f890\" data-element_type=\"widget\" data-e-type=\"widget\" data-widget_type=\"image.default\">\n\t\t\t\t<div class=\"elementor-widget-container\">\n\t\t\t\t\t\t\t\t\t\t\t\t\t\t\t<img decoding=\"async\" width=\"640\" height=\"479\" src=\"https:\/\/james-mac.com\/wp-content\/uploads\/2021\/07\/IDC-BWDR-Juli-21-Foto-Tobi-1024x767.jpg\" class=\"attachment-large size-large wp-image-21415\" alt=\"Im R\u00fcckblick: Die Woche in \u00c4gypten\" srcset=\"https:\/\/james-mac.com\/wp-content\/uploads\/2021\/07\/IDC-BWDR-Juli-21-Foto-Tobi-1024x767.jpg 1024w, https:\/\/james-mac.com\/wp-content\/uploads\/2021\/07\/IDC-BWDR-Juli-21-Foto-Tobi-300x225.jpg 300w, https:\/\/james-mac.com\/wp-content\/uploads\/2021\/07\/IDC-BWDR-Juli-21-Foto-Tobi-768x575.jpg 768w, https:\/\/james-mac.com\/wp-content\/uploads\/2021\/07\/IDC-BWDR-Juli-21-Foto-Tobi-16x12.jpg 16w, https:\/\/james-mac.com\/wp-content\/uploads\/2021\/07\/IDC-BWDR-Juli-21-Foto-Tobi-155x116.jpg 155w, https:\/\/james-mac.com\/wp-content\/uploads\/2021\/07\/IDC-BWDR-Juli-21-Foto-Tobi.jpg 1172w\" sizes=\"(max-width: 640px) 100vw, 640px\" \/>\t\t\t\t\t\t\t\t\t\t\t\t\t\t\t<\/div>\n\t\t\t\t<\/div>\n\t\t\t\t<div class=\"elementor-element elementor-element-58c16ed5 elementor-widget elementor-widget-spacer\" data-id=\"58c16ed5\" data-element_type=\"widget\" data-e-type=\"widget\" data-widget_type=\"spacer.default\">\n\t\t\t\t<div class=\"elementor-widget-container\">\n\t\t\t\t\t\t\t<div class=\"elementor-spacer\">\n\t\t\t<div class=\"elementor-spacer-inner\"><\/div>\n\t\t<\/div>\n\t\t\t\t\t\t<\/div>\n\t\t\t\t<\/div>\n\t\t\t\t<div class=\"elementor-element elementor-element-7d4bfbb elementor-widget elementor-widget-heading\" data-id=\"7d4bfbb\" data-element_type=\"widget\" data-e-type=\"widget\" data-widget_type=\"heading.default\">\n\t\t\t\t<div class=\"elementor-widget-container\">\n\t\t\t\t\t<h3 class=\"elementor-heading-title elementor-size-default\">IDC erfolgreich abgeschlossen\n<\/h3>\t\t\t\t<\/div>\n\t\t\t\t<\/div>\n\t\t\t\t<div class=\"elementor-element elementor-element-14eb5deb elementor-widget elementor-widget-text-editor\" data-id=\"14eb5deb\" data-element_type=\"widget\" data-e-type=\"widget\" data-widget_type=\"text-editor.default\">\n\t\t\t\t<div class=\"elementor-widget-container\">\n\t\t\t\t\t\t\t\t\t<p>Am letzten Sonntag konnten wir wieder eine Gruppe neuer Tauchlehrer in unseren Kreisen begr\u00fc\u00dfen. Diese hatten zuvor den fast zweiw\u00f6chigen IDC (Instructor Development Course) absolviert. Anschlie\u00dfend wurden sie im IE (Instructor Examination) genau gepr\u00fcft. Hier konnten sie zeigen, was sie alles von unserem Course Director Farid gelernt hatten.\u00a0<\/p><p>Dieser lehrte seine Tauchlehrer Kandidaten, wie man sicher und effektiv im beschr\u00e4nkten Freiwasser und im Freiwasser unterrichtet. Dazu kamen theoretische Lehrproben und Vortr\u00e4ge, die sich mit fast allen Aspekten des Tauchsportes besch\u00e4ftigen. Die Sicherheit stand im IDC nat\u00fcrlich im Vordergrund.\u00a0<\/p><p>Das gesamte Team gratuliert Nadine, Sarah, Sandra, Karin und Marcel zum erfolgreichen Abschluss ihrer Tauchlehrer Ausbildung. Wie bei jedem IDC Abschluss folgte die Urkunden \u00dcbergabe sowie der obligatorische Sprung in das Leben als Tauchlehrer.\u00a0<\/p><p>F\u00fcr Sandra war es \u00fcbrigens schon die 2. Pr\u00fcfung auf unserer Basis, da sie auch ihre <a href=\"https:\/\/james-mac.com\/en\/rundgang-tauchen\/ausbildung\/weiterbildung\/\" target=\"_blank\" rel=\"noopener\">Divemaster Ausbildung<\/a> bei uns absolviert hat. Weitere Informationen und Preise zur Tauchlehrer Ausbildung findet ihr <a href=\"https:\/\/james-mac.com\/en\/tauchlehrer-werden\/\">here<\/a>. Der n\u00e4chste IDC startet \u00fcbrigens am 14.09.2021.<\/p>\t\t\t\t\t\t\t\t<\/div>\n\t\t\t\t<\/div>\n\t\t\t\t<div class=\"elementor-element elementor-element-b431e0a elementor-widget elementor-widget-spacer\" data-id=\"b431e0a\" data-element_type=\"widget\" data-e-type=\"widget\" data-widget_type=\"spacer.default\">\n\t\t\t\t<div class=\"elementor-widget-container\">\n\t\t\t\t\t\t\t<div class=\"elementor-spacer\">\n\t\t\t<div class=\"elementor-spacer-inner\"><\/div>\n\t\t<\/div>\n\t\t\t\t\t\t<\/div>\n\t\t\t\t<\/div>\n\t\t\t\t<div class=\"elementor-element elementor-element-1ef8f561 elementor-widget elementor-widget-image\" data-id=\"1ef8f561\" data-element_type=\"widget\" data-e-type=\"widget\" data-widget_type=\"image.default\">\n\t\t\t\t<div class=\"elementor-widget-container\">\n\t\t\t\t\t\t\t\t\t\t\t\t\t\t\t<img loading=\"lazy\" decoding=\"async\" width=\"640\" height=\"480\" src=\"https:\/\/james-mac.com\/wp-content\/uploads\/2021\/07\/Iggy-Pop-Tutanchamun-4x3-1-1024x768.jpg\" class=\"attachment-large size-large wp-image-21401\" alt=\"Iggy Pop\" srcset=\"https:\/\/james-mac.com\/wp-content\/uploads\/2021\/07\/Iggy-Pop-Tutanchamun-4x3-1-1024x768.jpg 1024w, https:\/\/james-mac.com\/wp-content\/uploads\/2021\/07\/Iggy-Pop-Tutanchamun-4x3-1-300x225.jpg 300w, https:\/\/james-mac.com\/wp-content\/uploads\/2021\/07\/Iggy-Pop-Tutanchamun-4x3-1-768x576.jpg 768w, https:\/\/james-mac.com\/wp-content\/uploads\/2021\/07\/Iggy-Pop-Tutanchamun-4x3-1-1536x1152.jpg 1536w, https:\/\/james-mac.com\/wp-content\/uploads\/2021\/07\/Iggy-Pop-Tutanchamun-4x3-1-2048x1536.jpg 2048w, https:\/\/james-mac.com\/wp-content\/uploads\/2021\/07\/Iggy-Pop-Tutanchamun-4x3-1-16x12.jpg 16w, https:\/\/james-mac.com\/wp-content\/uploads\/2021\/07\/Iggy-Pop-Tutanchamun-4x3-1-155x116.jpg 155w\" sizes=\"(max-width: 640px) 100vw, 640px\" \/>\t\t\t\t\t\t\t\t\t\t\t\t\t\t\t<\/div>\n\t\t\t\t<\/div>\n\t\t\t\t<div class=\"elementor-element elementor-element-13ceb87c elementor-widget elementor-widget-spacer\" data-id=\"13ceb87c\" data-element_type=\"widget\" data-e-type=\"widget\" data-widget_type=\"spacer.default\">\n\t\t\t\t<div class=\"elementor-widget-container\">\n\t\t\t\t\t\t\t<div class=\"elementor-spacer\">\n\t\t\t<div class=\"elementor-spacer-inner\"><\/div>\n\t\t<\/div>\n\t\t\t\t\t\t<\/div>\n\t\t\t\t<\/div>\n\t\t\t\t<div class=\"elementor-element elementor-element-389c9a69 elementor-widget elementor-widget-heading\" data-id=\"389c9a69\" data-element_type=\"widget\" data-e-type=\"widget\" data-widget_type=\"heading.default\">\n\t\t\t\t<div class=\"elementor-widget-container\">\n\t\t\t\t\t<h3 class=\"elementor-heading-title elementor-size-default\">Punk Rock Legende Iggy Pop \u00fcbernimmt Stimme in Tutanchamun Doku<\/h3>\t\t\t\t<\/div>\n\t\t\t\t<\/div>\n\t\t\t\t<div class=\"elementor-element elementor-element-655c917 elementor-widget elementor-widget-text-editor\" data-id=\"655c917\" data-element_type=\"widget\" data-e-type=\"widget\" data-widget_type=\"text-editor.default\">\n\t\t\t\t<div class=\"elementor-widget-container\">\n\t\t\t\t\t\t\t\t\t<p>1922 wurde im Tal der K\u00f6nige eines der pr\u00e4chtigsten Gr\u00e4ber der Geschichte entdeckt, das Grab von Pharao Tutanchamun. Im kommenden Jahr 2022, also genau 100 Jahre sp\u00e4ter, wird von zwei Italienern eine <a href=\"https:\/\/www.nexodigitalcinema.com\/behind-the-mask-of-tutankhamun-a-living-exhibtion\/\" target=\"_blank\" rel=\"noopener\">Dokumentation<\/a> ver\u00f6ffentlicht, die von der Entdeckung des Grabes und derer Geschichte berichten wird. Zudem soll sie von der Vorbereitung der rekordverd\u00e4chtigen <a href=\"https:\/\/archaeology-travel.com\/exhibitions\/tutankhamun-treasures-of-the-golden-pharaoh\/\" target=\"_blank\" rel=\"noopener\">Ausstellung<\/a> erz\u00e4hlen, die 2019 in Los Angeles er\u00f6ffnet wurde und die bis 2023 Sch\u00e4tze aus dem Grab des Pharaos f\u00fcr Besucher weltweit zug\u00e4nglich machen sollte. Leider wurde diese aber aufgrund der Pandemie unterbrochen.\u00a0<\/p><p><a href=\"https:\/\/variety.com\/2021\/film\/news\/iggy-pop-tutankhamun-1235015880\/\" target=\"_blank\" rel=\"noopener\">Die Dokumentation<\/a> wurde in Italien vom renommierten Fotografen f\u00fcr Antiquit\u00e4ten Sandra Vannini und seiner Firma Laboratoriorosso Srl in Zusammenarbeit mit der Firma Nexi Digital von Franco di Sarro produziert. Vannini erscheint auch in der Doku und fungiert als Produzent und Kameramann. F\u00fcr die italienische Fassung konnten sie Musiker Manuel Agnelli gewinnen.\u00a0<\/p><p>Um der internationalen Version der Dokumentation etwas Besonderes und einen gewissen Reiz zu verleihen, dachten die Produzenten an keinen Schauspieler, sondern an einen besonderen Musiker. Sie fragten <a href=\"https:\/\/www.abendzeitung-muenchen.de\/kultur\/musik\/iggy-pop-der-godfather-of-punk-feiert-seinen-70-geburtstag-art-394453\">Iggy Pop<\/a> und er sagte sofort ja. F\u00fcr ihn ist es zwei Jahre nach Ver\u00f6ffentlichung seines 18. Studioalbums sicherlich eine ganz neue Art, im Studio zu arbeiten. Er war aber, nachdem er die Geschichte die er erz\u00e4hlen sollte das erste Mal las, sofort davon angetan, mit dem Produzententeam zusammenzuarbeiten.\u00a0<\/p><p>Die Dokumentation \u201eTutankhamun: The Last Exhibition\u201d wird das letzte Projekt sein, bevor alle 150 Artefakte der Tournee im neuen \u00e4gyptischen Museum in Kairo ihre finale Ruhest\u00e4dte finden und nie mehr das Land verlassen werden.\u00a0<\/p>\t\t\t\t\t\t\t\t<\/div>\n\t\t\t\t<\/div>\n\t\t\t\t<div class=\"elementor-element elementor-element-d43694b elementor-widget elementor-widget-spacer\" data-id=\"d43694b\" data-element_type=\"widget\" data-e-type=\"widget\" data-widget_type=\"spacer.default\">\n\t\t\t\t<div class=\"elementor-widget-container\">\n\t\t\t\t\t\t\t<div class=\"elementor-spacer\">\n\t\t\t<div class=\"elementor-spacer-inner\"><\/div>\n\t\t<\/div>\n\t\t\t\t\t\t<\/div>\n\t\t\t\t<\/div>\n\t\t\t\t<div class=\"elementor-element elementor-element-b337408 elementor-widget elementor-widget-heading\" data-id=\"b337408\" data-element_type=\"widget\" data-e-type=\"widget\" data-widget_type=\"heading.default\">\n\t\t\t\t<div class=\"elementor-widget-container\">\n\t\t\t\t\t<h3 class=\"elementor-heading-title elementor-size-default\">Im R\u00fcckblick: Die Woche in \u00c4gypten<\/h3>\t\t\t\t<\/div>\n\t\t\t\t<\/div>\n\t\t\t\t<div class=\"elementor-element elementor-element-69fa36c3 elementor-widget elementor-widget-text-editor\" data-id=\"69fa36c3\" data-element_type=\"widget\" data-e-type=\"widget\" data-widget_type=\"text-editor.default\">\n\t\t\t\t<div class=\"elementor-widget-container\">\n\t\t\t\t\t\t\t\t\t<p>Im R\u00fcckblick: Die Woche in \u00c4gypten. N\u00e4chste Woche gibt es wieder aktuelle News vom Roten Meer <a href=\"https:\/\/james-mac.com\/en\/news-3\/\" target=\"_blank\" rel=\"noopener\">zu berichten<\/a>, wir halten euch auf dem Laufenden!<\/p>\t\t\t\t\t\t\t\t<\/div>\n\t\t\t\t<\/div>\n\t\t\t\t<div class=\"elementor-element elementor-element-4151c811 elementor-widget elementor-widget-text-editor\" data-id=\"4151c811\" data-element_type=\"widget\" data-e-type=\"widget\" data-widget_type=\"text-editor.default\">\n\t\t\t\t<div class=\"elementor-widget-container\">\n\t\t\t\t\t\t\t\t\tIm R\u00fcckblick: Die Woche in \u00c4gypten. Rotes Meer, Hurghada, Deutsche Tauchschule, James &amp; Mac Diving Center \u2013 Fotonachweise: James &amp; Mac, Thorsten Rieck, Cristiana Franzini on Pixabay\t\t\t\t\t\t\t\t<\/div>\n\t\t\t\t<\/div>\n\t\t\t\t\t<\/div>\n\t\t<\/div>\n\t\t\t\t\t<\/div>\n\t\t<\/section>\n\t\t\t\t\t<\/div>\n\t\t<\/div>\n\t\t\t\t\t<\/div>\n\t\t<\/section>\n\t\t\t\t<\/div>","protected":false},"excerpt":{"rendered":"<p>Im R\u00fcckblick: Die Woche in \u00c4gypten Auch in dieser Woche waren unsere Tauchlehrer wieder auf dem Roten Meer unterwegs und hatten von ihren Tauchausfahrten einiges zu berichten. Doch nicht nur bei uns in Hurghada war was los. Auch woanders in \u00c4gypten passierten aufregende Dinge. Rotes Meer. Jetzt im R\u00fcckblick: Die Woche in \u00c4gypten Minisafari rund um Hurghada und Altmetall f\u00fcr alle Nach den Ausfl\u00fcgen an die Thistlegorm und in den S\u00fcden zum Panorama Reef und nach Abu Kafan ging es&hellip;<\/p>","protected":false},"author":4,"featured_media":21400,"comment_status":"open","ping_status":"open","sticky":false,"template":"","format":"standard","meta":{"footnotes":""},"categories":[1],"tags":[515,136,170,135,413,355],"class_list":["post-21412","post","type-post","status-publish","format-standard","has-post-thumbnail","hentry","category-blog-rotes-meer","tag-515","tag-aegypten","tag-hurghada","tag-rotes-meer","tag-rueckblick","tag-wochenrueckblick","post-has-thumbnail"],"yoast_head":"<!-- This site is optimized with the Yoast SEO plugin v27.5 - https:\/\/yoast.com\/product\/yoast-seo-wordpress\/ -->\n<title>Im R\u00fcckblick: Die Woche in \u00c4gypten - James &amp; Mac Diving Center<\/title>\n<meta name=\"description\" content=\"Im R\u00fcckblick: Die Woche in \u00c4gypten. Auch diese Woche blicken wir auf einige Dinge zur\u00fcck, die in \u00c4gypten und anderswo passiert sind.\" \/>\n<meta name=\"robots\" content=\"index, follow, max-snippet:-1, max-image-preview:large, max-video-preview:-1\" \/>\n<link rel=\"canonical\" href=\"https:\/\/james-mac.com\/en\/im-rueckblick-die-woche-in-aegypten\/\" \/>\n<meta property=\"og:locale\" content=\"en_GB\" \/>\n<meta property=\"og:type\" content=\"article\" \/>\n<meta property=\"og:title\" content=\"Im R\u00fcckblick: Die Woche in \u00c4gypten - James &amp; Mac Diving Center\" \/>\n<meta property=\"og:description\" content=\"Im R\u00fcckblick: Die Woche in \u00c4gypten. Auch diese Woche blicken wir auf einige Dinge zur\u00fcck, die in \u00c4gypten und anderswo passiert sind.\" \/>\n<meta property=\"og:url\" content=\"https:\/\/james-mac.com\/en\/im-rueckblick-die-woche-in-aegypten\/\" \/>\n<meta property=\"og:site_name\" content=\"James &amp; Mac Diving Center\" \/>\n<meta property=\"article:publisher\" content=\"https:\/\/www.facebook.com\/jamesandmac\/\" \/>\n<meta property=\"article:published_time\" content=\"2021-07-17T06:00:00+00:00\" \/>\n<meta property=\"article:modified_time\" content=\"2021-07-17T06:16:09+00:00\" \/>\n<meta property=\"og:image\" content=\"https:\/\/james-mac.com\/wp-content\/uploads\/2021\/07\/hurghada-4966877_1920-cristiana-franzini-pixabay-4x3-.jpg\" \/>\n\t<meta property=\"og:image:width\" content=\"1388\" \/>\n\t<meta property=\"og:image:height\" content=\"1041\" \/>\n\t<meta property=\"og:image:type\" content=\"image\/jpeg\" \/>\n<meta name=\"author\" content=\"Ameli\" \/>\n<meta name=\"twitter:card\" content=\"summary_large_image\" \/>\n<meta name=\"twitter:creator\" content=\"@James_Mac_HRG\" \/>\n<meta name=\"twitter:site\" content=\"@James_Mac_HRG\" \/>\n<meta name=\"twitter:label1\" content=\"Written by\" \/>\n\t<meta name=\"twitter:data1\" content=\"Ameli\" \/>\n\t<meta name=\"twitter:label2\" content=\"Estimated reading time\" \/>\n\t<meta name=\"twitter:data2\" content=\"6 minutes\" \/>\n<script type=\"application\/ld+json\" class=\"yoast-schema-graph\">{\"@context\":\"https:\\\/\\\/schema.org\",\"@graph\":[{\"@type\":\"Article\",\"@id\":\"https:\\\/\\\/james-mac.com\\\/en\\\/im-rueckblick-die-woche-in-aegypten\\\/#article\",\"isPartOf\":{\"@id\":\"https:\\\/\\\/james-mac.com\\\/en\\\/im-rueckblick-die-woche-in-aegypten\\\/\"},\"author\":{\"name\":\"Ameli\",\"@id\":\"https:\\\/\\\/james-mac.com\\\/#\\\/schema\\\/person\\\/bdad9b5a4498bd11efeed74d2676eee4\"},\"headline\":\"Im R\u00fcckblick: Die Woche in \u00c4gypten\",\"datePublished\":\"2021-07-17T06:00:00+00:00\",\"dateModified\":\"2021-07-17T06:16:09+00:00\",\"mainEntityOfPage\":{\"@id\":\"https:\\\/\\\/james-mac.com\\\/en\\\/im-rueckblick-die-woche-in-aegypten\\\/\"},\"wordCount\":1161,\"commentCount\":1,\"publisher\":{\"@id\":\"https:\\\/\\\/james-mac.com\\\/#organization\"},\"image\":{\"@id\":\"https:\\\/\\\/james-mac.com\\\/en\\\/im-rueckblick-die-woche-in-aegypten\\\/#primaryimage\"},\"thumbnailUrl\":\"https:\\\/\\\/james-mac.com\\\/wp-content\\\/uploads\\\/2021\\\/07\\\/hurghada-4966877_1920-cristiana-franzini-pixabay-4x3-.jpg\",\"keywords\":[\"2021\",\"\u00c4gypten\",\"Hurghada\",\"Rotes Meer\",\"R\u00fcckblick\",\"Wochenr\u00fcckblick\"],\"articleSection\":[\"Blog Rotes Meer\"],\"inLanguage\":\"en-GB\",\"potentialAction\":[{\"@type\":\"CommentAction\",\"name\":\"Comment\",\"target\":[\"https:\\\/\\\/james-mac.com\\\/en\\\/im-rueckblick-die-woche-in-aegypten\\\/#respond\"]}]},{\"@type\":\"WebPage\",\"@id\":\"https:\\\/\\\/james-mac.com\\\/en\\\/im-rueckblick-die-woche-in-aegypten\\\/\",\"url\":\"https:\\\/\\\/james-mac.com\\\/en\\\/im-rueckblick-die-woche-in-aegypten\\\/\",\"name\":\"Im R\u00fcckblick: Die Woche in \u00c4gypten - James &amp; Mac Diving Center\",\"isPartOf\":{\"@id\":\"https:\\\/\\\/james-mac.com\\\/#website\"},\"primaryImageOfPage\":{\"@id\":\"https:\\\/\\\/james-mac.com\\\/en\\\/im-rueckblick-die-woche-in-aegypten\\\/#primaryimage\"},\"image\":{\"@id\":\"https:\\\/\\\/james-mac.com\\\/en\\\/im-rueckblick-die-woche-in-aegypten\\\/#primaryimage\"},\"thumbnailUrl\":\"https:\\\/\\\/james-mac.com\\\/wp-content\\\/uploads\\\/2021\\\/07\\\/hurghada-4966877_1920-cristiana-franzini-pixabay-4x3-.jpg\",\"datePublished\":\"2021-07-17T06:00:00+00:00\",\"dateModified\":\"2021-07-17T06:16:09+00:00\",\"description\":\"Im R\u00fcckblick: Die Woche in \u00c4gypten. Auch diese Woche blicken wir auf einige Dinge zur\u00fcck, die in \u00c4gypten und anderswo passiert sind.\",\"breadcrumb\":{\"@id\":\"https:\\\/\\\/james-mac.com\\\/en\\\/im-rueckblick-die-woche-in-aegypten\\\/#breadcrumb\"},\"inLanguage\":\"en-GB\",\"potentialAction\":[{\"@type\":\"ReadAction\",\"target\":[\"https:\\\/\\\/james-mac.com\\\/en\\\/im-rueckblick-die-woche-in-aegypten\\\/\"]}]},{\"@type\":\"ImageObject\",\"inLanguage\":\"en-GB\",\"@id\":\"https:\\\/\\\/james-mac.com\\\/en\\\/im-rueckblick-die-woche-in-aegypten\\\/#primaryimage\",\"url\":\"https:\\\/\\\/james-mac.com\\\/wp-content\\\/uploads\\\/2021\\\/07\\\/hurghada-4966877_1920-cristiana-franzini-pixabay-4x3-.jpg\",\"contentUrl\":\"https:\\\/\\\/james-mac.com\\\/wp-content\\\/uploads\\\/2021\\\/07\\\/hurghada-4966877_1920-cristiana-franzini-pixabay-4x3-.jpg\",\"width\":1388,\"height\":1041,\"caption\":\"Giftun Island\"},{\"@type\":\"BreadcrumbList\",\"@id\":\"https:\\\/\\\/james-mac.com\\\/en\\\/im-rueckblick-die-woche-in-aegypten\\\/#breadcrumb\",\"itemListElement\":[{\"@type\":\"ListItem\",\"position\":1,\"name\":\"Home\",\"item\":\"https:\\\/\\\/james-mac.com\\\/\"},{\"@type\":\"ListItem\",\"position\":2,\"name\":\"Blog Rotes Meer\",\"item\":\"https:\\\/\\\/james-mac.com\\\/en\\\/category\\\/blog-rotes-meer\\\/\"},{\"@type\":\"ListItem\",\"position\":3,\"name\":\"Im R\u00fcckblick: Die Woche in \u00c4gypten\"}]},{\"@type\":\"WebSite\",\"@id\":\"https:\\\/\\\/james-mac.com\\\/#website\",\"url\":\"https:\\\/\\\/james-mac.com\\\/\",\"name\":\"James &amp; Mac Diving Center\",\"description\":\"Red sea diving since 1987\",\"publisher\":{\"@id\":\"https:\\\/\\\/james-mac.com\\\/#organization\"},\"potentialAction\":[{\"@type\":\"SearchAction\",\"target\":{\"@type\":\"EntryPoint\",\"urlTemplate\":\"https:\\\/\\\/james-mac.com\\\/?s={search_term_string}\"},\"query-input\":{\"@type\":\"PropertyValueSpecification\",\"valueRequired\":true,\"valueName\":\"search_term_string\"}}],\"inLanguage\":\"en-GB\"},{\"@type\":\"Organization\",\"@id\":\"https:\\\/\\\/james-mac.com\\\/#organization\",\"name\":\"James & Mac\",\"url\":\"https:\\\/\\\/james-mac.com\\\/\",\"logo\":{\"@type\":\"ImageObject\",\"inLanguage\":\"en-GB\",\"@id\":\"https:\\\/\\\/james-mac.com\\\/#\\\/schema\\\/logo\\\/image\\\/\",\"url\":\"\",\"contentUrl\":\"\",\"caption\":\"James & Mac\"},\"image\":{\"@id\":\"https:\\\/\\\/james-mac.com\\\/#\\\/schema\\\/logo\\\/image\\\/\"},\"sameAs\":[\"https:\\\/\\\/www.facebook.com\\\/jamesandmac\\\/\",\"https:\\\/\\\/x.com\\\/James_Mac_HRG\",\"https:\\\/\\\/www.instagram.com\\\/jamesundmacdiving\\\/\",\"https:\\\/\\\/www.youtube.com\\\/user\\\/james1987mac\"]},{\"@type\":\"Person\",\"@id\":\"https:\\\/\\\/james-mac.com\\\/#\\\/schema\\\/person\\\/bdad9b5a4498bd11efeed74d2676eee4\",\"name\":\"Ameli\",\"image\":{\"@type\":\"ImageObject\",\"inLanguage\":\"en-GB\",\"@id\":\"https:\\\/\\\/secure.gravatar.com\\\/avatar\\\/815b16a62dd9759f01ae110606d38d9d0fe57f307e2639ca16c1d626d7a6762d?s=96&r=g\",\"url\":\"https:\\\/\\\/secure.gravatar.com\\\/avatar\\\/815b16a62dd9759f01ae110606d38d9d0fe57f307e2639ca16c1d626d7a6762d?s=96&r=g\",\"contentUrl\":\"https:\\\/\\\/secure.gravatar.com\\\/avatar\\\/815b16a62dd9759f01ae110606d38d9d0fe57f307e2639ca16c1d626d7a6762d?s=96&r=g\",\"caption\":\"Ameli\"},\"url\":\"https:\\\/\\\/james-mac.com\\\/en\\\/author\\\/ameli\\\/\"}]}<\/script>\n<!-- \/ Yoast SEO plugin. -->","yoast_head_json":{"title":"Im R\u00fcckblick: Die Woche in \u00c4gypten - James &amp; Mac Diving Center","description":"Im R\u00fcckblick: Die Woche in \u00c4gypten. Auch diese Woche blicken wir auf einige Dinge zur\u00fcck, die in \u00c4gypten und anderswo passiert sind.","robots":{"index":"index","follow":"follow","max-snippet":"max-snippet:-1","max-image-preview":"max-image-preview:large","max-video-preview":"max-video-preview:-1"},"canonical":"https:\/\/james-mac.com\/en\/im-rueckblick-die-woche-in-aegypten\/","og_locale":"en_GB","og_type":"article","og_title":"Im R\u00fcckblick: Die Woche in \u00c4gypten - James &amp; Mac Diving Center","og_description":"Im R\u00fcckblick: Die Woche in \u00c4gypten. Auch diese Woche blicken wir auf einige Dinge zur\u00fcck, die in \u00c4gypten und anderswo passiert sind.","og_url":"https:\/\/james-mac.com\/en\/im-rueckblick-die-woche-in-aegypten\/","og_site_name":"James &amp; Mac Diving Center","article_publisher":"https:\/\/www.facebook.com\/jamesandmac\/","article_published_time":"2021-07-17T06:00:00+00:00","article_modified_time":"2021-07-17T06:16:09+00:00","og_image":[{"width":1388,"height":1041,"url":"https:\/\/james-mac.com\/wp-content\/uploads\/2021\/07\/hurghada-4966877_1920-cristiana-franzini-pixabay-4x3-.jpg","type":"image\/jpeg"}],"author":"Ameli","twitter_card":"summary_large_image","twitter_creator":"@James_Mac_HRG","twitter_site":"@James_Mac_HRG","twitter_misc":{"Written by":"Ameli","Estimated reading time":"6 minutes"},"schema":{"@context":"https:\/\/schema.org","@graph":[{"@type":"Article","@id":"https:\/\/james-mac.com\/en\/im-rueckblick-die-woche-in-aegypten\/#article","isPartOf":{"@id":"https:\/\/james-mac.com\/en\/im-rueckblick-die-woche-in-aegypten\/"},"author":{"name":"Ameli","@id":"https:\/\/james-mac.com\/#\/schema\/person\/bdad9b5a4498bd11efeed74d2676eee4"},"headline":"Im R\u00fcckblick: Die Woche in \u00c4gypten","datePublished":"2021-07-17T06:00:00+00:00","dateModified":"2021-07-17T06:16:09+00:00","mainEntityOfPage":{"@id":"https:\/\/james-mac.com\/en\/im-rueckblick-die-woche-in-aegypten\/"},"wordCount":1161,"commentCount":1,"publisher":{"@id":"https:\/\/james-mac.com\/#organization"},"image":{"@id":"https:\/\/james-mac.com\/en\/im-rueckblick-die-woche-in-aegypten\/#primaryimage"},"thumbnailUrl":"https:\/\/james-mac.com\/wp-content\/uploads\/2021\/07\/hurghada-4966877_1920-cristiana-franzini-pixabay-4x3-.jpg","keywords":["2021","\u00c4gypten","Hurghada","Rotes Meer","R\u00fcckblick","Wochenr\u00fcckblick"],"articleSection":["Blog Rotes Meer"],"inLanguage":"en-GB","potentialAction":[{"@type":"CommentAction","name":"Comment","target":["https:\/\/james-mac.com\/en\/im-rueckblick-die-woche-in-aegypten\/#respond"]}]},{"@type":"WebPage","@id":"https:\/\/james-mac.com\/en\/im-rueckblick-die-woche-in-aegypten\/","url":"https:\/\/james-mac.com\/en\/im-rueckblick-die-woche-in-aegypten\/","name":"Im R\u00fcckblick: Die Woche in \u00c4gypten - James &amp; Mac Diving Center","isPartOf":{"@id":"https:\/\/james-mac.com\/#website"},"primaryImageOfPage":{"@id":"https:\/\/james-mac.com\/en\/im-rueckblick-die-woche-in-aegypten\/#primaryimage"},"image":{"@id":"https:\/\/james-mac.com\/en\/im-rueckblick-die-woche-in-aegypten\/#primaryimage"},"thumbnailUrl":"https:\/\/james-mac.com\/wp-content\/uploads\/2021\/07\/hurghada-4966877_1920-cristiana-franzini-pixabay-4x3-.jpg","datePublished":"2021-07-17T06:00:00+00:00","dateModified":"2021-07-17T06:16:09+00:00","description":"Im R\u00fcckblick: Die Woche in \u00c4gypten. Auch diese Woche blicken wir auf einige Dinge zur\u00fcck, die in \u00c4gypten und anderswo passiert sind.","breadcrumb":{"@id":"https:\/\/james-mac.com\/en\/im-rueckblick-die-woche-in-aegypten\/#breadcrumb"},"inLanguage":"en-GB","potentialAction":[{"@type":"ReadAction","target":["https:\/\/james-mac.com\/en\/im-rueckblick-die-woche-in-aegypten\/"]}]},{"@type":"ImageObject","inLanguage":"en-GB","@id":"https:\/\/james-mac.com\/en\/im-rueckblick-die-woche-in-aegypten\/#primaryimage","url":"https:\/\/james-mac.com\/wp-content\/uploads\/2021\/07\/hurghada-4966877_1920-cristiana-franzini-pixabay-4x3-.jpg","contentUrl":"https:\/\/james-mac.com\/wp-content\/uploads\/2021\/07\/hurghada-4966877_1920-cristiana-franzini-pixabay-4x3-.jpg","width":1388,"height":1041,"caption":"Giftun Island"},{"@type":"BreadcrumbList","@id":"https:\/\/james-mac.com\/en\/im-rueckblick-die-woche-in-aegypten\/#breadcrumb","itemListElement":[{"@type":"ListItem","position":1,"name":"Home","item":"https:\/\/james-mac.com\/"},{"@type":"ListItem","position":2,"name":"Blog Rotes Meer","item":"https:\/\/james-mac.com\/en\/category\/blog-rotes-meer\/"},{"@type":"ListItem","position":3,"name":"Im R\u00fcckblick: Die Woche in \u00c4gypten"}]},{"@type":"WebSite","@id":"https:\/\/james-mac.com\/#website","url":"https:\/\/james-mac.com\/","name":"James &amp; Mac Diving Center","description":"Red sea diving since 1987","publisher":{"@id":"https:\/\/james-mac.com\/#organization"},"potentialAction":[{"@type":"SearchAction","target":{"@type":"EntryPoint","urlTemplate":"https:\/\/james-mac.com\/?s={search_term_string}"},"query-input":{"@type":"PropertyValueSpecification","valueRequired":true,"valueName":"search_term_string"}}],"inLanguage":"en-GB"},{"@type":"Organization","@id":"https:\/\/james-mac.com\/#organization","name":"James &amp; Mac","url":"https:\/\/james-mac.com\/","logo":{"@type":"ImageObject","inLanguage":"en-GB","@id":"https:\/\/james-mac.com\/#\/schema\/logo\/image\/","url":"","contentUrl":"","caption":"James & Mac"},"image":{"@id":"https:\/\/james-mac.com\/#\/schema\/logo\/image\/"},"sameAs":["https:\/\/www.facebook.com\/jamesandmac\/","https:\/\/x.com\/James_Mac_HRG","https:\/\/www.instagram.com\/jamesundmacdiving\/","https:\/\/www.youtube.com\/user\/james1987mac"]},{"@type":"Person","@id":"https:\/\/james-mac.com\/#\/schema\/person\/bdad9b5a4498bd11efeed74d2676eee4","name":"Ameli","image":{"@type":"ImageObject","inLanguage":"en-GB","@id":"https:\/\/secure.gravatar.com\/avatar\/815b16a62dd9759f01ae110606d38d9d0fe57f307e2639ca16c1d626d7a6762d?s=96&r=g","url":"https:\/\/secure.gravatar.com\/avatar\/815b16a62dd9759f01ae110606d38d9d0fe57f307e2639ca16c1d626d7a6762d?s=96&r=g","contentUrl":"https:\/\/secure.gravatar.com\/avatar\/815b16a62dd9759f01ae110606d38d9d0fe57f307e2639ca16c1d626d7a6762d?s=96&r=g","caption":"Ameli"},"url":"https:\/\/james-mac.com\/en\/author\/ameli\/"}]}},"_links":{"self":[{"href":"https:\/\/james-mac.com\/en\/wp-json\/wp\/v2\/posts\/21412","targetHints":{"allow":["GET"]}}],"collection":[{"href":"https:\/\/james-mac.com\/en\/wp-json\/wp\/v2\/posts"}],"about":[{"href":"https:\/\/james-mac.com\/en\/wp-json\/wp\/v2\/types\/post"}],"author":[{"embeddable":true,"href":"https:\/\/james-mac.com\/en\/wp-json\/wp\/v2\/users\/4"}],"replies":[{"embeddable":true,"href":"https:\/\/james-mac.com\/en\/wp-json\/wp\/v2\/comments?post=21412"}],"version-history":[{"count":47,"href":"https:\/\/james-mac.com\/en\/wp-json\/wp\/v2\/posts\/21412\/revisions"}],"predecessor-version":[{"id":21469,"href":"https:\/\/james-mac.com\/en\/wp-json\/wp\/v2\/posts\/21412\/revisions\/21469"}],"wp:featuredmedia":[{"embeddable":true,"href":"https:\/\/james-mac.com\/en\/wp-json\/wp\/v2\/media\/21400"}],"wp:attachment":[{"href":"https:\/\/james-mac.com\/en\/wp-json\/wp\/v2\/media?parent=21412"}],"wp:term":[{"taxonomy":"category","embeddable":true,"href":"https:\/\/james-mac.com\/en\/wp-json\/wp\/v2\/categories?post=21412"},{"taxonomy":"post_tag","embeddable":true,"href":"https:\/\/james-mac.com\/en\/wp-json\/wp\/v2\/tags?post=21412"}],"curies":[{"name":"wp","href":"https:\/\/api.w.org\/{rel}","templated":true}]}}