{"id":23599,"date":"2021-10-09T08:00:00","date_gmt":"2021-10-09T06:00:00","guid":{"rendered":"https:\/\/james-mac.com\/?p=23599"},"modified":"2021-10-09T08:28:25","modified_gmt":"2021-10-09T06:28:25","slug":"vom-roten-meer-der-wochenrueckblick","status":"publish","type":"post","link":"https:\/\/james-mac.com\/en\/vom-roten-meer-der-wochenrueckblick\/","title":{"rendered":"Vom Roten Meer: Der Wochenr\u00fcckblick"},"content":{"rendered":"<div data-elementor-type=\"wp-post\" data-elementor-id=\"23599\" class=\"elementor elementor-23599\" data-elementor-post-type=\"post\">\n\t\t\t\t\t\t<section data-particle_enable=\"false\" data-particle-mobile-disabled=\"false\" class=\"elementor-section elementor-top-section elementor-element elementor-element-227703b9 elementor-section-boxed elementor-section-height-default elementor-section-height-default\" data-id=\"227703b9\" data-element_type=\"section\" data-e-type=\"section\">\n\t\t\t\t\t\t<div class=\"elementor-container elementor-column-gap-default\">\n\t\t\t\t\t<div class=\"elementor-column elementor-col-100 elementor-top-column elementor-element elementor-element-f4ad3dd\" data-id=\"f4ad3dd\" data-element_type=\"column\" data-e-type=\"column\">\n\t\t\t<div class=\"elementor-widget-wrap elementor-element-populated\">\n\t\t\t\t\t\t<section data-particle_enable=\"false\" data-particle-mobile-disabled=\"false\" class=\"elementor-section elementor-inner-section elementor-element elementor-element-cc199a4 elementor-section-boxed elementor-section-height-default elementor-section-height-default\" data-id=\"cc199a4\" data-element_type=\"section\" data-e-type=\"section\">\n\t\t\t\t\t\t<div class=\"elementor-container elementor-column-gap-default\">\n\t\t\t\t\t<div class=\"elementor-column elementor-col-100 elementor-inner-column elementor-element elementor-element-fa3966e\" data-id=\"fa3966e\" data-element_type=\"column\" data-e-type=\"column\">\n\t\t\t<div class=\"elementor-widget-wrap elementor-element-populated\">\n\t\t\t\t\r\n\t\t<div class=\"elementor-element elementor-element-2f56543a elementor-post-navigation-borders-yes elementor-widget elementor-widget-post-navigation\" data-id=\"2f56543a\" data-element_type=\"widget\" data-e-type=\"widget\" data-widget_type=\"post-navigation.default\">\n\t\t\t\t<div class=\"elementor-widget-container\">\n\t\t\t\t\t\t\t<div class=\"elementor-post-navigation\" role=\"navigation\" aria-label=\"Post Navigation\">\n\t\t\t<div class=\"elementor-post-navigation__prev elementor-post-navigation__link\">\n\t\t\t\t<a href=\"https:\/\/james-mac.com\/en\/weihnachten-tauchurlaub-in-hurghada\/\" rel=\"prev\"><span class=\"post-navigation__arrow-wrapper post-navigation__arrow-prev\"><i aria-hidden=\"true\" class=\"fas fa-angle-left\"><\/i><span class=\"elementor-screen-only\">Prev<\/span><\/span><span class=\"elementor-post-navigation__link__prev\"><span class=\"post-navigation__prev--label\">Voriger<\/span><span class=\"post-navigation__prev--title\">Weihnachten: Tauchurlaub in Hurghada?<\/span><\/span><\/a>\t\t\t<\/div>\n\t\t\t\t\t\t\t<div class=\"elementor-post-navigation__separator-wrapper\">\n\t\t\t\t\t<div class=\"elementor-post-navigation__separator\"><\/div>\n\t\t\t\t<\/div>\n\t\t\t\t\t\t<div class=\"elementor-post-navigation__next elementor-post-navigation__link\">\n\t\t\t\t<a href=\"https:\/\/james-mac.com\/en\/hurghada-wir-blicken-zurueck-auf-die-woche\/\" rel=\"next\"><span class=\"elementor-post-navigation__link__next\"><span class=\"post-navigation__next--label\">N\u00e4chster<\/span><span class=\"post-navigation__next--title\">Hurghada: Wir blicken zur\u00fcck auf die Woche<\/span><\/span><span class=\"post-navigation__arrow-wrapper post-navigation__arrow-next\"><i aria-hidden=\"true\" class=\"fas fa-angle-right\"><\/i><span class=\"elementor-screen-only\">Next<\/span><\/span><\/a>\t\t\t<\/div>\n\t\t<\/div>\n\t\t\t\t\t\t<\/div>\n\t\t\t\t<\/div>\n\t\t\t\t<div class=\"elementor-element elementor-element-50289923 elementor-widget elementor-widget-shortcode\" data-id=\"50289923\" data-element_type=\"widget\" data-e-type=\"widget\" data-widget_type=\"shortcode.default\">\n\t\t\t\t<div class=\"elementor-widget-container\">\n\t\t\t\t\t\t\t<div class=\"elementor-shortcode\"><\/div>\n\t\t\t\t\t\t<\/div>\n\t\t\t\t<\/div>\n\t\t\t\t<div class=\"elementor-element elementor-element-657f44db elementor-widget elementor-widget-spacer\" data-id=\"657f44db\" data-element_type=\"widget\" data-e-type=\"widget\" data-widget_type=\"spacer.default\">\n\t\t\t\t<div class=\"elementor-widget-container\">\n\t\t\t\t\t\t\t<div class=\"elementor-spacer\">\n\t\t\t<div class=\"elementor-spacer-inner\"><\/div>\n\t\t<\/div>\n\t\t\t\t\t\t<\/div>\n\t\t\t\t<\/div>\n\t\t\t\t<div class=\"elementor-element elementor-element-1dd68d7e elementor-widget elementor-widget-heading\" data-id=\"1dd68d7e\" data-element_type=\"widget\" data-e-type=\"widget\" data-widget_type=\"heading.default\">\n\t\t\t\t<div class=\"elementor-widget-container\">\n\t\t\t\t\t<h3 class=\"elementor-heading-title elementor-size-default\">Vom Roten Meer: Der Wochenr\u00fcckblick<\/h3>\t\t\t\t<\/div>\n\t\t\t\t<\/div>\n\t\t\t\t<div class=\"elementor-element elementor-element-51b9a289 elementor-widget elementor-widget-text-editor\" data-id=\"51b9a289\" data-element_type=\"widget\" data-e-type=\"widget\" data-widget_type=\"text-editor.default\">\n\t\t\t\t<div class=\"elementor-widget-container\">\n\t\t\t\t\t\t\t\t\t<p>Auch in dieser Woche waren unsere Tauchlehrer wieder auf dem Roten Meer unterwegs und hatten von ihren <a href=\"https:\/\/james-mac.com\/en\/taegliche-tauchausfahrten\/\" target=\"_blank\" rel=\"noopener\">Diving Trips<\/a> einiges zu berichten. Doch nicht nur bei uns in Hurghada war was los. Auch woanders in \u00c4gypten passierten aufregende Dinge. Heute wie immer vom Roten Meer: Der Wochenr\u00fcckblick.<\/p>\t\t\t\t\t\t\t\t<\/div>\n\t\t\t\t<\/div>\n\t\t\t\t<div class=\"elementor-element elementor-element-4a6f4415 elementor-widget elementor-widget-spacer\" data-id=\"4a6f4415\" data-element_type=\"widget\" data-e-type=\"widget\" data-widget_type=\"spacer.default\">\n\t\t\t\t<div class=\"elementor-widget-container\">\n\t\t\t\t\t\t\t<div class=\"elementor-spacer\">\n\t\t\t<div class=\"elementor-spacer-inner\"><\/div>\n\t\t<\/div>\n\t\t\t\t\t\t<\/div>\n\t\t\t\t<\/div>\n\t\t\t\t<div class=\"elementor-element elementor-element-5ff0f58 elementor-widget elementor-widget-image\" data-id=\"5ff0f58\" data-element_type=\"widget\" data-e-type=\"widget\" data-widget_type=\"image.default\">\n\t\t\t\t<div class=\"elementor-widget-container\">\n\t\t\t\t\t\t\t\t\t\t\t\t\t\t\t<img fetchpriority=\"high\" decoding=\"async\" width=\"640\" height=\"468\" src=\"https:\/\/james-mac.com\/wp-content\/uploads\/2021\/10\/Walhai-Oberflaeche-Foto-Sandra-4x3-1-1024x748.jpg\" class=\"attachment-large size-large wp-image-23611\" alt=\"Vom RotenMeer: Der Wochenr\u00fcckblick\" srcset=\"https:\/\/james-mac.com\/wp-content\/uploads\/2021\/10\/Walhai-Oberflaeche-Foto-Sandra-4x3-1-1024x748.jpg 1024w, https:\/\/james-mac.com\/wp-content\/uploads\/2021\/10\/Walhai-Oberflaeche-Foto-Sandra-4x3-1-300x219.jpg 300w, https:\/\/james-mac.com\/wp-content\/uploads\/2021\/10\/Walhai-Oberflaeche-Foto-Sandra-4x3-1-768x561.jpg 768w, https:\/\/james-mac.com\/wp-content\/uploads\/2021\/10\/Walhai-Oberflaeche-Foto-Sandra-4x3-1-1536x1122.jpg 1536w, https:\/\/james-mac.com\/wp-content\/uploads\/2021\/10\/Walhai-Oberflaeche-Foto-Sandra-4x3-1-2048x1497.jpg 2048w, https:\/\/james-mac.com\/wp-content\/uploads\/2021\/10\/Walhai-Oberflaeche-Foto-Sandra-4x3-1-16x12.jpg 16w, https:\/\/james-mac.com\/wp-content\/uploads\/2021\/10\/Walhai-Oberflaeche-Foto-Sandra-4x3-1-159x116.jpg 159w\" sizes=\"(max-width: 640px) 100vw, 640px\" \/>\t\t\t\t\t\t\t\t\t\t\t\t\t\t\t<\/div>\n\t\t\t\t<\/div>\n\t\t\t\t<div class=\"elementor-element elementor-element-2280868d elementor-widget elementor-widget-spacer\" data-id=\"2280868d\" data-element_type=\"widget\" data-e-type=\"widget\" data-widget_type=\"spacer.default\">\n\t\t\t\t<div class=\"elementor-widget-container\">\n\t\t\t\t\t\t\t<div class=\"elementor-spacer\">\n\t\t\t<div class=\"elementor-spacer-inner\"><\/div>\n\t\t<\/div>\n\t\t\t\t\t\t<\/div>\n\t\t\t\t<\/div>\n\t\t\t\t<div class=\"elementor-element elementor-element-4556563b elementor-widget elementor-widget-heading\" data-id=\"4556563b\" data-element_type=\"widget\" data-e-type=\"widget\" data-widget_type=\"heading.default\">\n\t\t\t\t<div class=\"elementor-widget-container\">\n\t\t\t\t\t<h3 class=\"elementor-heading-title elementor-size-default\">Schnorcheln mit einem kleinen Walhai, Thistlegorm und Panorama Reef<\/h3>\t\t\t\t<\/div>\n\t\t\t\t<\/div>\n\t\t\t\t<div class=\"elementor-element elementor-element-5691d305 elementor-widget elementor-widget-text-editor\" data-id=\"5691d305\" data-element_type=\"widget\" data-e-type=\"widget\" data-widget_type=\"text-editor.default\">\n\t\t\t\t<div class=\"elementor-widget-container\">\n\t\t\t\t\t\t\t\t\t<p>Letzte Woche war eine Tauchwoche mit allem drum und dran! Nachdem es anfangs noch sehr windig war, fuhren wir erstmal nicht in den Norden, sondern blieben zwischen den Giftun Inseln oder tauchten drum herum. Auch Abu Ramada stand auf dem Programm und auch das gab einiges her! Bei Fanadir sind wir auf die Suche nach dem Verborgenen gegangen und wurden auch in Form zweier Harlekin Geisterpfeifenfische und eines Anglerfisches f\u00fcndig. Die Preise-P\u00e4sse unserer eifrigen Sammler freuten sich und wurden zusehends voller.<\/p><p>Ein ganzes Boot mit <a href=\"https:\/\/james-mac.com\/en\/fleissige-taucher-und-viel-zu-entdecken\/\" target=\"_blank\" rel=\"noopener\">flei\u00dfigen Tauchern<\/a> r\u00fcckte am Montag aus, um an der Magawish Insel Plastik-Unrat und andere Dinge einzusammeln, die im Meer nichts zu suchen haben. Sie brachten wieder eine ganze Plattform mit gef\u00fcllten S\u00e4cken nach Hause und durften sehr stolz auf sich sein.\u00a0<\/p><p>Am Mittwoch hie\u00df es dann &#8222;<a href=\"https:\/\/james-mac.com\/en\/die-balena-war-erst-der-anfang\/\" target=\"_blank\" rel=\"noopener\">Die Balena war erst der Anfang<\/a>&#8222;. Um genau zu sein, der Anfang eines spektakul\u00e4ren Tauchtages. Auf dem Weg nach Stone Beach ert\u00f6nten auf der Abu Galambo pl\u00f6tzlich laute Aufschreie &#8211; &#8222;Waaalhai, Waaalhai&#8220; &#8211; der Schlachtruf, dem alle folgten und sich sofort bereit f\u00fcr schnellen Wasserkontakt machten. 15 Minuten lang schnorchelten unsere G\u00e4ste mit dem friedlichen Riesen und waren mega happy. Da war die Schildkr\u00f6te in Stone Beach bei bester Sicht nur eine sch\u00f6ne Zugabe. Unser anderes Boot hatte nicht so viel Gl\u00fcck und verpasste den Walhai knapp. Daf\u00fcr bekamen sie als Ausgleich einen seltenen Gitarrenrochen zu sehen.<\/p><p>Gleich am n\u00e4chsten Tag hatte der Wind ein Einsehen und machte eine <a href=\"https:\/\/www.james-mac.shop\/minisafari\/xxl-tagestouren\/202\/wracktour-thistlegorm\" target=\"_blank\" rel=\"noopener\">XXL-Tagestour zur Thistlegorm<\/a> m\u00f6glich. Wie immer erkundeten unsere Taucher das wundervolle Wrack ausgiebig und waren begeistert. Der letzte gro\u00dfe Ausflug f\u00fcr diese Woche startete heute morgen. Bei Sonnenaufgang brach unsere Bahlul mit den Tauchg\u00e4sten auf in den S\u00fcden. Das Panorama Reef ist das Ziel und wir sind schon gespannt, was es davon zu berichten gibt!<\/p>\t\t\t\t\t\t\t\t<\/div>\n\t\t\t\t<\/div>\n\t\t\t\t<div class=\"elementor-element elementor-element-65e50955 elementor-widget elementor-widget-spacer\" data-id=\"65e50955\" data-element_type=\"widget\" data-e-type=\"widget\" data-widget_type=\"spacer.default\">\n\t\t\t\t<div class=\"elementor-widget-container\">\n\t\t\t\t\t\t\t<div class=\"elementor-spacer\">\n\t\t\t<div class=\"elementor-spacer-inner\"><\/div>\n\t\t<\/div>\n\t\t\t\t\t\t<\/div>\n\t\t\t\t<\/div>\n\t\t\t\t<div class=\"elementor-element elementor-element-93c2fcc elementor-widget elementor-widget-image\" data-id=\"93c2fcc\" data-element_type=\"widget\" data-e-type=\"widget\" data-widget_type=\"image.default\">\n\t\t\t\t<div class=\"elementor-widget-container\">\n\t\t\t\t\t\t\t\t\t\t\t\t\t\t\t<img decoding=\"async\" width=\"640\" height=\"480\" src=\"https:\/\/james-mac.com\/wp-content\/uploads\/2021\/10\/Weihnachten-JM-Strand-Boot-Foto-Ami-4x3-1-1024x768.jpg\" class=\"attachment-large size-large wp-image-23561\" alt=\"Vom Roten Meer: Der Wochenr\u00fcckblick\" srcset=\"https:\/\/james-mac.com\/wp-content\/uploads\/2021\/10\/Weihnachten-JM-Strand-Boot-Foto-Ami-4x3-1-1024x768.jpg 1024w, https:\/\/james-mac.com\/wp-content\/uploads\/2021\/10\/Weihnachten-JM-Strand-Boot-Foto-Ami-4x3-1-300x225.jpg 300w, https:\/\/james-mac.com\/wp-content\/uploads\/2021\/10\/Weihnachten-JM-Strand-Boot-Foto-Ami-4x3-1-768x576.jpg 768w, https:\/\/james-mac.com\/wp-content\/uploads\/2021\/10\/Weihnachten-JM-Strand-Boot-Foto-Ami-4x3-1-1536x1152.jpg 1536w, https:\/\/james-mac.com\/wp-content\/uploads\/2021\/10\/Weihnachten-JM-Strand-Boot-Foto-Ami-4x3-1-2048x1536.jpg 2048w, https:\/\/james-mac.com\/wp-content\/uploads\/2021\/10\/Weihnachten-JM-Strand-Boot-Foto-Ami-4x3-1-16x12.jpg 16w, https:\/\/james-mac.com\/wp-content\/uploads\/2021\/10\/Weihnachten-JM-Strand-Boot-Foto-Ami-4x3-1-155x116.jpg 155w\" sizes=\"(max-width: 640px) 100vw, 640px\" \/>\t\t\t\t\t\t\t\t\t\t\t\t\t\t\t<\/div>\n\t\t\t\t<\/div>\n\t\t\t\t<div class=\"elementor-element elementor-element-1789ab1 elementor-widget elementor-widget-spacer\" data-id=\"1789ab1\" data-element_type=\"widget\" data-e-type=\"widget\" data-widget_type=\"spacer.default\">\n\t\t\t\t<div class=\"elementor-widget-container\">\n\t\t\t\t\t\t\t<div class=\"elementor-spacer\">\n\t\t\t<div class=\"elementor-spacer-inner\"><\/div>\n\t\t<\/div>\n\t\t\t\t\t\t<\/div>\n\t\t\t\t<\/div>\n\t\t\t\t<div class=\"elementor-element elementor-element-24582ea8 elementor-widget elementor-widget-heading\" data-id=\"24582ea8\" data-element_type=\"widget\" data-e-type=\"widget\" data-widget_type=\"heading.default\">\n\t\t\t\t<div class=\"elementor-widget-container\">\n\t\t\t\t\t<h3 class=\"elementor-heading-title elementor-size-default\">Unsere Umfrage: Habt ihr an Weihnachten eine Reise ans Rote Meer geplant?<\/h3>\t\t\t\t<\/div>\n\t\t\t\t<\/div>\n\t\t\t\t<div class=\"elementor-element elementor-element-2a7b21f elementor-widget elementor-widget-text-editor\" data-id=\"2a7b21f\" data-element_type=\"widget\" data-e-type=\"widget\" data-widget_type=\"text-editor.default\">\n\t\t\t\t<div class=\"elementor-widget-container\">\n\t\t\t\t\t\t\t\t\t<p>Bald beginnt schon wieder die Vorweihnachtszeit und die Weihnachtsferien stehen demn\u00e4chst vor der T\u00fcr. Letztes Jahr war es schwierig, \u00fcber Weihnachten zu verreisen, doch dieses Jahr ist es nun wieder wesentlich einfacher geworden. Viele Fluggesellschaften haben ihren <a href=\"https:\/\/james-mac.com\/en\/unser-blick-auf-die-woche-aus-aegypten\/\" target=\"_blank\" rel=\"noopener\">Flugbetrieb ans Rote Meer<\/a> wieder regul\u00e4r aufgenommen und die Hotels haben wieder ge\u00f6ffnet. Auch wir haben wieder beide Tauchbasen ge\u00f6ffnet und der Tauchbetrieb ist wieder angelaufen. Und auch die Temperaturen hier in Hurghada sind sommerlich und einladend, das Wasser ist angenehm warm und die Sonne scheint. Da w\u00e4re doch ein Aufenthalt \u00fcber Weihnachten und Silvester bei uns in Hurghada geradezu ideal.<\/p>\n<p>Traditionell gibt es bei uns auf der Tauchbasis am Heiligen Abend immer leckeren und nat\u00fcrlich selber gemachten Gl\u00fchwein. Nachdem dies letztes Jahr Corona bedingt ausgefallen ist, lassen wir unser gem\u00fctliches Zusammensein in diesem Jahr wieder aufleben. Schon morgens trifft sich unser Staff und bereitet ein wohlschmeckendes und duftendes Hei\u00dfgetr\u00e4nk zu. Wenn die Tauchg\u00e4ste dann vom Boot kommen, werden sie gleich mit einem Gl\u00fchwein empfangen und die Weihnachtsstimmung kann beginnen. Weihnachtsgeb\u00e4ck gibt es nat\u00fcrlich ebenfalls und unsere flei\u00dfigen Helferchen haben die Basis \u00fcber den Tag festlich geschm\u00fcckt. Silvester hier am Roten Meer ist ebenfalls sehr sch\u00f6n, wenn man das neue Jahr direkt am Meer erleben kann.<\/p>\n<p>Nun wollten wir von euch in unserer kleinen Umfrage wissen: Wie sind eure Pl\u00e4ne f\u00fcr dieses Jahr? Plant ihr noch einen Tauchurlaub bei uns in Hurghada oder habt ihr sogar schon gebucht? Oder wollt ihr noch weiter abwarten und entscheidet euch dann spontan? Wir w\u00fcrden uns freuen, wenn ihr auch jetzt noch an unserer kleinen Umfrage teilnehmt und uns wissen lasst, ob euer Weg euch in diesem Jahr noch zu uns ans Rote Meer f\u00fchrt. Zur Umfrage auf unserer Homepage gelangt ihr gleich <a href=\"https:\/\/james-mac.com\/en\/weihnachten-tauchurlaub-in-hurghada\/\" target=\"_blank\" rel=\"noopener\">here<\/a>.<\/p>\t\t\t\t\t\t\t\t<\/div>\n\t\t\t\t<\/div>\n\t\t\t\t<div class=\"elementor-element elementor-element-2a7e7ad elementor-widget elementor-widget-spacer\" data-id=\"2a7e7ad\" data-element_type=\"widget\" data-e-type=\"widget\" data-widget_type=\"spacer.default\">\n\t\t\t\t<div class=\"elementor-widget-container\">\n\t\t\t\t\t\t\t<div class=\"elementor-spacer\">\n\t\t\t<div class=\"elementor-spacer-inner\"><\/div>\n\t\t<\/div>\n\t\t\t\t\t\t<\/div>\n\t\t\t\t<\/div>\n\t\t\t\t<div class=\"elementor-element elementor-element-620f890 elementor-widget elementor-widget-image\" data-id=\"620f890\" data-element_type=\"widget\" data-e-type=\"widget\" data-widget_type=\"image.default\">\n\t\t\t\t<div class=\"elementor-widget-container\">\n\t\t\t\t\t\t\t\t\t\t\t\t\t\t\t<img decoding=\"async\" width=\"640\" height=\"480\" src=\"https:\/\/james-mac.com\/wp-content\/uploads\/2021\/10\/Great-Bitter-Lake-Egypt-Wikipedia-Nasa-4x3-1-1024x768.jpg\" class=\"attachment-large size-large wp-image-23606\" alt=\"\" srcset=\"https:\/\/james-mac.com\/wp-content\/uploads\/2021\/10\/Great-Bitter-Lake-Egypt-Wikipedia-Nasa-4x3-1-1024x768.jpg 1024w, https:\/\/james-mac.com\/wp-content\/uploads\/2021\/10\/Great-Bitter-Lake-Egypt-Wikipedia-Nasa-4x3-1-300x225.jpg 300w, https:\/\/james-mac.com\/wp-content\/uploads\/2021\/10\/Great-Bitter-Lake-Egypt-Wikipedia-Nasa-4x3-1-768x576.jpg 768w, https:\/\/james-mac.com\/wp-content\/uploads\/2021\/10\/Great-Bitter-Lake-Egypt-Wikipedia-Nasa-4x3-1-16x12.jpg 16w, https:\/\/james-mac.com\/wp-content\/uploads\/2021\/10\/Great-Bitter-Lake-Egypt-Wikipedia-Nasa-4x3-1-155x116.jpg 155w, https:\/\/james-mac.com\/wp-content\/uploads\/2021\/10\/Great-Bitter-Lake-Egypt-Wikipedia-Nasa-4x3-1.jpg 1280w\" sizes=\"(max-width: 640px) 100vw, 640px\" \/>\t\t\t\t\t\t\t\t\t\t\t\t\t\t\t<\/div>\n\t\t\t\t<\/div>\n\t\t\t\t<div class=\"elementor-element elementor-element-58c16ed5 elementor-widget elementor-widget-spacer\" data-id=\"58c16ed5\" data-element_type=\"widget\" data-e-type=\"widget\" data-widget_type=\"spacer.default\">\n\t\t\t\t<div class=\"elementor-widget-container\">\n\t\t\t\t\t\t\t<div class=\"elementor-spacer\">\n\t\t\t<div class=\"elementor-spacer-inner\"><\/div>\n\t\t<\/div>\n\t\t\t\t\t\t<\/div>\n\t\t\t\t<\/div>\n\t\t\t\t<div class=\"elementor-element elementor-element-7d4bfbb elementor-widget elementor-widget-heading\" data-id=\"7d4bfbb\" data-element_type=\"widget\" data-e-type=\"widget\" data-widget_type=\"heading.default\">\n\t\t\t\t<div class=\"elementor-widget-container\">\n\t\t\t\t\t<h3 class=\"elementor-heading-title elementor-size-default\">\u00c4gyptischer Flossenschwimmer wollte den Neuen Suezkanal durchqueren und einen Weltrekord aufstellen<\/h3>\t\t\t\t<\/div>\n\t\t\t\t<\/div>\n\t\t\t\t<div class=\"elementor-element elementor-element-ece2189 elementor-widget elementor-widget-text-editor\" data-id=\"ece2189\" data-element_type=\"widget\" data-e-type=\"widget\" data-widget_type=\"text-editor.default\">\n\t\t\t\t<div class=\"elementor-widget-container\">\n\t\t\t\t\t\t\t\t\t<p>Letzten Dienstag, am 5. Oktober, versuchte der \u00e4gyptische Monoflossenschwimmer <a href=\"https:\/\/english.ahram.org.eg\/News\/426252.aspx\" target=\"_blank\" rel=\"noopener\">Sayed Baroky<\/a> etwas, was noch niemand zuvor getan hat. Er wollte die gesamten 35 Kilometer des\u00a0<a class=\"c-link\" tabindex=\"-1\" href=\"https:\/\/www.suezcanal.gov.eg\/English\/About\/SuezCanal\/Pages\/NewSuezCanal.aspx\" target=\"_blank\" rel=\"noopener noreferrer\" data-stringify-link=\"https:\/\/www.suezcanal.gov.eg\/English\/About\/SuezCanal\/Pages\/NewSuezCanal.aspx\" data-sk=\"tooltip_parent\" data-remove-tab-index=\"true\">Neuen Suezkanals<\/a>\u00a0mit beiden Beinen in einer Monoflosse durchqueren. Dieses epische Unterfangen wurde vom Ministerium f\u00fcr Jugend und Sport und dem \u00e4gyptischen Tauch- und Lebensrettungsverband organisiert und war Teil der Feierlichkeiten zum Sieg \u00c4gyptens im Krieg vom 6. Oktober.<\/p>\n<p>Leider <a href=\"https:\/\/www.thenationalnews.com\/mena\/2021\/10\/05\/egyptian-monofin-swimmer-to-cross-new-suez-canal-in-guinness-world-record-attempt\/\" target=\"_blank\" rel=\"noopener\">scheiterte er<\/a> am Dienstag mit seinem Weltrekordversuch und musste seinen Eintrag ins Guiness Buch der Rekorde vertagen.\u00a0 Er schaffte \u201cnur\u201d 18 Kilometer in 5 Stunden und 10 Minuten, weil er gegen eine starke Str\u00f6mung anzuk\u00e4mpfen hatte. Die Organisatoren hatten eine Obergrenze von sechs Stunden f\u00fcr die Strecke festgelegt. Die Suezkanal-Beh\u00f6rde hatte den Verkehr in der Verl\u00e4ngerung f\u00fcr die Dauer des Rennens eingestellt. Baroky sagte, er habe nicht mit den schwierigen Bedingungen gerechnet, vor allem nicht im <a class=\"c-link\" tabindex=\"-1\" href=\"https:\/\/de.wikipedia.org\/wiki\/Bitterseen\" target=\"_blank\" rel=\"noopener noreferrer\" data-stringify-link=\"https:\/\/de.wikipedia.org\/wiki\/Bitterseen\" data-sk=\"tooltip_parent\" data-remove-tab-index=\"true\">Gro\u00dfen Bittersee<\/a>\u00a0und im Kleinen Bittersee, wo die Herausforderung begann. Er hatte sich vorgenommen, 5 km in einer Stunde zu schwimmen, brauchte aber schon drei Stunden, um diese Strecke in den Bitter Lakes zur\u00fcckzulegen.<\/p>\n<p>Sayed Barokys Leistungen mit der Monoflosse haben eine lange Geschichte. So stellte er im April 2011 zusammen mit den italienischen Schwimmern Stegano Figini und Cesare Fumarola einen Guinness-Weltrekord f\u00fcr den h\u00f6chsten Sprung mit einer Monoflosse auf, der bei 2 Metern lag. Er hielt den Rekord fast ein Jahrzehnt lang, bis sein \u00e4gyptischer Landsmann Omar Sayed Shaaban den Titel im November 2020 mit einem atemberaubenden Sprung von 2,30 Metern f\u00fcr sich beanspruchte. (Funfact &#8211; Sayed Baroky und Omar Sayed Shaaban stammen beide aus Ismailia!) Er trainierte auch schon f\u00fcr die Durchquerung des \u00c4rmelkanals, der England mit Frankreich verbindet und an den engsten Stellen rund 34 Kilometer lang ist. Im Juni gelang es Baroky, 13 Kilometer im Timsah-See zu schwimmen, der ebenfalls am Suez-Kanal liegt.<\/p>\t\t\t\t\t\t\t\t<\/div>\n\t\t\t\t<\/div>\n\t\t\t\t<div class=\"elementor-element elementor-element-b431e0a elementor-widget elementor-widget-spacer\" data-id=\"b431e0a\" data-element_type=\"widget\" data-e-type=\"widget\" data-widget_type=\"spacer.default\">\n\t\t\t\t<div class=\"elementor-widget-container\">\n\t\t\t\t\t\t\t<div class=\"elementor-spacer\">\n\t\t\t<div class=\"elementor-spacer-inner\"><\/div>\n\t\t<\/div>\n\t\t\t\t\t\t<\/div>\n\t\t\t\t<\/div>\n\t\t\t\t<div class=\"elementor-element elementor-element-1ef8f561 elementor-widget elementor-widget-image\" data-id=\"1ef8f561\" data-element_type=\"widget\" data-e-type=\"widget\" data-widget_type=\"image.default\">\n\t\t\t\t<div class=\"elementor-widget-container\">\n\t\t\t\t\t\t\t\t\t\t\t\t\t\t\t<img loading=\"lazy\" decoding=\"async\" width=\"640\" height=\"480\" src=\"https:\/\/james-mac.com\/wp-content\/uploads\/2021\/10\/Black-Eyed-Peas-Kairo-2-Oktober-21-Screenshot-4x3-1-1024x768.jpg\" class=\"attachment-large size-large wp-image-23607\" alt=\"Black Eyed Peas\" srcset=\"https:\/\/james-mac.com\/wp-content\/uploads\/2021\/10\/Black-Eyed-Peas-Kairo-2-Oktober-21-Screenshot-4x3-1-1024x768.jpg 1024w, https:\/\/james-mac.com\/wp-content\/uploads\/2021\/10\/Black-Eyed-Peas-Kairo-2-Oktober-21-Screenshot-4x3-1-300x225.jpg 300w, https:\/\/james-mac.com\/wp-content\/uploads\/2021\/10\/Black-Eyed-Peas-Kairo-2-Oktober-21-Screenshot-4x3-1-768x576.jpg 768w, https:\/\/james-mac.com\/wp-content\/uploads\/2021\/10\/Black-Eyed-Peas-Kairo-2-Oktober-21-Screenshot-4x3-1-16x12.jpg 16w, https:\/\/james-mac.com\/wp-content\/uploads\/2021\/10\/Black-Eyed-Peas-Kairo-2-Oktober-21-Screenshot-4x3-1-155x116.jpg 155w, https:\/\/james-mac.com\/wp-content\/uploads\/2021\/10\/Black-Eyed-Peas-Kairo-2-Oktober-21-Screenshot-4x3-1.jpg 1124w\" sizes=\"(max-width: 640px) 100vw, 640px\" \/>\t\t\t\t\t\t\t\t\t\t\t\t\t\t\t<\/div>\n\t\t\t\t<\/div>\n\t\t\t\t<div class=\"elementor-element elementor-element-13ceb87c elementor-widget elementor-widget-spacer\" data-id=\"13ceb87c\" data-element_type=\"widget\" data-e-type=\"widget\" data-widget_type=\"spacer.default\">\n\t\t\t\t<div class=\"elementor-widget-container\">\n\t\t\t\t\t\t\t<div class=\"elementor-spacer\">\n\t\t\t<div class=\"elementor-spacer-inner\"><\/div>\n\t\t<\/div>\n\t\t\t\t\t\t<\/div>\n\t\t\t\t<\/div>\n\t\t\t\t<div class=\"elementor-element elementor-element-389c9a69 elementor-widget elementor-widget-heading\" data-id=\"389c9a69\" data-element_type=\"widget\" data-e-type=\"widget\" data-widget_type=\"heading.default\">\n\t\t\t\t<div class=\"elementor-widget-container\">\n\t\t\t\t\t<h3 class=\"elementor-heading-title elementor-size-default\">Erstes Black Eyed Peas Konzert in \u00c4gypten fand letzte Woche bei den Pyramiden statt<\/h3>\t\t\t\t<\/div>\n\t\t\t\t<\/div>\n\t\t\t\t<div class=\"elementor-element elementor-element-655c917 elementor-widget elementor-widget-text-editor\" data-id=\"655c917\" data-element_type=\"widget\" data-e-type=\"widget\" data-widget_type=\"text-editor.default\">\n\t\t\t\t<div class=\"elementor-widget-container\">\n\t\t\t\t\t\t\t\t\t<p>Die amerikanische Popgruppe <a href=\"https:\/\/de.wikipedia.org\/wiki\/The_Black_Eyed_Peas\" target=\"_blank\" rel=\"noopener\">Black Eyed Peas<\/a> ist letzten Samstag zum ersten Mal \u00fcberhaupt in \u00c4gypten aufgetreten. Das Konzert, das bei den Pyramiden von Gizeh stattfand, wurde von der Eventfirma Venture Lifestyle organisiert, die bereits das erste \u00c4gypten-Deb\u00fct von Jennifer Lopez im Jahr 2019 organisiert hat. Rund 13.000 Menschen sahen die Show der Gruppe am Samstagabend in Kairo live, w\u00e4hrend Millionen weitere <a href=\"https:\/\/fb.watch\/8wVHJwcHDh\/\" target=\"_blank\" rel=\"noopener\">das Konzert<\/a> als Live-Stream verfolgten. Die Band spielte in Kairo nachdem sie noch kurz einen <a href=\"https:\/\/egyptindependent.com\/photos-black-eyed-peas-visits-luxor-ahead-of-giza-pyramids-concert\/\" target=\"_blank\" rel=\"noopener\">Abstecher nach Luxor<\/a> gemacht hatten. Bandleader\u00a0will.i.am\u00a0sagte, es war wundersch\u00f6n, wieder live zu spielen. Die Black Eyed Peas erkl\u00e4rten auch, dass ihre Shows jetzt etwas anders aussehen, mit einer \u201cMaskenpolizei\u201d hinter der B\u00fchne und st\u00e4ndigen PCR-Tests, und f\u00fcgten hinzu, dass ihre Veranstaltungsorte sichere Orte sind.<\/p><p>Die Idee, <a href=\"https:\/\/www.egypttoday.com\/Article\/4\/108402\/Black-Eyed-Peas-to-perform-for-the-1st-in-Egypt\" target=\"_blank\" rel=\"noopener\">in \u00c4gypten aufzutreten<\/a>, kam dem Bandleader, weil er seit seiner Jugend ein gro\u00dfer Fan der Disco-Band Earth, Wind &amp; Fire war. In einer Interview sagte er:\u00a0 \u201cIch bin damit aufgewachsen, Earth, Wind &amp; Fire zu h\u00f6ren und die Plattencover anzustarren, weil sie voll von \u00c4gyptologie waren. So war es immer ein Traum von mir, nach \u00c4gypten zu kommen und in der N\u00e4he der Pyramiden zu spielen.<\/p><p>Die Band wurde in den fr\u00fchen 2000er Jahren mit der amerikanischen S\u00e4ngerin und Songschreiberin Fergie als Frontfrau bekannt. Sie verlie\u00df die Gruppe 2017, um ihre Solokarriere fortzusetzen. Seit 2020 ist die philippinischen S\u00e4ngerin und Songwriterin J. Rey Soul. die neue Frontfrau\u00a0 Das ber\u00fchmteste Mitglied der Gruppe ist der amerikanische Rapper\u00a0will.i.am, der vor allem f\u00fcr seine Solo-Hits bekannt ist, darunter der 2013er-Hit Scream &amp; Shout mit Britney Spears.<\/p><p>Im Laufe der Jahre sind viele Musiker bei den Pyramiden aufgetreten, darunter die Red Hot Chili Peppers im Jahr 2019, Shakira im Jahr 2007, die deutsche Rockgruppe Scorpions im Jahr 2005 und Frank Sinatra im Jahr 1979.<\/p>\t\t\t\t\t\t\t\t<\/div>\n\t\t\t\t<\/div>\n\t\t\t\t<div class=\"elementor-element elementor-element-d43694b elementor-widget elementor-widget-spacer\" data-id=\"d43694b\" data-element_type=\"widget\" data-e-type=\"widget\" data-widget_type=\"spacer.default\">\n\t\t\t\t<div class=\"elementor-widget-container\">\n\t\t\t\t\t\t\t<div class=\"elementor-spacer\">\n\t\t\t<div class=\"elementor-spacer-inner\"><\/div>\n\t\t<\/div>\n\t\t\t\t\t\t<\/div>\n\t\t\t\t<\/div>\n\t\t\t\t<div class=\"elementor-element elementor-element-b337408 elementor-widget elementor-widget-heading\" data-id=\"b337408\" data-element_type=\"widget\" data-e-type=\"widget\" data-widget_type=\"heading.default\">\n\t\t\t\t<div class=\"elementor-widget-container\">\n\t\t\t\t\t<h3 class=\"elementor-heading-title elementor-size-default\">Vom Roten Meer: Der Wochenr\u00fcckblick<\/h3>\t\t\t\t<\/div>\n\t\t\t\t<\/div>\n\t\t\t\t<div class=\"elementor-element elementor-element-69fa36c3 elementor-widget elementor-widget-text-editor\" data-id=\"69fa36c3\" data-element_type=\"widget\" data-e-type=\"widget\" data-widget_type=\"text-editor.default\">\n\t\t\t\t<div class=\"elementor-widget-container\">\n\t\t\t\t\t\t\t\t\t<p>Vom Roten Meer: Der Wochenr\u00fcckblick dieser Woche. N\u00e4chste Woche gibt es wieder aktuelle Neuigkeiten von \u00c4gypten und anderswo <a href=\"https:\/\/james-mac.com\/en\/news-3\/\" target=\"_blank\" rel=\"noopener\">zu berichten<\/a>, wir halten euch auf dem Laufenden!<\/p>\t\t\t\t\t\t\t\t<\/div>\n\t\t\t\t<\/div>\n\t\t\t\t<div class=\"elementor-element elementor-element-4151c811 elementor-widget elementor-widget-text-editor\" data-id=\"4151c811\" data-element_type=\"widget\" data-e-type=\"widget\" data-widget_type=\"text-editor.default\">\n\t\t\t\t<div class=\"elementor-widget-container\">\n\t\t\t\t\t\t\t\t\t<p>Vom Roten Meer: Der Wochenr\u00fcckblick, Deutsche Tauchschule, James &amp; Mac Diving Center \u2013 Fotonachweise: James &amp; Mac, JanneG auf Pixabay, Sandra Mrazek, Black Eyed Peas<\/p>\t\t\t\t\t\t\t\t<\/div>\n\t\t\t\t<\/div>\n\t\t\t\t\t<\/div>\n\t\t<\/div>\n\t\t\t\t\t<\/div>\n\t\t<\/section>\n\t\t\t\t\t<\/div>\n\t\t<\/div>\n\t\t\t\t\t<\/div>\n\t\t<\/section>\n\t\t\t\t<\/div>","protected":false},"excerpt":{"rendered":"<p>Vom Roten Meer: Der Wochenr\u00fcckblick Auch in dieser Woche waren unsere Tauchlehrer wieder auf dem Roten Meer unterwegs und hatten von ihren Tauchausfahrten einiges zu berichten. Doch nicht nur bei uns in Hurghada war was los. Auch woanders in \u00c4gypten passierten aufregende Dinge. Heute wie immer vom Roten Meer: Der Wochenr\u00fcckblick. Schnorcheln mit einem kleinen Walhai, Thistlegorm und Panorama Reef Letzte Woche war eine Tauchwoche mit allem drum und dran! Nachdem es anfangs noch sehr windig war, fuhren wir erstmal&hellip;<\/p>","protected":false},"author":4,"featured_media":23600,"comment_status":"open","ping_status":"closed","sticky":false,"template":"","format":"standard","meta":{"footnotes":""},"categories":[1],"tags":[515,136,170,135,413,355],"class_list":["post-23599","post","type-post","status-publish","format-standard","has-post-thumbnail","hentry","category-blog-rotes-meer","tag-515","tag-aegypten","tag-hurghada","tag-rotes-meer","tag-rueckblick","tag-wochenrueckblick","post-has-thumbnail"],"yoast_head":"<!-- This site is optimized with the Yoast SEO plugin v27.4 - https:\/\/yoast.com\/product\/yoast-seo-wordpress\/ -->\n<title>Vom Roten Meer: Der Wochenr\u00fcckblick - James &amp; Mac Diving Center<\/title>\n<meta name=\"description\" content=\"Vom Roten Meer: Der Wochenr\u00fcckblick. Auch diese Woche blicken wir auf einige Dinge zur\u00fcck, die in \u00c4gypten und anderswo passiert sind.\" \/>\n<meta name=\"robots\" content=\"index, follow, max-snippet:-1, max-image-preview:large, max-video-preview:-1\" \/>\n<link rel=\"canonical\" href=\"https:\/\/james-mac.com\/en\/vom-roten-meer-der-wochenrueckblick\/\" \/>\n<meta property=\"og:locale\" content=\"en_GB\" \/>\n<meta property=\"og:type\" content=\"article\" \/>\n<meta property=\"og:title\" content=\"Vom Roten Meer: Der Wochenr\u00fcckblick - James &amp; Mac Diving Center\" \/>\n<meta property=\"og:description\" content=\"Vom Roten Meer: Der Wochenr\u00fcckblick. Auch diese Woche blicken wir auf einige Dinge zur\u00fcck, die in \u00c4gypten und anderswo passiert sind.\" \/>\n<meta property=\"og:url\" content=\"https:\/\/james-mac.com\/en\/vom-roten-meer-der-wochenrueckblick\/\" \/>\n<meta property=\"og:site_name\" content=\"James &amp; Mac Diving Center\" \/>\n<meta property=\"article:publisher\" content=\"https:\/\/www.facebook.com\/jamesandmac\/\" \/>\n<meta property=\"article:published_time\" content=\"2021-10-09T06:00:00+00:00\" \/>\n<meta property=\"article:modified_time\" content=\"2021-10-09T06:28:25+00:00\" \/>\n<meta property=\"og:image\" content=\"https:\/\/james-mac.com\/wp-content\/uploads\/2021\/10\/glowing-g46f6f6cee_1920-Sunset-red-sea-pixabay-JanneG-4x3-1.jpg\" \/>\n\t<meta property=\"og:image:width\" content=\"1710\" \/>\n\t<meta property=\"og:image:height\" content=\"1282\" \/>\n\t<meta property=\"og:image:type\" content=\"image\/jpeg\" \/>\n<meta name=\"author\" content=\"Ameli\" \/>\n<meta name=\"twitter:card\" content=\"summary_large_image\" \/>\n<meta name=\"twitter:creator\" content=\"@James_Mac_HRG\" \/>\n<meta name=\"twitter:site\" content=\"@James_Mac_HRG\" \/>\n<meta name=\"twitter:label1\" content=\"Written by\" \/>\n\t<meta name=\"twitter:data1\" content=\"Ameli\" \/>\n\t<meta name=\"twitter:label2\" content=\"Estimated reading time\" \/>\n\t<meta name=\"twitter:data2\" content=\"7 minutes\" \/>\n<script type=\"application\/ld+json\" class=\"yoast-schema-graph\">{\"@context\":\"https:\\\/\\\/schema.org\",\"@graph\":[{\"@type\":\"Article\",\"@id\":\"https:\\\/\\\/james-mac.com\\\/en\\\/vom-roten-meer-der-wochenrueckblick\\\/#article\",\"isPartOf\":{\"@id\":\"https:\\\/\\\/james-mac.com\\\/en\\\/vom-roten-meer-der-wochenrueckblick\\\/\"},\"author\":{\"name\":\"Ameli\",\"@id\":\"https:\\\/\\\/james-mac.com\\\/#\\\/schema\\\/person\\\/bdad9b5a4498bd11efeed74d2676eee4\"},\"headline\":\"Vom Roten Meer: Der Wochenr\u00fcckblick\",\"datePublished\":\"2021-10-09T06:00:00+00:00\",\"dateModified\":\"2021-10-09T06:28:25+00:00\",\"mainEntityOfPage\":{\"@id\":\"https:\\\/\\\/james-mac.com\\\/en\\\/vom-roten-meer-der-wochenrueckblick\\\/\"},\"wordCount\":1405,\"commentCount\":0,\"publisher\":{\"@id\":\"https:\\\/\\\/james-mac.com\\\/#organization\"},\"image\":{\"@id\":\"https:\\\/\\\/james-mac.com\\\/en\\\/vom-roten-meer-der-wochenrueckblick\\\/#primaryimage\"},\"thumbnailUrl\":\"https:\\\/\\\/james-mac.com\\\/wp-content\\\/uploads\\\/2021\\\/10\\\/glowing-g46f6f6cee_1920-Sunset-red-sea-pixabay-JanneG-4x3-1.jpg\",\"keywords\":[\"2021\",\"\u00c4gypten\",\"Hurghada\",\"Rotes Meer\",\"R\u00fcckblick\",\"Wochenr\u00fcckblick\"],\"articleSection\":[\"Blog Rotes Meer\"],\"inLanguage\":\"en-GB\",\"potentialAction\":[{\"@type\":\"CommentAction\",\"name\":\"Comment\",\"target\":[\"https:\\\/\\\/james-mac.com\\\/en\\\/vom-roten-meer-der-wochenrueckblick\\\/#respond\"]}]},{\"@type\":\"WebPage\",\"@id\":\"https:\\\/\\\/james-mac.com\\\/en\\\/vom-roten-meer-der-wochenrueckblick\\\/\",\"url\":\"https:\\\/\\\/james-mac.com\\\/en\\\/vom-roten-meer-der-wochenrueckblick\\\/\",\"name\":\"Vom Roten Meer: Der Wochenr\u00fcckblick - James &amp; Mac Diving Center\",\"isPartOf\":{\"@id\":\"https:\\\/\\\/james-mac.com\\\/#website\"},\"primaryImageOfPage\":{\"@id\":\"https:\\\/\\\/james-mac.com\\\/en\\\/vom-roten-meer-der-wochenrueckblick\\\/#primaryimage\"},\"image\":{\"@id\":\"https:\\\/\\\/james-mac.com\\\/en\\\/vom-roten-meer-der-wochenrueckblick\\\/#primaryimage\"},\"thumbnailUrl\":\"https:\\\/\\\/james-mac.com\\\/wp-content\\\/uploads\\\/2021\\\/10\\\/glowing-g46f6f6cee_1920-Sunset-red-sea-pixabay-JanneG-4x3-1.jpg\",\"datePublished\":\"2021-10-09T06:00:00+00:00\",\"dateModified\":\"2021-10-09T06:28:25+00:00\",\"description\":\"Vom Roten Meer: Der Wochenr\u00fcckblick. Auch diese Woche blicken wir auf einige Dinge zur\u00fcck, die in \u00c4gypten und anderswo passiert sind.\",\"breadcrumb\":{\"@id\":\"https:\\\/\\\/james-mac.com\\\/en\\\/vom-roten-meer-der-wochenrueckblick\\\/#breadcrumb\"},\"inLanguage\":\"en-GB\",\"potentialAction\":[{\"@type\":\"ReadAction\",\"target\":[\"https:\\\/\\\/james-mac.com\\\/en\\\/vom-roten-meer-der-wochenrueckblick\\\/\"]}]},{\"@type\":\"ImageObject\",\"inLanguage\":\"en-GB\",\"@id\":\"https:\\\/\\\/james-mac.com\\\/en\\\/vom-roten-meer-der-wochenrueckblick\\\/#primaryimage\",\"url\":\"https:\\\/\\\/james-mac.com\\\/wp-content\\\/uploads\\\/2021\\\/10\\\/glowing-g46f6f6cee_1920-Sunset-red-sea-pixabay-JanneG-4x3-1.jpg\",\"contentUrl\":\"https:\\\/\\\/james-mac.com\\\/wp-content\\\/uploads\\\/2021\\\/10\\\/glowing-g46f6f6cee_1920-Sunset-red-sea-pixabay-JanneG-4x3-1.jpg\",\"width\":1710,\"height\":1282,\"caption\":\"Vom Roten Meer: Der Wochenr\u00fcckblick\"},{\"@type\":\"BreadcrumbList\",\"@id\":\"https:\\\/\\\/james-mac.com\\\/en\\\/vom-roten-meer-der-wochenrueckblick\\\/#breadcrumb\",\"itemListElement\":[{\"@type\":\"ListItem\",\"position\":1,\"name\":\"Home\",\"item\":\"https:\\\/\\\/james-mac.com\\\/\"},{\"@type\":\"ListItem\",\"position\":2,\"name\":\"Blog Rotes Meer\",\"item\":\"https:\\\/\\\/james-mac.com\\\/en\\\/category\\\/blog-rotes-meer\\\/\"},{\"@type\":\"ListItem\",\"position\":3,\"name\":\"Vom Roten Meer: Der Wochenr\u00fcckblick\"}]},{\"@type\":\"WebSite\",\"@id\":\"https:\\\/\\\/james-mac.com\\\/#website\",\"url\":\"https:\\\/\\\/james-mac.com\\\/\",\"name\":\"James &amp; Mac Diving Center\",\"description\":\"Red sea diving since 1987\",\"publisher\":{\"@id\":\"https:\\\/\\\/james-mac.com\\\/#organization\"},\"potentialAction\":[{\"@type\":\"SearchAction\",\"target\":{\"@type\":\"EntryPoint\",\"urlTemplate\":\"https:\\\/\\\/james-mac.com\\\/?s={search_term_string}\"},\"query-input\":{\"@type\":\"PropertyValueSpecification\",\"valueRequired\":true,\"valueName\":\"search_term_string\"}}],\"inLanguage\":\"en-GB\"},{\"@type\":\"Organization\",\"@id\":\"https:\\\/\\\/james-mac.com\\\/#organization\",\"name\":\"James & Mac\",\"url\":\"https:\\\/\\\/james-mac.com\\\/\",\"logo\":{\"@type\":\"ImageObject\",\"inLanguage\":\"en-GB\",\"@id\":\"https:\\\/\\\/james-mac.com\\\/#\\\/schema\\\/logo\\\/image\\\/\",\"url\":\"\",\"contentUrl\":\"\",\"caption\":\"James & Mac\"},\"image\":{\"@id\":\"https:\\\/\\\/james-mac.com\\\/#\\\/schema\\\/logo\\\/image\\\/\"},\"sameAs\":[\"https:\\\/\\\/www.facebook.com\\\/jamesandmac\\\/\",\"https:\\\/\\\/x.com\\\/James_Mac_HRG\",\"https:\\\/\\\/www.instagram.com\\\/jamesundmacdiving\\\/\",\"https:\\\/\\\/www.youtube.com\\\/user\\\/james1987mac\"]},{\"@type\":\"Person\",\"@id\":\"https:\\\/\\\/james-mac.com\\\/#\\\/schema\\\/person\\\/bdad9b5a4498bd11efeed74d2676eee4\",\"name\":\"Ameli\",\"image\":{\"@type\":\"ImageObject\",\"inLanguage\":\"en-GB\",\"@id\":\"https:\\\/\\\/secure.gravatar.com\\\/avatar\\\/815b16a62dd9759f01ae110606d38d9d0fe57f307e2639ca16c1d626d7a6762d?s=96&r=g\",\"url\":\"https:\\\/\\\/secure.gravatar.com\\\/avatar\\\/815b16a62dd9759f01ae110606d38d9d0fe57f307e2639ca16c1d626d7a6762d?s=96&r=g\",\"contentUrl\":\"https:\\\/\\\/secure.gravatar.com\\\/avatar\\\/815b16a62dd9759f01ae110606d38d9d0fe57f307e2639ca16c1d626d7a6762d?s=96&r=g\",\"caption\":\"Ameli\"},\"url\":\"https:\\\/\\\/james-mac.com\\\/en\\\/author\\\/ameli\\\/\"}]}<\/script>\n<!-- \/ Yoast SEO plugin. -->","yoast_head_json":{"title":"Vom Roten Meer: Der Wochenr\u00fcckblick - James &amp; Mac Diving Center","description":"Vom Roten Meer: Der Wochenr\u00fcckblick. Auch diese Woche blicken wir auf einige Dinge zur\u00fcck, die in \u00c4gypten und anderswo passiert sind.","robots":{"index":"index","follow":"follow","max-snippet":"max-snippet:-1","max-image-preview":"max-image-preview:large","max-video-preview":"max-video-preview:-1"},"canonical":"https:\/\/james-mac.com\/en\/vom-roten-meer-der-wochenrueckblick\/","og_locale":"en_GB","og_type":"article","og_title":"Vom Roten Meer: Der Wochenr\u00fcckblick - James &amp; Mac Diving Center","og_description":"Vom Roten Meer: Der Wochenr\u00fcckblick. Auch diese Woche blicken wir auf einige Dinge zur\u00fcck, die in \u00c4gypten und anderswo passiert sind.","og_url":"https:\/\/james-mac.com\/en\/vom-roten-meer-der-wochenrueckblick\/","og_site_name":"James &amp; Mac Diving Center","article_publisher":"https:\/\/www.facebook.com\/jamesandmac\/","article_published_time":"2021-10-09T06:00:00+00:00","article_modified_time":"2021-10-09T06:28:25+00:00","og_image":[{"width":1710,"height":1282,"url":"https:\/\/james-mac.com\/wp-content\/uploads\/2021\/10\/glowing-g46f6f6cee_1920-Sunset-red-sea-pixabay-JanneG-4x3-1.jpg","type":"image\/jpeg"}],"author":"Ameli","twitter_card":"summary_large_image","twitter_creator":"@James_Mac_HRG","twitter_site":"@James_Mac_HRG","twitter_misc":{"Written by":"Ameli","Estimated reading time":"7 minutes"},"schema":{"@context":"https:\/\/schema.org","@graph":[{"@type":"Article","@id":"https:\/\/james-mac.com\/en\/vom-roten-meer-der-wochenrueckblick\/#article","isPartOf":{"@id":"https:\/\/james-mac.com\/en\/vom-roten-meer-der-wochenrueckblick\/"},"author":{"name":"Ameli","@id":"https:\/\/james-mac.com\/#\/schema\/person\/bdad9b5a4498bd11efeed74d2676eee4"},"headline":"Vom Roten Meer: Der Wochenr\u00fcckblick","datePublished":"2021-10-09T06:00:00+00:00","dateModified":"2021-10-09T06:28:25+00:00","mainEntityOfPage":{"@id":"https:\/\/james-mac.com\/en\/vom-roten-meer-der-wochenrueckblick\/"},"wordCount":1405,"commentCount":0,"publisher":{"@id":"https:\/\/james-mac.com\/#organization"},"image":{"@id":"https:\/\/james-mac.com\/en\/vom-roten-meer-der-wochenrueckblick\/#primaryimage"},"thumbnailUrl":"https:\/\/james-mac.com\/wp-content\/uploads\/2021\/10\/glowing-g46f6f6cee_1920-Sunset-red-sea-pixabay-JanneG-4x3-1.jpg","keywords":["2021","\u00c4gypten","Hurghada","Rotes Meer","R\u00fcckblick","Wochenr\u00fcckblick"],"articleSection":["Blog Rotes Meer"],"inLanguage":"en-GB","potentialAction":[{"@type":"CommentAction","name":"Comment","target":["https:\/\/james-mac.com\/en\/vom-roten-meer-der-wochenrueckblick\/#respond"]}]},{"@type":"WebPage","@id":"https:\/\/james-mac.com\/en\/vom-roten-meer-der-wochenrueckblick\/","url":"https:\/\/james-mac.com\/en\/vom-roten-meer-der-wochenrueckblick\/","name":"Vom Roten Meer: Der Wochenr\u00fcckblick - James &amp; Mac Diving Center","isPartOf":{"@id":"https:\/\/james-mac.com\/#website"},"primaryImageOfPage":{"@id":"https:\/\/james-mac.com\/en\/vom-roten-meer-der-wochenrueckblick\/#primaryimage"},"image":{"@id":"https:\/\/james-mac.com\/en\/vom-roten-meer-der-wochenrueckblick\/#primaryimage"},"thumbnailUrl":"https:\/\/james-mac.com\/wp-content\/uploads\/2021\/10\/glowing-g46f6f6cee_1920-Sunset-red-sea-pixabay-JanneG-4x3-1.jpg","datePublished":"2021-10-09T06:00:00+00:00","dateModified":"2021-10-09T06:28:25+00:00","description":"Vom Roten Meer: Der Wochenr\u00fcckblick. Auch diese Woche blicken wir auf einige Dinge zur\u00fcck, die in \u00c4gypten und anderswo passiert sind.","breadcrumb":{"@id":"https:\/\/james-mac.com\/en\/vom-roten-meer-der-wochenrueckblick\/#breadcrumb"},"inLanguage":"en-GB","potentialAction":[{"@type":"ReadAction","target":["https:\/\/james-mac.com\/en\/vom-roten-meer-der-wochenrueckblick\/"]}]},{"@type":"ImageObject","inLanguage":"en-GB","@id":"https:\/\/james-mac.com\/en\/vom-roten-meer-der-wochenrueckblick\/#primaryimage","url":"https:\/\/james-mac.com\/wp-content\/uploads\/2021\/10\/glowing-g46f6f6cee_1920-Sunset-red-sea-pixabay-JanneG-4x3-1.jpg","contentUrl":"https:\/\/james-mac.com\/wp-content\/uploads\/2021\/10\/glowing-g46f6f6cee_1920-Sunset-red-sea-pixabay-JanneG-4x3-1.jpg","width":1710,"height":1282,"caption":"Vom Roten Meer: Der Wochenr\u00fcckblick"},{"@type":"BreadcrumbList","@id":"https:\/\/james-mac.com\/en\/vom-roten-meer-der-wochenrueckblick\/#breadcrumb","itemListElement":[{"@type":"ListItem","position":1,"name":"Home","item":"https:\/\/james-mac.com\/"},{"@type":"ListItem","position":2,"name":"Blog Rotes Meer","item":"https:\/\/james-mac.com\/en\/category\/blog-rotes-meer\/"},{"@type":"ListItem","position":3,"name":"Vom Roten Meer: Der Wochenr\u00fcckblick"}]},{"@type":"WebSite","@id":"https:\/\/james-mac.com\/#website","url":"https:\/\/james-mac.com\/","name":"James &amp; Mac Diving Center","description":"Red sea diving since 1987","publisher":{"@id":"https:\/\/james-mac.com\/#organization"},"potentialAction":[{"@type":"SearchAction","target":{"@type":"EntryPoint","urlTemplate":"https:\/\/james-mac.com\/?s={search_term_string}"},"query-input":{"@type":"PropertyValueSpecification","valueRequired":true,"valueName":"search_term_string"}}],"inLanguage":"en-GB"},{"@type":"Organization","@id":"https:\/\/james-mac.com\/#organization","name":"James &amp; Mac","url":"https:\/\/james-mac.com\/","logo":{"@type":"ImageObject","inLanguage":"en-GB","@id":"https:\/\/james-mac.com\/#\/schema\/logo\/image\/","url":"","contentUrl":"","caption":"James & Mac"},"image":{"@id":"https:\/\/james-mac.com\/#\/schema\/logo\/image\/"},"sameAs":["https:\/\/www.facebook.com\/jamesandmac\/","https:\/\/x.com\/James_Mac_HRG","https:\/\/www.instagram.com\/jamesundmacdiving\/","https:\/\/www.youtube.com\/user\/james1987mac"]},{"@type":"Person","@id":"https:\/\/james-mac.com\/#\/schema\/person\/bdad9b5a4498bd11efeed74d2676eee4","name":"Ameli","image":{"@type":"ImageObject","inLanguage":"en-GB","@id":"https:\/\/secure.gravatar.com\/avatar\/815b16a62dd9759f01ae110606d38d9d0fe57f307e2639ca16c1d626d7a6762d?s=96&r=g","url":"https:\/\/secure.gravatar.com\/avatar\/815b16a62dd9759f01ae110606d38d9d0fe57f307e2639ca16c1d626d7a6762d?s=96&r=g","contentUrl":"https:\/\/secure.gravatar.com\/avatar\/815b16a62dd9759f01ae110606d38d9d0fe57f307e2639ca16c1d626d7a6762d?s=96&r=g","caption":"Ameli"},"url":"https:\/\/james-mac.com\/en\/author\/ameli\/"}]}},"_links":{"self":[{"href":"https:\/\/james-mac.com\/en\/wp-json\/wp\/v2\/posts\/23599","targetHints":{"allow":["GET"]}}],"collection":[{"href":"https:\/\/james-mac.com\/en\/wp-json\/wp\/v2\/posts"}],"about":[{"href":"https:\/\/james-mac.com\/en\/wp-json\/wp\/v2\/types\/post"}],"author":[{"embeddable":true,"href":"https:\/\/james-mac.com\/en\/wp-json\/wp\/v2\/users\/4"}],"replies":[{"embeddable":true,"href":"https:\/\/james-mac.com\/en\/wp-json\/wp\/v2\/comments?post=23599"}],"version-history":[{"count":29,"href":"https:\/\/james-mac.com\/en\/wp-json\/wp\/v2\/posts\/23599\/revisions"}],"predecessor-version":[{"id":23644,"href":"https:\/\/james-mac.com\/en\/wp-json\/wp\/v2\/posts\/23599\/revisions\/23644"}],"wp:featuredmedia":[{"embeddable":true,"href":"https:\/\/james-mac.com\/en\/wp-json\/wp\/v2\/media\/23600"}],"wp:attachment":[{"href":"https:\/\/james-mac.com\/en\/wp-json\/wp\/v2\/media?parent=23599"}],"wp:term":[{"taxonomy":"category","embeddable":true,"href":"https:\/\/james-mac.com\/en\/wp-json\/wp\/v2\/categories?post=23599"},{"taxonomy":"post_tag","embeddable":true,"href":"https:\/\/james-mac.com\/en\/wp-json\/wp\/v2\/tags?post=23599"}],"curies":[{"name":"wp","href":"https:\/\/api.w.org\/{rel}","templated":true}]}}