
{"id":29510,"date":"2022-05-21T07:51:00","date_gmt":"2022-05-21T05:51:00","guid":{"rendered":"https:\/\/james-mac.com\/?p=29510"},"modified":"2022-05-21T08:00:23","modified_gmt":"2022-05-21T06:00:23","slug":"vom-roten-meer-blicken-wir-auf-die-woche","status":"publish","type":"post","link":"https:\/\/james-mac.com\/en\/vom-roten-meer-blicken-wir-auf-die-woche\/","title":{"rendered":"Vom Roten Meer blicken wir auf die Woche"},"content":{"rendered":"<div data-elementor-type=\"wp-post\" data-elementor-id=\"29510\" class=\"elementor elementor-29510\" data-elementor-post-type=\"post\">\n\t\t\t\t\t\t<section data-particle_enable=\"false\" data-particle-mobile-disabled=\"false\" class=\"elementor-section elementor-top-section elementor-element elementor-element-227703b9 elementor-section-boxed elementor-section-height-default elementor-section-height-default\" data-id=\"227703b9\" data-element_type=\"section\" data-e-type=\"section\">\n\t\t\t\t\t\t<div class=\"elementor-container elementor-column-gap-default\">\n\t\t\t\t\t<div class=\"elementor-column elementor-col-100 elementor-top-column elementor-element elementor-element-f4ad3dd\" data-id=\"f4ad3dd\" data-element_type=\"column\" data-e-type=\"column\">\n\t\t\t<div class=\"elementor-widget-wrap elementor-element-populated\">\n\t\t\t\t\t\t<section data-particle_enable=\"false\" data-particle-mobile-disabled=\"false\" class=\"elementor-section elementor-inner-section elementor-element elementor-element-cc199a4 elementor-section-boxed elementor-section-height-default elementor-section-height-default\" data-id=\"cc199a4\" data-element_type=\"section\" data-e-type=\"section\">\n\t\t\t\t\t\t<div class=\"elementor-container elementor-column-gap-default\">\n\t\t\t\t\t<div class=\"elementor-column elementor-col-100 elementor-inner-column elementor-element elementor-element-fa3966e\" data-id=\"fa3966e\" data-element_type=\"column\" data-e-type=\"column\">\n\t\t\t<div class=\"elementor-widget-wrap elementor-element-populated\">\n\t\t\t\t\t\t<div class=\"elementor-element elementor-element-2f56543a elementor-post-navigation-borders-yes elementor-widget elementor-widget-post-navigation\" data-id=\"2f56543a\" data-element_type=\"widget\" data-e-type=\"widget\" data-widget_type=\"post-navigation.default\">\n\t\t\t\t<div class=\"elementor-widget-container\">\n\t\t\t\t\t\t\t<div class=\"elementor-post-navigation\" role=\"navigation\" aria-label=\"Post Navigation\">\n\t\t\t<div class=\"elementor-post-navigation__prev elementor-post-navigation__link\">\n\t\t\t\t<a href=\"https:\/\/james-mac.com\/en\/eine-spannende-woche-im-rueckblick\/\" rel=\"prev\"><span class=\"post-navigation__arrow-wrapper post-navigation__arrow-prev\"><i aria-hidden=\"true\" class=\"fas fa-angle-left\"><\/i><span class=\"elementor-screen-only\">Prev<\/span><\/span><span class=\"elementor-post-navigation__link__prev\"><span class=\"post-navigation__prev--label\">Voriger<\/span><span class=\"post-navigation__prev--title\">Eine spannende Woche im R\u00fcckblick<\/span><\/span><\/a>\t\t\t<\/div>\n\t\t\t\t\t\t\t<div class=\"elementor-post-navigation__separator-wrapper\">\n\t\t\t\t\t<div class=\"elementor-post-navigation__separator\"><\/div>\n\t\t\t\t<\/div>\n\t\t\t\t\t\t<div class=\"elementor-post-navigation__next elementor-post-navigation__link\">\n\t\t\t\t<a href=\"https:\/\/james-mac.com\/en\/im-wochenrueckblick-der-mai-geht-zu-ende\/\" rel=\"next\"><span class=\"elementor-post-navigation__link__next\"><span class=\"post-navigation__next--label\">N\u00e4chster<\/span><span class=\"post-navigation__next--title\">Im Wochenr\u00fcckblick: Der Mai geht zu Ende<\/span><\/span><span class=\"post-navigation__arrow-wrapper post-navigation__arrow-next\"><i aria-hidden=\"true\" class=\"fas fa-angle-right\"><\/i><span class=\"elementor-screen-only\">Next<\/span><\/span><\/a>\t\t\t<\/div>\n\t\t<\/div>\n\t\t\t\t\t\t<\/div>\n\t\t\t\t<\/div>\n\t\t\t\t<div class=\"elementor-element elementor-element-50289923 elementor-widget elementor-widget-shortcode\" data-id=\"50289923\" data-element_type=\"widget\" data-e-type=\"widget\" data-widget_type=\"shortcode.default\">\n\t\t\t\t<div class=\"elementor-widget-container\">\n\t\t\t\t\t\t\t<div class=\"elementor-shortcode\"><\/div>\n\t\t\t\t\t\t<\/div>\n\t\t\t\t<\/div>\n\t\t\t\t<div class=\"elementor-element elementor-element-657f44db elementor-widget elementor-widget-spacer\" data-id=\"657f44db\" data-element_type=\"widget\" data-e-type=\"widget\" data-widget_type=\"spacer.default\">\n\t\t\t\t<div class=\"elementor-widget-container\">\n\t\t\t\t\t\t\t<div class=\"elementor-spacer\">\n\t\t\t<div class=\"elementor-spacer-inner\"><\/div>\n\t\t<\/div>\n\t\t\t\t\t\t<\/div>\n\t\t\t\t<\/div>\n\t\t\t\t<div class=\"elementor-element elementor-element-1dd68d7e elementor-widget elementor-widget-heading\" data-id=\"1dd68d7e\" data-element_type=\"widget\" data-e-type=\"widget\" data-widget_type=\"heading.default\">\n\t\t\t\t<div class=\"elementor-widget-container\">\n\t\t\t\t\t<h3 class=\"elementor-heading-title elementor-size-default\">Vom Roten Meer blicken wir auf die Woche<\/h3>\t\t\t\t<\/div>\n\t\t\t\t<\/div>\n\t\t\t\t<div class=\"elementor-element elementor-element-51b9a289 elementor-widget elementor-widget-text-editor\" data-id=\"51b9a289\" data-element_type=\"widget\" data-e-type=\"widget\" data-widget_type=\"text-editor.default\">\n\t\t\t\t<div class=\"elementor-widget-container\">\n\t\t\t\t\t\t\t\t\t<p>Auch in dieser Woche waren unsere Tauchlehrer wieder auf dem Roten Meer unterwegs und hatten von ihren <a href=\"https:\/\/james-mac.com\/en\/taegliche-tauchausfahrten\/\" target=\"_blank\" rel=\"noopener\">Diving Trips<\/a> einiges zu berichten. Bei uns in Hurghada ist immer was los und auch anderswo, nicht nur in \u00c4gypten passierten aufregende Dinge. Vom Roten Meer blicken wir auf die Woche:<\/p>\t\t\t\t\t\t\t\t<\/div>\n\t\t\t\t<\/div>\n\t\t\t\t<div class=\"elementor-element elementor-element-4a6f4415 elementor-widget elementor-widget-spacer\" data-id=\"4a6f4415\" data-element_type=\"widget\" data-e-type=\"widget\" data-widget_type=\"spacer.default\">\n\t\t\t\t<div class=\"elementor-widget-container\">\n\t\t\t\t\t\t\t<div class=\"elementor-spacer\">\n\t\t\t<div class=\"elementor-spacer-inner\"><\/div>\n\t\t<\/div>\n\t\t\t\t\t\t<\/div>\n\t\t\t\t<\/div>\n\t\t\t\t<div class=\"elementor-element elementor-element-5ff0f58 elementor-widget elementor-widget-image\" data-id=\"5ff0f58\" data-element_type=\"widget\" data-e-type=\"widget\" data-widget_type=\"image.default\">\n\t\t\t\t<div class=\"elementor-widget-container\">\n\t\t\t\t\t\t\t\t\t\t\t\t\t\t\t<img fetchpriority=\"high\" decoding=\"async\" width=\"640\" height=\"480\" src=\"https:\/\/james-mac.com\/wp-content\/uploads\/2022\/04\/Flunder-Moses-Seezunge-Foto-Sven-4x3-1-1024x768.jpg\" class=\"attachment-large size-large wp-image-29133\" alt=\"Ein bisschen Wind st\u00f6rte uns nicht\" srcset=\"https:\/\/james-mac.com\/wp-content\/uploads\/2022\/04\/Flunder-Moses-Seezunge-Foto-Sven-4x3-1-1024x768.jpg 1024w, https:\/\/james-mac.com\/wp-content\/uploads\/2022\/04\/Flunder-Moses-Seezunge-Foto-Sven-4x3-1-300x225.jpg 300w, https:\/\/james-mac.com\/wp-content\/uploads\/2022\/04\/Flunder-Moses-Seezunge-Foto-Sven-4x3-1-768x576.jpg 768w, https:\/\/james-mac.com\/wp-content\/uploads\/2022\/04\/Flunder-Moses-Seezunge-Foto-Sven-4x3-1-1536x1152.jpg 1536w, https:\/\/james-mac.com\/wp-content\/uploads\/2022\/04\/Flunder-Moses-Seezunge-Foto-Sven-4x3-1-16x12.jpg 16w, https:\/\/james-mac.com\/wp-content\/uploads\/2022\/04\/Flunder-Moses-Seezunge-Foto-Sven-4x3-1-155x116.jpg 155w, https:\/\/james-mac.com\/wp-content\/uploads\/2022\/04\/Flunder-Moses-Seezunge-Foto-Sven-4x3-1.jpg 1869w\" sizes=\"(max-width: 640px) 100vw, 640px\" \/>\t\t\t\t\t\t\t\t\t\t\t\t\t\t\t<\/div>\n\t\t\t\t<\/div>\n\t\t\t\t<div class=\"elementor-element elementor-element-2280868d elementor-widget elementor-widget-spacer\" data-id=\"2280868d\" data-element_type=\"widget\" data-e-type=\"widget\" data-widget_type=\"spacer.default\">\n\t\t\t\t<div class=\"elementor-widget-container\">\n\t\t\t\t\t\t\t<div class=\"elementor-spacer\">\n\t\t\t<div class=\"elementor-spacer-inner\"><\/div>\n\t\t<\/div>\n\t\t\t\t\t\t<\/div>\n\t\t\t\t<\/div>\n\t\t\t\t<div class=\"elementor-element elementor-element-4556563b elementor-widget elementor-widget-heading\" data-id=\"4556563b\" data-element_type=\"widget\" data-e-type=\"widget\" data-widget_type=\"heading.default\">\n\t\t\t\t<div class=\"elementor-widget-container\">\n\t\t\t\t\t<h3 class=\"elementor-heading-title elementor-size-default\">Angenehme Temperaturen und sch\u00f6ne Tauchg\u00e4nge rund um Hurghada<\/h3>\t\t\t\t<\/div>\n\t\t\t\t<\/div>\n\t\t\t\t<div class=\"elementor-element elementor-element-2a7b21f elementor-widget elementor-widget-text-editor\" data-id=\"2a7b21f\" data-element_type=\"widget\" data-e-type=\"widget\" data-widget_type=\"text-editor.default\">\n\t\t\t\t<div class=\"elementor-widget-container\">\n\t\t\t\t\t\t\t\t\t<p>Auf der Abu Musa begann das vergangene Wochenende gleich mit <a href=\"https:\/\/james-mac.com\/en\/tauchen-und-feiern-auf-dem-roten-meer\/\" target=\"_blank\" rel=\"noopener\">einer Feier<\/a>. Rageb, ein Mitglied der Musa-Besatzung, wollte seinen Geburtstag gemeinsam mit den Tauchg\u00e4sten feiern und brachte nicht nur reichlich Kuchen, sondern auch eine Geburtstagstorte mit an Bord. Nach zwei sch\u00f6nen und entspannten Tauchg\u00e4ngen in Shaab Samir und Fanadir suchte sich die Musa ein ruhiges Pl\u00e4tzchen und mit einem kr\u00e4ftigen Happy Birthday, einem Kaffee und mehreren St\u00fcckchen Kuchen und Torte beschlossen die G\u00e4ste und die Crew den Tauchtag.<\/p><p>Am Sonntag zog dann <a href=\"https:\/\/james-mac.com\/en\/vom-winde-verweht\/\" target=\"_blank\" rel=\"noopener\">kr\u00e4ftiger Wind<\/a> auf und brachte reichlich Sand mit. Tauchen rund um die Giftun Inseln und bei Abu Ramada war angesagt. \u00dcber Wasser war es zwar etwas tr\u00fcb, aber Unterwasser war die Sicht bombig und so konnte man nicht nur die gro\u00dfen Tiere, wie Napoleons, Adlerrochen oder auch unsere Hai-di gut erkennen, auch die Schnecken und Garnelen pr\u00e4sentierten sich im sch\u00f6nsten Licht.\u00a0<\/p><p>Fast alle unsere G\u00e4ste, die <a href=\"https:\/\/james-mac.com\/en\/nach-dem-tauchtag-ist-vor-dem-tauchtag\/\" target=\"_blank\" rel=\"noopener\">rund um Fanadir<\/a> tauchten, erlebten eine besondere \u00dcberraschung. Ein Delfin schloss sich immer wieder unseren Tauchern an und begleitete sie. Da gingen die Drachenk\u00f6pfe, Steinfische, Oktopusse und Redsea Walkmen fast unter. Aber nur fast, denn mit einem Auge sp\u00e4hte man ja immer noch nach den Besonderheiten, die das Riff zu bieten hat.<\/p><p>Langsam aber sicher verzog sich der Wind dann wieder und machte den Weg frei f\u00fcr sch\u00f6ne <a href=\"https:\/\/james-mac.com\/en\/mit-dem-wind-gings-nach-hause\/\" target=\"_blank\" rel=\"noopener\">Tauchg\u00e4nge im Norden<\/a>. Shaab Rur und Umm Gamar zeigten sich von ihrer besten Seite und am alten Polizeiboot gab es wieder unglaublich viel zu entdecken. Ein riesiger Schwarm Makrelen versperrte den Tauchern fast die Sicht aufs Wrack. Aber davon lie\u00dfen sie sich nat\u00fcrlich nicht beeindrucken und konnten einige Pyjama-Nacktschnecken, Hohlkreuzgarnelen und eine klitzekleine Riesenmur\u00e4ne entdecken. Gleichzeitig bei Giftun Ham Ham begegneten unsere Tauchg\u00e4ste einer Napoleon-Gro\u00dffamilie, bestehend aus 8 Mitgliedern.\u00a0<\/p><p>Nun ging die Tauchwoche wieder langsam ihrem Ende entgegen und die n\u00e4chste kann beginnen!\u00a0<\/p>\t\t\t\t\t\t\t\t<\/div>\n\t\t\t\t<\/div>\n\t\t\t\t<div class=\"elementor-element elementor-element-ae72246 elementor-widget elementor-widget-spacer\" data-id=\"ae72246\" data-element_type=\"widget\" data-e-type=\"widget\" data-widget_type=\"spacer.default\">\n\t\t\t\t<div class=\"elementor-widget-container\">\n\t\t\t\t\t\t\t<div class=\"elementor-spacer\">\n\t\t\t<div class=\"elementor-spacer-inner\"><\/div>\n\t\t<\/div>\n\t\t\t\t\t\t<\/div>\n\t\t\t\t<\/div>\n\t\t\t\t<div class=\"elementor-element elementor-element-562aff7 elementor-widget elementor-widget-image\" data-id=\"562aff7\" data-element_type=\"widget\" data-e-type=\"widget\" data-widget_type=\"image.default\">\n\t\t\t\t<div class=\"elementor-widget-container\">\n\t\t\t\t\t\t\t\t\t\t\t\t\t\t\t<img decoding=\"async\" width=\"640\" height=\"479\" src=\"https:\/\/james-mac.com\/wp-content\/uploads\/2020\/09\/Delfine-Baby-1024x767.jpg\" class=\"attachment-large size-large wp-image-11005\" alt=\"Vom Roten Meer blicken wir auf die Woche\" srcset=\"https:\/\/james-mac.com\/wp-content\/uploads\/2020\/09\/Delfine-Baby-1024x767.jpg 1024w, https:\/\/james-mac.com\/wp-content\/uploads\/2020\/09\/Delfine-Baby-300x225.jpg 300w, https:\/\/james-mac.com\/wp-content\/uploads\/2020\/09\/Delfine-Baby-768x576.jpg 768w, https:\/\/james-mac.com\/wp-content\/uploads\/2020\/09\/Delfine-Baby-1536x1151.jpg 1536w, https:\/\/james-mac.com\/wp-content\/uploads\/2020\/09\/Delfine-Baby-155x116.jpg 155w, https:\/\/james-mac.com\/wp-content\/uploads\/2020\/09\/Delfine-Baby.jpg 1984w\" sizes=\"(max-width: 640px) 100vw, 640px\" \/>\t\t\t\t\t\t\t\t\t\t\t\t\t\t\t<\/div>\n\t\t\t\t<\/div>\n\t\t\t\t<div class=\"elementor-element elementor-element-4ff3e15 elementor-widget elementor-widget-spacer\" data-id=\"4ff3e15\" data-element_type=\"widget\" data-e-type=\"widget\" data-widget_type=\"spacer.default\">\n\t\t\t\t<div class=\"elementor-widget-container\">\n\t\t\t\t\t\t\t<div class=\"elementor-spacer\">\n\t\t\t<div class=\"elementor-spacer-inner\"><\/div>\n\t\t<\/div>\n\t\t\t\t\t\t<\/div>\n\t\t\t\t<\/div>\n\t\t\t\t<div class=\"elementor-element elementor-element-24582ea8 elementor-widget elementor-widget-heading\" data-id=\"24582ea8\" data-element_type=\"widget\" data-e-type=\"widget\" data-widget_type=\"heading.default\">\n\t\t\t\t<div class=\"elementor-widget-container\">\n\t\t\t\t\t<h3 class=\"elementor-heading-title elementor-size-default\">Delfine besuchten unsere Taucher<\/h3>\t\t\t\t<\/div>\n\t\t\t\t<\/div>\n\t\t\t\t<div class=\"elementor-element elementor-element-bafc2a9 elementor-widget elementor-widget-text-editor\" data-id=\"bafc2a9\" data-element_type=\"widget\" data-e-type=\"widget\" data-widget_type=\"text-editor.default\">\n\t\t\t\t<div class=\"elementor-widget-container\">\n\t\t\t\t\t\t\t\t\t<p>Viele tolle Sichtungen hatten unsere Tauchg\u00e4ste in der letzten Woche, aber eines der sch\u00f6nsten Erlebnisse war sicherlich die Begegnung mit Delfinen. Immer wieder trafen sie auf einen oder mehrere dieser freundlichen Meeresbewohner und das ist immer eine Erinnerung, die man strahlend mit nach Hause nimmt. Schnorcheln mit Delfinen ist eine sch\u00f6ne Sache, doch Tauchen mit Delfinen ist noch einmal etwas ganz anderes. Wir verfolgen die Tiere dabei niemals, sie kommen zu uns, wenn sie in Spiellaune sind oder neugierig aus die seltsamen Wesen, die so viele Blubberblasen von sich geben. Doch was ist das <a class=\"c-link\" tabindex=\"-1\" href=\"https:\/\/www.dolphinwatchalliance.org\/images\/pdf\/2016_hurghada-delfine_de.pdf\" target=\"_blank\" rel=\"noopener noreferrer\" data-stringify-link=\"https:\/\/www.dolphinwatchalliance.org\/images\/pdf\/2016_hurghada-delfine_de.pdf\" data-sk=\"tooltip_parent\" data-remove-tab-index=\"true\">Besondere an Delfinen<\/a>\u00a0und wie leben sie eigentlich? Wir haben uns die faszinierenden Gesch\u00f6pfe einmal n\u00e4her angeschaut.<\/p><p>Am h\u00e4ufigsten trifft man bei uns den\u00a0<a class=\"c-link\" tabindex=\"-1\" href=\"https:\/\/de.wikipedia.org\/wiki\/Indopazifischer_Gro%C3%9Fer_T%C3%BCmmler\" target=\"_blank\" rel=\"noopener noreferrer\" data-stringify-link=\"https:\/\/de.wikipedia.org\/wiki\/Indopazifischer_Gro%C3%9Fer_T%C3%BCmmler\" data-sk=\"tooltip_parent\" data-remove-tab-index=\"true\">Indopazifischen Gro\u00dfen T\u00fcmmler<\/a> an. Er ist im Roten Meer, an der afrikanischen Ostk\u00fcste, und m Indischen Ozean h\u00e4ufig anzutreffen. Sein R\u00fccken ist dunkelgrau, sein Bauch ist hellgrau oder fast wei\u00df mit grauen Flecken. \u00dcber 40 Jahre alt kann er im besten Fall werden. Als Baby ist er ca. 1 m gro\u00df und wiegt um die 20 kg. Ausgewachsen kann er \u00fcber 200 kg auf die Waage bringen und erreicht eine L\u00e4nge von um die 2,5 m. T\u00fcmmler sind gerne in Gruppen unterwegs, manchmal gemischt, aber auch nur Weibchen, oft mit dem Nachwuchs oder auch als reine M\u00e4nnergruppe. Ihre Lieblingsspeise sind Fische und als Feinschmecker g\u00f6nnen sie sich auch gerne mal einen Kalmar oder einen Oktopus. Auch Krebse stehen auf der Speisekarte.<\/p><p>Wenn sie in <a href=\"https:\/\/james-mac.com\/en\/ein-perfekter-abschluss-der-minisafari\/\" target=\"_blank\" rel=\"noopener\">Spiellaune<\/a> sind, dann zeigen sie das deutlich. So kann es schon mal vorkommen, dass ein Delfin dem Taucher ein Korallenst\u00fcckchen zuwirft und das \u201eBallspiel\u201c beginnt. Da sie auch beim Schlafen schwimmen, sollte man sie immer in Ruhe vorbeiziehen lassen. Auch Anfassen ist streng verboten. Aber den Anblick still genie\u00dfen ist nat\u00fcrlich erlaubt!<span class=\"c-message__edited_label\" dir=\"ltr\" data-sk=\"tooltip_parent\">\u00a0<\/span><\/p>\t\t\t\t\t\t\t\t<\/div>\n\t\t\t\t<\/div>\n\t\t\t\t<div class=\"elementor-element elementor-element-2a7e7ad elementor-widget elementor-widget-spacer\" data-id=\"2a7e7ad\" data-element_type=\"widget\" data-e-type=\"widget\" data-widget_type=\"spacer.default\">\n\t\t\t\t<div class=\"elementor-widget-container\">\n\t\t\t\t\t\t\t<div class=\"elementor-spacer\">\n\t\t\t<div class=\"elementor-spacer-inner\"><\/div>\n\t\t<\/div>\n\t\t\t\t\t\t<\/div>\n\t\t\t\t<\/div>\n\t\t\t\t<div class=\"elementor-element elementor-element-34ecdfe elementor-widget elementor-widget-image\" data-id=\"34ecdfe\" data-element_type=\"widget\" data-e-type=\"widget\" data-widget_type=\"image.default\">\n\t\t\t\t<div class=\"elementor-widget-container\">\n\t\t\t\t\t\t\t\t\t\t\t\t\t\t\t<img decoding=\"async\" width=\"640\" height=\"480\" src=\"https:\/\/james-mac.com\/wp-content\/uploads\/2021\/01\/sphinx-2987112_1920-Pixabay-4x3-1-1024x768.jpg\" class=\"attachment-large size-large wp-image-15132\" alt=\"Sphinx\" srcset=\"https:\/\/james-mac.com\/wp-content\/uploads\/2021\/01\/sphinx-2987112_1920-Pixabay-4x3-1-1024x768.jpg 1024w, https:\/\/james-mac.com\/wp-content\/uploads\/2021\/01\/sphinx-2987112_1920-Pixabay-4x3-1-300x225.jpg 300w, https:\/\/james-mac.com\/wp-content\/uploads\/2021\/01\/sphinx-2987112_1920-Pixabay-4x3-1-768x576.jpg 768w, https:\/\/james-mac.com\/wp-content\/uploads\/2021\/01\/sphinx-2987112_1920-Pixabay-4x3-1-1536x1152.jpg 1536w, https:\/\/james-mac.com\/wp-content\/uploads\/2021\/01\/sphinx-2987112_1920-Pixabay-4x3-1-16x12.jpg 16w, https:\/\/james-mac.com\/wp-content\/uploads\/2021\/01\/sphinx-2987112_1920-Pixabay-4x3-1-155x116.jpg 155w, https:\/\/james-mac.com\/wp-content\/uploads\/2021\/01\/sphinx-2987112_1920-Pixabay-4x3-1.jpg 1706w\" sizes=\"(max-width: 640px) 100vw, 640px\" \/>\t\t\t\t\t\t\t\t\t\t\t\t\t\t\t<\/div>\n\t\t\t\t<\/div>\n\t\t\t\t<div class=\"elementor-element elementor-element-96849f7 elementor-widget elementor-widget-spacer\" data-id=\"96849f7\" data-element_type=\"widget\" data-e-type=\"widget\" data-widget_type=\"spacer.default\">\n\t\t\t\t<div class=\"elementor-widget-container\">\n\t\t\t\t\t\t\t<div class=\"elementor-spacer\">\n\t\t\t<div class=\"elementor-spacer-inner\"><\/div>\n\t\t<\/div>\n\t\t\t\t\t\t<\/div>\n\t\t\t\t<\/div>\n\t\t\t\t<div class=\"elementor-element elementor-element-7d4bfbb elementor-widget elementor-widget-heading\" data-id=\"7d4bfbb\" data-element_type=\"widget\" data-e-type=\"widget\" data-widget_type=\"heading.default\">\n\t\t\t\t<div class=\"elementor-widget-container\">\n\t\t\t\t\t<h3 class=\"elementor-heading-title elementor-size-default\">Hat die Gro\u00dfe Sphinx die Augen zugemacht?<\/h3>\t\t\t\t<\/div>\n\t\t\t\t<\/div>\n\t\t\t\t<div class=\"elementor-element elementor-element-ece2189 elementor-widget elementor-widget-text-editor\" data-id=\"ece2189\" data-element_type=\"widget\" data-e-type=\"widget\" data-widget_type=\"text-editor.default\">\n\t\t\t\t<div class=\"elementor-widget-container\">\n\t\t\t\t\t\t\t\t\t<p>Vor kurzem haben Fotos der Gro\u00dfen\u00a0<a class=\"c-link\" href=\"https:\/\/de.wikipedia.org\/wiki\/Gro%C3%9Fe_Sphinx_von_Gizeh\" target=\"_blank\" rel=\"noopener noreferrer\" data-stringify-link=\"https:\/\/de.wikipedia.org\/wiki\/Gro%C3%9Fe_Sphinx_von_Gizeh\" data-sk=\"tooltip_parent\">Sphinx<\/a> von Gizeh mit geschlossenen Augen die sozialen Medien erobert. Normalerweise hat die Sphinx ihre Augen offen. In dem urspr\u00fcnglichen Beitrag hie\u00df es, dass einige Bilder von der Sphinx mit <a class=\"c-link\" href=\"https:\/\/egyptianstreets.com\/2022\/05\/15\/did-egypts-sphinx-really-close-its-eyes\/\" target=\"_blank\" rel=\"noopener noreferrer\" data-stringify-link=\"https:\/\/egyptianstreets.com\/2022\/05\/15\/did-egypts-sphinx-really-close-its-eyes\/\" data-sk=\"tooltip_parent\">geschlossenen Augen<\/a>\u00a0gemacht wurden. Darin ist es so dargestellt, dass dieses Ph\u00e4nomen ohne menschliches Zutun oder Restaurierungsarbeiten entstanden ist. Die Bilder hat man nat\u00fcrlich gleich mit der alt\u00e4gyptischen Mythologie in Verbindung gebracht. Diese besagt, dass das Ende der Zeit kommt, wenn die Sphinx schl\u00e4ft und die Jahreszeiten wechseln. Doch was ist nun dran an den Fotos und Videos?<\/p><p>Das Ministerium f\u00fcr Tourismus und Antiquit\u00e4ten dementierte die\u00a0<a class=\"c-link\" href=\"https:\/\/www.egypttoday.com\/Article\/1\/115824\/Sphinx-is-all-the-rage-on-social-media-and-Egyptians\" target=\"_blank\" rel=\"noopener noreferrer\" data-stringify-link=\"https:\/\/www.egypttoday.com\/Article\/1\/115824\/Sphinx-is-all-the-rage-on-social-media-and-Egyptians\" data-sk=\"tooltip_parent\">kursierenden Nachrichten<\/a>\u00a0offiziell und erkl\u00e4rte, dass die Fotos ver\u00e4ndert wurden und es sich in Wirklichkeit nicht um das Ende der Welt handelt. Die Originalbilder stammen von der Website Getty Images und wurden aus einem bestimmten Winkel aufgenommen, der es so aussehen l\u00e4sst, als seien die Augen der Sphinx geschlossen. Aus diesem Winkel und gegen die Sonne aufgenommen, sind die wirklichen Gesichtsz\u00fcge nur undeutlich erkennbar. Einige Nutzer gingen dennoch einen Schritt weiter und f\u00fcgten weitere Bilder hinzu, um die Ger\u00fcchte zu best\u00e4tigen.<\/p><p>Die Gro\u00dfe Sphinx ist eine der bekanntesten und meistbesuchten St\u00e4tten \u00c4gyptens. Es wird angenommen, dass die kolossale Kalksteinstatue w\u00e4hrend des Alten Reiches errichtet wurde und die Gesichtsz\u00fcge des Herrschers Khafre tr\u00e4gt, dem eine der gro\u00dfen Pyramiden von Gizeh geh\u00f6rt. Lange Zeit war sie komplett unter Sand begraben, weshalb sie heute noch so gut erhalten ist.<\/p><p>Sehr oft steht das alte \u00c4gypten im Mittelpunkt mystischer und magischer Betrachtungen, die\u00a0<a class=\"c-link\" href=\"https:\/\/www.tweaktown.com\/news\/86210\/great-sphinx-of-giza-in-egypt-eyes-are-closed-is-it-hoax\/index.html\" target=\"_blank\" rel=\"noopener noreferrer\" data-stringify-link=\"https:\/\/www.tweaktown.com\/news\/86210\/great-sphinx-of-giza-in-egypt-eyes-are-closed-is-it-hoax\/index.html\" data-sk=\"tooltip_parent\">weit hergeholte Theorien<\/a>\u00a0vertreten. Verschw\u00f6rungstheorien sind hier weit verbreitet. Etliche Fans des alten \u00c4gyptens greifen auf unseri\u00f6se Seiten, schlecht gemachte Dokumentarfilme und Amateurvideos und -berichte zur\u00fcck, um mehr \u00fcber die Zivilisation zu erfahren, die bereits Millionen von Menschen zu ihren St\u00e4tten gelockt hat.<\/p>\t\t\t\t\t\t\t\t<\/div>\n\t\t\t\t<\/div>\n\t\t\t\t<div class=\"elementor-element elementor-element-b431e0a elementor-widget elementor-widget-spacer\" data-id=\"b431e0a\" data-element_type=\"widget\" data-e-type=\"widget\" data-widget_type=\"spacer.default\">\n\t\t\t\t<div class=\"elementor-widget-container\">\n\t\t\t\t\t\t\t<div class=\"elementor-spacer\">\n\t\t\t<div class=\"elementor-spacer-inner\"><\/div>\n\t\t<\/div>\n\t\t\t\t\t\t<\/div>\n\t\t\t\t<\/div>\n\t\t\t\t<div class=\"elementor-element elementor-element-fb45c1a elementor-widget elementor-widget-image\" data-id=\"fb45c1a\" data-element_type=\"widget\" data-e-type=\"widget\" data-widget_type=\"image.default\">\n\t\t\t\t<div class=\"elementor-widget-container\">\n\t\t\t\t\t\t\t\t\t\t\t\t\t\t\t<img loading=\"lazy\" decoding=\"async\" width=\"640\" height=\"480\" src=\"https:\/\/james-mac.com\/wp-content\/uploads\/2022\/05\/BWDR-Adler-1-1024x768.jpg\" class=\"attachment-large size-large wp-image-29519\" alt=\"\" srcset=\"https:\/\/james-mac.com\/wp-content\/uploads\/2022\/05\/BWDR-Adler-1-1024x768.jpg 1024w, https:\/\/james-mac.com\/wp-content\/uploads\/2022\/05\/BWDR-Adler-1-300x225.jpg 300w, https:\/\/james-mac.com\/wp-content\/uploads\/2022\/05\/BWDR-Adler-1-768x576.jpg 768w, https:\/\/james-mac.com\/wp-content\/uploads\/2022\/05\/BWDR-Adler-1-1536x1152.jpg 1536w, https:\/\/james-mac.com\/wp-content\/uploads\/2022\/05\/BWDR-Adler-1-2048x1536.jpg 2048w, https:\/\/james-mac.com\/wp-content\/uploads\/2022\/05\/BWDR-Adler-1-16x12.jpg 16w, https:\/\/james-mac.com\/wp-content\/uploads\/2022\/05\/BWDR-Adler-1-155x116.jpg 155w\" sizes=\"(max-width: 640px) 100vw, 640px\" \/>\t\t\t\t\t\t\t\t\t\t\t\t\t\t\t<\/div>\n\t\t\t\t<\/div>\n\t\t\t\t<div class=\"elementor-element elementor-element-13ceb87c elementor-widget elementor-widget-spacer\" data-id=\"13ceb87c\" data-element_type=\"widget\" data-e-type=\"widget\" data-widget_type=\"spacer.default\">\n\t\t\t\t<div class=\"elementor-widget-container\">\n\t\t\t\t\t\t\t<div class=\"elementor-spacer\">\n\t\t\t<div class=\"elementor-spacer-inner\"><\/div>\n\t\t<\/div>\n\t\t\t\t\t\t<\/div>\n\t\t\t\t<\/div>\n\t\t\t\t<div class=\"elementor-element elementor-element-389c9a69 elementor-widget elementor-widget-heading\" data-id=\"389c9a69\" data-element_type=\"widget\" data-e-type=\"widget\" data-widget_type=\"heading.default\">\n\t\t\t\t<div class=\"elementor-widget-container\">\n\t\t\t\t\t<h3 class=\"elementor-heading-title elementor-size-default\">\u00c4gypten sch\u00fctzt bedrohte Vogelarten<\/h3>\t\t\t\t<\/div>\n\t\t\t\t<\/div>\n\t\t\t\t<div class=\"elementor-element elementor-element-655c917 elementor-widget elementor-widget-text-editor\" data-id=\"655c917\" data-element_type=\"widget\" data-e-type=\"widget\" data-widget_type=\"text-editor.default\">\n\t\t\t\t<div class=\"elementor-widget-container\">\n\t\t\t\t\t\t\t\t\t<p>Jedes Jahr am 14. Mai ist Weltzugvogeltag. Auch in diesem Jahr ziehen wieder im Fr\u00fchjahr und im Herbst viele V\u00f6gel \u00fcber \u00c4gypten hinweg. Das Rote Meer ist eine der wichtigsten Stationen f\u00fcr V\u00f6gel, die im Fr\u00fchjahr und Herbst von Europa nach Afrika und umgekehrt ziehen; eine gro\u00dfe Zahl von ihnen erreicht auf der Suche nach Nahrung die Ufer des Roten Meeres. Hier treffen Millionen von V\u00f6geln verschiedener Arten ein: Adler, Falken, Wei\u00dfst\u00f6rche und andere V\u00f6gel. V\u00f6gel von 350 verschiedenen Arten ziehen durch \u00c4gypten, von denen 100 das Rote Meer \u00fcberqueren.\u00a0<\/p><p>Warum w\u00e4hlen die V\u00f6gel im Winter und im Fr\u00fchjahr \u00c4gypten? V\u00f6gel sind sehr w\u00e4hlerisch, was ihre Lebensr\u00e4ume auf ihren Wanderungen angeht. \u00c4gyptens gem\u00e4\u00dfigtes Klima in der Wintersaison und die Lage am Roten Meer, das reichlich Nahrung bietet, sind die Hauptattraktionen f\u00fcr diese Zugv\u00f6gel, ganz zu schweigen davon, dass es auf dem Weg zu ihrem Ziel liegt.<\/p><p>Ein gro\u00dfes\u00a0<a class=\"c-link\" tabindex=\"-1\" href=\"https:\/\/news.middleeast-24.com\/news\/201761.html\" target=\"_blank\" rel=\"noopener noreferrer\" data-stringify-link=\"https:\/\/news.middleeast-24.com\/news\/201761.html\" data-sk=\"tooltip_parent\" data-remove-tab-index=\"true\">Lob<\/a> gab es f\u00fcr \u00c4gypten k\u00fcrzlich von der \u201eConvention on the Conservation of Migratory Species of Wild Animals\u201c (\u00dcbereinkommen zur Erhaltung der wandernden wild lebenden Tierarten)-<\/p><p>Die <a class=\"c-link\" tabindex=\"-1\" href=\"https:\/\/www.cms.int\/\" target=\"_blank\" rel=\"noopener noreferrer\" data-stringify-link=\"https:\/\/www.cms.int\/\" data-sk=\"tooltip_parent\" data-remove-tab-index=\"true\">CMS<\/a>\u00a0lobte ausdr\u00fccklich die \u00e4gyptischen Bem\u00fchungen um den Schutz bedrohter V\u00f6gel in der Galala-Beobachtungsstelle f\u00fcr Zugv\u00f6gel. In der Galala-Beobachtungsstelle f\u00fcr Zugv\u00f6gel, die von einem multinationalen \u00dcberwachungsteam geleitet wird, hat man w\u00e4hrend des Fr\u00fchjahrs 377.488 V\u00f6gel beobachtet.<\/p><p>Die\u00a0<a class=\"c-link\" tabindex=\"-1\" href=\"https:\/\/www.bonn.de\/themen-entdecken\/uno-internationales\/unep-cms-sekretariatdesuebereinkommenszurerhaltungderwanderndenwildlebendentierarten.php#:~:text=CMS%20wird%20vom%20UNO%2DUmweltprogramm,Lande%20und%20in%20der%20Luft.\" target=\"_blank\" rel=\"noopener noreferrer\" data-stringify-link=\"https:\/\/www.bonn.de\/themen-entdecken\/uno-internationales\/unep-cms-sekretariatdesuebereinkommenszurerhaltungderwanderndenwildlebendentierarten.php#:~:text=CMS%20wird%20vom%20UNO%2DUmweltprogramm,Lande%20und%20in%20der%20Luft.\" data-sk=\"tooltip_parent\" data-remove-tab-index=\"true\">Organisation<\/a>\u00a0lobte die Rolle \u00c4gyptens bei der Unterst\u00fctzung der Nationalen Aufkl\u00e4rungsstelle (<a class=\"c-link\" tabindex=\"-1\" href=\"https:\/\/www.nro.gov\/\" target=\"_blank\" rel=\"noopener noreferrer\" data-stringify-link=\"https:\/\/www.nro.gov\/\" data-sk=\"tooltip_parent\" data-remove-tab-index=\"true\">NRO<\/a>) in Zusammenarbeit mit der zust\u00e4ndigen Beh\u00f6rde der Streitkr\u00e4fte. Hierbei geht es um die \u00dcberwachung eines der gef\u00e4hrdeten Adler auf dem Berg El Galala. Der 3.300 m hohe Berg wird von der internationalen Organisation als einer der besten Standorte f\u00fcr die \u00dcberwachung von V\u00f6geln in \u00c4gypten und Nordafrika bezeichnet. Der \u00e4gyptische Naturschutzbund (NCE) und das Umweltministerium haben vor kurzem im Rahmen des Projekts \u201eNeues Leben f\u00fcr den \u00e4gyptischen Adler\u201c das Galala-Observatorium f\u00fcr Zugv\u00f6gel eingerichtet.<\/p>\t\t\t\t\t\t\t\t<\/div>\n\t\t\t\t<\/div>\n\t\t\t\t<div class=\"elementor-element elementor-element-d43694b elementor-widget elementor-widget-spacer\" data-id=\"d43694b\" data-element_type=\"widget\" data-e-type=\"widget\" data-widget_type=\"spacer.default\">\n\t\t\t\t<div class=\"elementor-widget-container\">\n\t\t\t\t\t\t\t<div class=\"elementor-spacer\">\n\t\t\t<div class=\"elementor-spacer-inner\"><\/div>\n\t\t<\/div>\n\t\t\t\t\t\t<\/div>\n\t\t\t\t<\/div>\n\t\t\t\t<div class=\"elementor-element elementor-element-b337408 elementor-widget elementor-widget-heading\" data-id=\"b337408\" data-element_type=\"widget\" data-e-type=\"widget\" data-widget_type=\"heading.default\">\n\t\t\t\t<div class=\"elementor-widget-container\">\n\t\t\t\t\t<h3 class=\"elementor-heading-title elementor-size-default\">Vom Roten Meer blicken wir auf die Woche<\/h3>\t\t\t\t<\/div>\n\t\t\t\t<\/div>\n\t\t\t\t<div class=\"elementor-element elementor-element-69fa36c3 elementor-widget elementor-widget-text-editor\" data-id=\"69fa36c3\" data-element_type=\"widget\" data-e-type=\"widget\" data-widget_type=\"text-editor.default\">\n\t\t\t\t<div class=\"elementor-widget-container\">\n\t\t\t\t\t\t\t\t\t<p>Das war: Vom Roten Meer blicken wir auf die Woche. N\u00e4chste Woche gibt es wieder aktuelle Neuigkeiten von \u00c4gypten und anderswo <a href=\"https:\/\/james-mac.com\/en\/news-3\/\" target=\"_blank\" rel=\"noopener\">zu berichten<\/a>, wir halten euch auf dem Laufenden!<\/p>\t\t\t\t\t\t\t\t<\/div>\n\t\t\t\t<\/div>\n\t\t\t\t<div class=\"elementor-element elementor-element-4151c811 elementor-widget elementor-widget-text-editor\" data-id=\"4151c811\" data-element_type=\"widget\" data-e-type=\"widget\" data-widget_type=\"text-editor.default\">\n\t\t\t\t<div class=\"elementor-widget-container\">\n\t\t\t\t\t\t\t\t\t<p>Vom Roten Meer blicken wir auf die Woche. James &amp; Mac Diving Center \u2013 Fotonachweise: James &amp; Mac,\u00a0<\/p>\t\t\t\t\t\t\t\t<\/div>\n\t\t\t\t<\/div>\n\t\t\t\t\t<\/div>\n\t\t<\/div>\n\t\t\t\t\t<\/div>\n\t\t<\/section>\n\t\t\t\t\t<\/div>\n\t\t<\/div>\n\t\t\t\t\t<\/div>\n\t\t<\/section>\n\t\t\t\t<\/div>","protected":false},"excerpt":{"rendered":"<p>Vom Roten Meer blicken wir auf die Woche Auch in dieser Woche waren unsere Tauchlehrer wieder auf dem Roten Meer unterwegs und hatten von ihren Tauchausfahrten einiges zu berichten. Bei uns in Hurghada ist immer was los und auch anderswo, nicht nur in \u00c4gypten passierten aufregende Dinge. Vom Roten Meer blicken wir auf die Woche: Angenehme Temperaturen und sch\u00f6ne Tauchg\u00e4nge rund um Hurghada Auf der Abu Musa begann das vergangene Wochenende gleich mit einer Feier. Rageb, ein Mitglied der Musa-Besatzung,&hellip;<\/p>","protected":false},"author":4,"featured_media":29547,"comment_status":"open","ping_status":"closed","sticky":false,"template":"","format":"standard","meta":{"footnotes":""},"categories":[1],"tags":[837,136,170,135,413,355],"class_list":["post-29510","post","type-post","status-publish","format-standard","has-post-thumbnail","hentry","category-blog-rotes-meer","tag-837","tag-aegypten","tag-hurghada","tag-rotes-meer","tag-rueckblick","tag-wochenrueckblick","post-has-thumbnail"],"yoast_head":"<!-- This site is optimized with the Yoast SEO plugin v27.5 - https:\/\/yoast.com\/product\/yoast-seo-wordpress\/ -->\n<title>Vom Roten Meer blicken wir auf die Woche - James &amp; Mac Diving Center<\/title>\n<meta name=\"description\" content=\"Vom Roten Meer blicken wir auf die Woche. Auch diese Woche blicken wir wieder auf Dinge zur\u00fcck, die in \u00c4gypten und anderswo passiert sind.\" \/>\n<meta name=\"robots\" content=\"index, follow, max-snippet:-1, max-image-preview:large, max-video-preview:-1\" \/>\n<link rel=\"canonical\" href=\"https:\/\/james-mac.com\/en\/vom-roten-meer-blicken-wir-auf-die-woche\/\" \/>\n<meta property=\"og:locale\" content=\"en_GB\" \/>\n<meta property=\"og:type\" content=\"article\" \/>\n<meta property=\"og:title\" content=\"Vom Roten Meer blicken wir auf die Woche - James &amp; Mac Diving Center\" \/>\n<meta property=\"og:description\" content=\"Vom Roten Meer blicken wir auf die Woche. Auch diese Woche blicken wir wieder auf Dinge zur\u00fcck, die in \u00c4gypten und anderswo passiert sind.\" \/>\n<meta property=\"og:url\" content=\"https:\/\/james-mac.com\/en\/vom-roten-meer-blicken-wir-auf-die-woche\/\" \/>\n<meta property=\"og:site_name\" content=\"James &amp; Mac Diving Center\" \/>\n<meta property=\"article:publisher\" content=\"https:\/\/www.facebook.com\/jamesandmac\/\" \/>\n<meta property=\"article:published_time\" content=\"2022-05-21T05:51:00+00:00\" \/>\n<meta property=\"article:modified_time\" content=\"2022-05-21T06:00:23+00:00\" \/>\n<meta property=\"og:image\" content=\"https:\/\/james-mac.com\/wp-content\/uploads\/2022\/05\/Ham-Ham-Meer-Leer-Foto-Patrick-4x3-1-scaled.jpg\" \/>\n\t<meta property=\"og:image:width\" content=\"2560\" \/>\n\t<meta property=\"og:image:height\" content=\"1920\" \/>\n\t<meta property=\"og:image:type\" content=\"image\/jpeg\" \/>\n<meta name=\"author\" content=\"Ameli\" \/>\n<meta name=\"twitter:card\" content=\"summary_large_image\" \/>\n<meta name=\"twitter:creator\" content=\"@James_Mac_HRG\" \/>\n<meta name=\"twitter:site\" content=\"@James_Mac_HRG\" \/>\n<meta name=\"twitter:label1\" content=\"Written by\" \/>\n\t<meta name=\"twitter:data1\" content=\"Ameli\" \/>\n\t<meta name=\"twitter:label2\" content=\"Estimated reading time\" \/>\n\t<meta name=\"twitter:data2\" content=\"9 minutes\" \/>\n<script type=\"application\/ld+json\" class=\"yoast-schema-graph\">{\"@context\":\"https:\\\/\\\/schema.org\",\"@graph\":[{\"@type\":\"Article\",\"@id\":\"https:\\\/\\\/james-mac.com\\\/vom-roten-meer-blicken-wir-auf-die-woche\\\/#article\",\"isPartOf\":{\"@id\":\"https:\\\/\\\/james-mac.com\\\/vom-roten-meer-blicken-wir-auf-die-woche\\\/\"},\"author\":{\"name\":\"Ameli\",\"@id\":\"https:\\\/\\\/james-mac.com\\\/#\\\/schema\\\/person\\\/bdad9b5a4498bd11efeed74d2676eee4\"},\"headline\":\"Vom Roten Meer blicken wir auf die Woche\",\"datePublished\":\"2022-05-21T05:51:00+00:00\",\"dateModified\":\"2022-05-21T06:00:23+00:00\",\"mainEntityOfPage\":{\"@id\":\"https:\\\/\\\/james-mac.com\\\/vom-roten-meer-blicken-wir-auf-die-woche\\\/\"},\"wordCount\":1452,\"commentCount\":1,\"publisher\":{\"@id\":\"https:\\\/\\\/james-mac.com\\\/#organization\"},\"image\":{\"@id\":\"https:\\\/\\\/james-mac.com\\\/vom-roten-meer-blicken-wir-auf-die-woche\\\/#primaryimage\"},\"thumbnailUrl\":\"https:\\\/\\\/james-mac.com\\\/wp-content\\\/uploads\\\/2022\\\/05\\\/Ham-Ham-Meer-Leer-Foto-Patrick-4x3-1-scaled.jpg\",\"keywords\":[\"2022\",\"\u00c4gypten\",\"Hurghada\",\"Rotes Meer\",\"R\u00fcckblick\",\"Wochenr\u00fcckblick\"],\"articleSection\":[\"Blog Rotes Meer\"],\"inLanguage\":\"en-GB\",\"potentialAction\":[{\"@type\":\"CommentAction\",\"name\":\"Comment\",\"target\":[\"https:\\\/\\\/james-mac.com\\\/vom-roten-meer-blicken-wir-auf-die-woche\\\/#respond\"]}]},{\"@type\":\"WebPage\",\"@id\":\"https:\\\/\\\/james-mac.com\\\/vom-roten-meer-blicken-wir-auf-die-woche\\\/\",\"url\":\"https:\\\/\\\/james-mac.com\\\/vom-roten-meer-blicken-wir-auf-die-woche\\\/\",\"name\":\"Vom Roten Meer blicken wir auf die Woche - James &amp; Mac Diving Center\",\"isPartOf\":{\"@id\":\"https:\\\/\\\/james-mac.com\\\/#website\"},\"primaryImageOfPage\":{\"@id\":\"https:\\\/\\\/james-mac.com\\\/vom-roten-meer-blicken-wir-auf-die-woche\\\/#primaryimage\"},\"image\":{\"@id\":\"https:\\\/\\\/james-mac.com\\\/vom-roten-meer-blicken-wir-auf-die-woche\\\/#primaryimage\"},\"thumbnailUrl\":\"https:\\\/\\\/james-mac.com\\\/wp-content\\\/uploads\\\/2022\\\/05\\\/Ham-Ham-Meer-Leer-Foto-Patrick-4x3-1-scaled.jpg\",\"datePublished\":\"2022-05-21T05:51:00+00:00\",\"dateModified\":\"2022-05-21T06:00:23+00:00\",\"description\":\"Vom Roten Meer blicken wir auf die Woche. Auch diese Woche blicken wir wieder auf Dinge zur\u00fcck, die in \u00c4gypten und anderswo passiert sind.\",\"breadcrumb\":{\"@id\":\"https:\\\/\\\/james-mac.com\\\/vom-roten-meer-blicken-wir-auf-die-woche\\\/#breadcrumb\"},\"inLanguage\":\"en-GB\",\"potentialAction\":[{\"@type\":\"ReadAction\",\"target\":[\"https:\\\/\\\/james-mac.com\\\/vom-roten-meer-blicken-wir-auf-die-woche\\\/\"]}]},{\"@type\":\"ImageObject\",\"inLanguage\":\"en-GB\",\"@id\":\"https:\\\/\\\/james-mac.com\\\/vom-roten-meer-blicken-wir-auf-die-woche\\\/#primaryimage\",\"url\":\"https:\\\/\\\/james-mac.com\\\/wp-content\\\/uploads\\\/2022\\\/05\\\/Ham-Ham-Meer-Leer-Foto-Patrick-4x3-1-scaled.jpg\",\"contentUrl\":\"https:\\\/\\\/james-mac.com\\\/wp-content\\\/uploads\\\/2022\\\/05\\\/Ham-Ham-Meer-Leer-Foto-Patrick-4x3-1-scaled.jpg\",\"width\":2560,\"height\":1920,\"caption\":\"Vom Roten Meer blicken wir auf die Woche\"},{\"@type\":\"BreadcrumbList\",\"@id\":\"https:\\\/\\\/james-mac.com\\\/vom-roten-meer-blicken-wir-auf-die-woche\\\/#breadcrumb\",\"itemListElement\":[{\"@type\":\"ListItem\",\"position\":1,\"name\":\"Home\",\"item\":\"https:\\\/\\\/james-mac.com\\\/\"},{\"@type\":\"ListItem\",\"position\":2,\"name\":\"Blog Rotes Meer\",\"item\":\"https:\\\/\\\/james-mac.com\\\/en\\\/category\\\/blog-rotes-meer\\\/\"},{\"@type\":\"ListItem\",\"position\":3,\"name\":\"Vom Roten Meer blicken wir auf die Woche\"}]},{\"@type\":\"WebSite\",\"@id\":\"https:\\\/\\\/james-mac.com\\\/#website\",\"url\":\"https:\\\/\\\/james-mac.com\\\/\",\"name\":\"James &amp; Mac Diving Center\",\"description\":\"Red sea diving since 1987\",\"publisher\":{\"@id\":\"https:\\\/\\\/james-mac.com\\\/#organization\"},\"potentialAction\":[{\"@type\":\"SearchAction\",\"target\":{\"@type\":\"EntryPoint\",\"urlTemplate\":\"https:\\\/\\\/james-mac.com\\\/?s={search_term_string}\"},\"query-input\":{\"@type\":\"PropertyValueSpecification\",\"valueRequired\":true,\"valueName\":\"search_term_string\"}}],\"inLanguage\":\"en-GB\"},{\"@type\":\"Organization\",\"@id\":\"https:\\\/\\\/james-mac.com\\\/#organization\",\"name\":\"James & Mac\",\"url\":\"https:\\\/\\\/james-mac.com\\\/\",\"logo\":{\"@type\":\"ImageObject\",\"inLanguage\":\"en-GB\",\"@id\":\"https:\\\/\\\/james-mac.com\\\/#\\\/schema\\\/logo\\\/image\\\/\",\"url\":\"\",\"contentUrl\":\"\",\"caption\":\"James & Mac\"},\"image\":{\"@id\":\"https:\\\/\\\/james-mac.com\\\/#\\\/schema\\\/logo\\\/image\\\/\"},\"sameAs\":[\"https:\\\/\\\/www.facebook.com\\\/jamesandmac\\\/\",\"https:\\\/\\\/x.com\\\/James_Mac_HRG\",\"https:\\\/\\\/www.instagram.com\\\/jamesundmacdiving\\\/\",\"https:\\\/\\\/www.youtube.com\\\/user\\\/james1987mac\"]},{\"@type\":\"Person\",\"@id\":\"https:\\\/\\\/james-mac.com\\\/#\\\/schema\\\/person\\\/bdad9b5a4498bd11efeed74d2676eee4\",\"name\":\"Ameli\",\"image\":{\"@type\":\"ImageObject\",\"inLanguage\":\"en-GB\",\"@id\":\"https:\\\/\\\/secure.gravatar.com\\\/avatar\\\/815b16a62dd9759f01ae110606d38d9d0fe57f307e2639ca16c1d626d7a6762d?s=96&r=g\",\"url\":\"https:\\\/\\\/secure.gravatar.com\\\/avatar\\\/815b16a62dd9759f01ae110606d38d9d0fe57f307e2639ca16c1d626d7a6762d?s=96&r=g\",\"contentUrl\":\"https:\\\/\\\/secure.gravatar.com\\\/avatar\\\/815b16a62dd9759f01ae110606d38d9d0fe57f307e2639ca16c1d626d7a6762d?s=96&r=g\",\"caption\":\"Ameli\"},\"url\":\"https:\\\/\\\/james-mac.com\\\/en\\\/author\\\/ameli\\\/\"}]}<\/script>\n<!-- \/ Yoast SEO plugin. -->","yoast_head_json":{"title":"Vom Roten Meer blicken wir auf die Woche - James &amp; Mac Diving Center","description":"Vom Roten Meer blicken wir auf die Woche. Auch diese Woche blicken wir wieder auf Dinge zur\u00fcck, die in \u00c4gypten und anderswo passiert sind.","robots":{"index":"index","follow":"follow","max-snippet":"max-snippet:-1","max-image-preview":"max-image-preview:large","max-video-preview":"max-video-preview:-1"},"canonical":"https:\/\/james-mac.com\/en\/vom-roten-meer-blicken-wir-auf-die-woche\/","og_locale":"en_GB","og_type":"article","og_title":"Vom Roten Meer blicken wir auf die Woche - James &amp; Mac Diving Center","og_description":"Vom Roten Meer blicken wir auf die Woche. Auch diese Woche blicken wir wieder auf Dinge zur\u00fcck, die in \u00c4gypten und anderswo passiert sind.","og_url":"https:\/\/james-mac.com\/en\/vom-roten-meer-blicken-wir-auf-die-woche\/","og_site_name":"James &amp; Mac Diving Center","article_publisher":"https:\/\/www.facebook.com\/jamesandmac\/","article_published_time":"2022-05-21T05:51:00+00:00","article_modified_time":"2022-05-21T06:00:23+00:00","og_image":[{"width":2560,"height":1920,"url":"https:\/\/james-mac.com\/wp-content\/uploads\/2022\/05\/Ham-Ham-Meer-Leer-Foto-Patrick-4x3-1-scaled.jpg","type":"image\/jpeg"}],"author":"Ameli","twitter_card":"summary_large_image","twitter_creator":"@James_Mac_HRG","twitter_site":"@James_Mac_HRG","twitter_misc":{"Written by":"Ameli","Estimated reading time":"9 minutes"},"schema":{"@context":"https:\/\/schema.org","@graph":[{"@type":"Article","@id":"https:\/\/james-mac.com\/vom-roten-meer-blicken-wir-auf-die-woche\/#article","isPartOf":{"@id":"https:\/\/james-mac.com\/vom-roten-meer-blicken-wir-auf-die-woche\/"},"author":{"name":"Ameli","@id":"https:\/\/james-mac.com\/#\/schema\/person\/bdad9b5a4498bd11efeed74d2676eee4"},"headline":"Vom Roten Meer blicken wir auf die Woche","datePublished":"2022-05-21T05:51:00+00:00","dateModified":"2022-05-21T06:00:23+00:00","mainEntityOfPage":{"@id":"https:\/\/james-mac.com\/vom-roten-meer-blicken-wir-auf-die-woche\/"},"wordCount":1452,"commentCount":1,"publisher":{"@id":"https:\/\/james-mac.com\/#organization"},"image":{"@id":"https:\/\/james-mac.com\/vom-roten-meer-blicken-wir-auf-die-woche\/#primaryimage"},"thumbnailUrl":"https:\/\/james-mac.com\/wp-content\/uploads\/2022\/05\/Ham-Ham-Meer-Leer-Foto-Patrick-4x3-1-scaled.jpg","keywords":["2022","\u00c4gypten","Hurghada","Rotes Meer","R\u00fcckblick","Wochenr\u00fcckblick"],"articleSection":["Blog Rotes Meer"],"inLanguage":"en-GB","potentialAction":[{"@type":"CommentAction","name":"Comment","target":["https:\/\/james-mac.com\/vom-roten-meer-blicken-wir-auf-die-woche\/#respond"]}]},{"@type":"WebPage","@id":"https:\/\/james-mac.com\/vom-roten-meer-blicken-wir-auf-die-woche\/","url":"https:\/\/james-mac.com\/vom-roten-meer-blicken-wir-auf-die-woche\/","name":"Vom Roten Meer blicken wir auf die Woche - James &amp; Mac Diving Center","isPartOf":{"@id":"https:\/\/james-mac.com\/#website"},"primaryImageOfPage":{"@id":"https:\/\/james-mac.com\/vom-roten-meer-blicken-wir-auf-die-woche\/#primaryimage"},"image":{"@id":"https:\/\/james-mac.com\/vom-roten-meer-blicken-wir-auf-die-woche\/#primaryimage"},"thumbnailUrl":"https:\/\/james-mac.com\/wp-content\/uploads\/2022\/05\/Ham-Ham-Meer-Leer-Foto-Patrick-4x3-1-scaled.jpg","datePublished":"2022-05-21T05:51:00+00:00","dateModified":"2022-05-21T06:00:23+00:00","description":"Vom Roten Meer blicken wir auf die Woche. Auch diese Woche blicken wir wieder auf Dinge zur\u00fcck, die in \u00c4gypten und anderswo passiert sind.","breadcrumb":{"@id":"https:\/\/james-mac.com\/vom-roten-meer-blicken-wir-auf-die-woche\/#breadcrumb"},"inLanguage":"en-GB","potentialAction":[{"@type":"ReadAction","target":["https:\/\/james-mac.com\/vom-roten-meer-blicken-wir-auf-die-woche\/"]}]},{"@type":"ImageObject","inLanguage":"en-GB","@id":"https:\/\/james-mac.com\/vom-roten-meer-blicken-wir-auf-die-woche\/#primaryimage","url":"https:\/\/james-mac.com\/wp-content\/uploads\/2022\/05\/Ham-Ham-Meer-Leer-Foto-Patrick-4x3-1-scaled.jpg","contentUrl":"https:\/\/james-mac.com\/wp-content\/uploads\/2022\/05\/Ham-Ham-Meer-Leer-Foto-Patrick-4x3-1-scaled.jpg","width":2560,"height":1920,"caption":"Vom Roten Meer blicken wir auf die Woche"},{"@type":"BreadcrumbList","@id":"https:\/\/james-mac.com\/vom-roten-meer-blicken-wir-auf-die-woche\/#breadcrumb","itemListElement":[{"@type":"ListItem","position":1,"name":"Home","item":"https:\/\/james-mac.com\/"},{"@type":"ListItem","position":2,"name":"Blog Rotes Meer","item":"https:\/\/james-mac.com\/en\/category\/blog-rotes-meer\/"},{"@type":"ListItem","position":3,"name":"Vom Roten Meer blicken wir auf die Woche"}]},{"@type":"WebSite","@id":"https:\/\/james-mac.com\/#website","url":"https:\/\/james-mac.com\/","name":"James &amp; Mac Diving Center","description":"Red sea diving since 1987","publisher":{"@id":"https:\/\/james-mac.com\/#organization"},"potentialAction":[{"@type":"SearchAction","target":{"@type":"EntryPoint","urlTemplate":"https:\/\/james-mac.com\/?s={search_term_string}"},"query-input":{"@type":"PropertyValueSpecification","valueRequired":true,"valueName":"search_term_string"}}],"inLanguage":"en-GB"},{"@type":"Organization","@id":"https:\/\/james-mac.com\/#organization","name":"James &amp; Mac","url":"https:\/\/james-mac.com\/","logo":{"@type":"ImageObject","inLanguage":"en-GB","@id":"https:\/\/james-mac.com\/#\/schema\/logo\/image\/","url":"","contentUrl":"","caption":"James & Mac"},"image":{"@id":"https:\/\/james-mac.com\/#\/schema\/logo\/image\/"},"sameAs":["https:\/\/www.facebook.com\/jamesandmac\/","https:\/\/x.com\/James_Mac_HRG","https:\/\/www.instagram.com\/jamesundmacdiving\/","https:\/\/www.youtube.com\/user\/james1987mac"]},{"@type":"Person","@id":"https:\/\/james-mac.com\/#\/schema\/person\/bdad9b5a4498bd11efeed74d2676eee4","name":"Ameli","image":{"@type":"ImageObject","inLanguage":"en-GB","@id":"https:\/\/secure.gravatar.com\/avatar\/815b16a62dd9759f01ae110606d38d9d0fe57f307e2639ca16c1d626d7a6762d?s=96&r=g","url":"https:\/\/secure.gravatar.com\/avatar\/815b16a62dd9759f01ae110606d38d9d0fe57f307e2639ca16c1d626d7a6762d?s=96&r=g","contentUrl":"https:\/\/secure.gravatar.com\/avatar\/815b16a62dd9759f01ae110606d38d9d0fe57f307e2639ca16c1d626d7a6762d?s=96&r=g","caption":"Ameli"},"url":"https:\/\/james-mac.com\/en\/author\/ameli\/"}]}},"_links":{"self":[{"href":"https:\/\/james-mac.com\/en\/wp-json\/wp\/v2\/posts\/29510","targetHints":{"allow":["GET"]}}],"collection":[{"href":"https:\/\/james-mac.com\/en\/wp-json\/wp\/v2\/posts"}],"about":[{"href":"https:\/\/james-mac.com\/en\/wp-json\/wp\/v2\/types\/post"}],"author":[{"embeddable":true,"href":"https:\/\/james-mac.com\/en\/wp-json\/wp\/v2\/users\/4"}],"replies":[{"embeddable":true,"href":"https:\/\/james-mac.com\/en\/wp-json\/wp\/v2\/comments?post=29510"}],"version-history":[{"count":36,"href":"https:\/\/james-mac.com\/en\/wp-json\/wp\/v2\/posts\/29510\/revisions"}],"predecessor-version":[{"id":29573,"href":"https:\/\/james-mac.com\/en\/wp-json\/wp\/v2\/posts\/29510\/revisions\/29573"}],"wp:featuredmedia":[{"embeddable":true,"href":"https:\/\/james-mac.com\/en\/wp-json\/wp\/v2\/media\/29547"}],"wp:attachment":[{"href":"https:\/\/james-mac.com\/en\/wp-json\/wp\/v2\/media?parent=29510"}],"wp:term":[{"taxonomy":"category","embeddable":true,"href":"https:\/\/james-mac.com\/en\/wp-json\/wp\/v2\/categories?post=29510"},{"taxonomy":"post_tag","embeddable":true,"href":"https:\/\/james-mac.com\/en\/wp-json\/wp\/v2\/tags?post=29510"}],"curies":[{"name":"wp","href":"https:\/\/api.w.org\/{rel}","templated":true}]}}