{"id":34123,"date":"2023-01-07T06:41:00","date_gmt":"2023-01-07T05:41:00","guid":{"rendered":"https:\/\/james-mac.com\/?p=34123"},"modified":"2023-01-07T06:59:37","modified_gmt":"2023-01-07T05:59:37","slug":"2023-ist-da-unser-erster-rueckblick","status":"publish","type":"post","link":"https:\/\/james-mac.com\/en\/2023-ist-da-unser-erster-rueckblick\/","title":{"rendered":"2023 ist da &#8211; Unser erster R\u00fcckblick"},"content":{"rendered":"<div data-elementor-type=\"wp-post\" data-elementor-id=\"34123\" class=\"elementor elementor-34123\" data-elementor-post-type=\"post\">\n\t\t\t\t\t\t<section data-particle_enable=\"false\" data-particle-mobile-disabled=\"false\" class=\"elementor-section elementor-top-section elementor-element elementor-element-227703b9 elementor-section-boxed elementor-section-height-default elementor-section-height-default\" data-id=\"227703b9\" data-element_type=\"section\" data-e-type=\"section\">\n\t\t\t\t\t\t<div class=\"elementor-container elementor-column-gap-default\">\n\t\t\t\t\t<div class=\"elementor-column elementor-col-100 elementor-top-column elementor-element elementor-element-f4ad3dd\" data-id=\"f4ad3dd\" data-element_type=\"column\" data-e-type=\"column\">\n\t\t\t<div class=\"elementor-widget-wrap elementor-element-populated\">\n\t\t\t\t\t\t<section data-particle_enable=\"false\" data-particle-mobile-disabled=\"false\" class=\"elementor-section elementor-inner-section elementor-element elementor-element-cc199a4 elementor-section-boxed elementor-section-height-default elementor-section-height-default\" data-id=\"cc199a4\" data-element_type=\"section\" data-e-type=\"section\">\n\t\t\t\t\t\t<div class=\"elementor-container elementor-column-gap-default\">\n\t\t\t\t\t<div class=\"elementor-column elementor-col-100 elementor-inner-column elementor-element elementor-element-fa3966e\" data-id=\"fa3966e\" data-element_type=\"column\" data-e-type=\"column\">\n\t\t\t<div class=\"elementor-widget-wrap elementor-element-populated\">\n\t\t\t\t\r\n\t\t<div class=\"elementor-element elementor-element-2f56543a elementor-post-navigation-borders-yes elementor-widget elementor-widget-post-navigation\" data-id=\"2f56543a\" data-element_type=\"widget\" data-e-type=\"widget\" data-widget_type=\"post-navigation.default\">\n\t\t\t\t<div class=\"elementor-widget-container\">\n\t\t\t\t\t\t\t<div class=\"elementor-post-navigation\" role=\"navigation\" aria-label=\"Post Navigation\">\n\t\t\t<div class=\"elementor-post-navigation__prev elementor-post-navigation__link\">\n\t\t\t\t<a href=\"https:\/\/james-mac.com\/en\/wir-blicken-zurueck-auf-das-jahr-2022\/\" rel=\"prev\"><span class=\"post-navigation__arrow-wrapper post-navigation__arrow-prev\"><i aria-hidden=\"true\" class=\"fas fa-angle-left\"><\/i><span class=\"elementor-screen-only\">Prev<\/span><\/span><span class=\"elementor-post-navigation__link__prev\"><span class=\"post-navigation__prev--label\">Voriger<\/span><span class=\"post-navigation__prev--title\">Wir blicken zur\u00fcck auf das Jahr 2022<\/span><\/span><\/a>\t\t\t<\/div>\n\t\t\t\t\t\t\t<div class=\"elementor-post-navigation__separator-wrapper\">\n\t\t\t\t\t<div class=\"elementor-post-navigation__separator\"><\/div>\n\t\t\t\t<\/div>\n\t\t\t\t\t\t<div class=\"elementor-post-navigation__next elementor-post-navigation__link\">\n\t\t\t\t<a href=\"https:\/\/james-mac.com\/en\/eine-fruehlingshafte-winterwoche\/\" rel=\"next\"><span class=\"elementor-post-navigation__link__next\"><span class=\"post-navigation__next--label\">N\u00e4chster<\/span><span class=\"post-navigation__next--title\">Eine fr\u00fchlingshafte Winterwoche<\/span><\/span><span class=\"post-navigation__arrow-wrapper post-navigation__arrow-next\"><i aria-hidden=\"true\" class=\"fas fa-angle-right\"><\/i><span class=\"elementor-screen-only\">Next<\/span><\/span><\/a>\t\t\t<\/div>\n\t\t<\/div>\n\t\t\t\t\t\t<\/div>\n\t\t\t\t<\/div>\n\t\t\t\t<div class=\"elementor-element elementor-element-50289923 elementor-widget elementor-widget-shortcode\" data-id=\"50289923\" data-element_type=\"widget\" data-e-type=\"widget\" data-widget_type=\"shortcode.default\">\n\t\t\t\t<div class=\"elementor-widget-container\">\n\t\t\t\t\t\t\t<div class=\"elementor-shortcode\"><\/div>\n\t\t\t\t\t\t<\/div>\n\t\t\t\t<\/div>\n\t\t\t\t<div class=\"elementor-element elementor-element-657f44db elementor-widget elementor-widget-spacer\" data-id=\"657f44db\" data-element_type=\"widget\" data-e-type=\"widget\" data-widget_type=\"spacer.default\">\n\t\t\t\t<div class=\"elementor-widget-container\">\n\t\t\t\t\t\t\t<div class=\"elementor-spacer\">\n\t\t\t<div class=\"elementor-spacer-inner\"><\/div>\n\t\t<\/div>\n\t\t\t\t\t\t<\/div>\n\t\t\t\t<\/div>\n\t\t\t\t<div class=\"elementor-element elementor-element-1dd68d7e elementor-widget elementor-widget-heading\" data-id=\"1dd68d7e\" data-element_type=\"widget\" data-e-type=\"widget\" data-widget_type=\"heading.default\">\n\t\t\t\t<div class=\"elementor-widget-container\">\n\t\t\t\t\t<h3 class=\"elementor-heading-title elementor-size-default\">2023 ist da - Unser erster R\u00fcckblick<\/h3>\t\t\t\t<\/div>\n\t\t\t\t<\/div>\n\t\t\t\t<div class=\"elementor-element elementor-element-51b9a289 elementor-widget elementor-widget-text-editor\" data-id=\"51b9a289\" data-element_type=\"widget\" data-e-type=\"widget\" data-widget_type=\"text-editor.default\">\n\t\t\t\t<div class=\"elementor-widget-container\">\n\t\t\t\t\t\t\t\t\t<p>Auch in dieser Woche waren unsere Tauchlehrer wieder auf dem Roten Meer unterwegs und hatten von ihren <a href=\"https:\/\/james-mac.com\/en\/taegliche-tauchausfahrten\/\" target=\"_blank\" rel=\"noopener\">Diving Trips<\/a> einiges zu berichten. Bei uns in Hurghada ist immer was los und auch anderswo, nicht nur in \u00c4gypten passierten aufregende Dinge. 2023 ist da &#8211; Unser erster R\u00fcckblick:<\/p>\t\t\t\t\t\t\t\t<\/div>\n\t\t\t\t<\/div>\n\t\t\t\t<div class=\"elementor-element elementor-element-2280868d elementor-widget elementor-widget-spacer\" data-id=\"2280868d\" data-element_type=\"widget\" data-e-type=\"widget\" data-widget_type=\"spacer.default\">\n\t\t\t\t<div class=\"elementor-widget-container\">\n\t\t\t\t\t\t\t<div class=\"elementor-spacer\">\n\t\t\t<div class=\"elementor-spacer-inner\"><\/div>\n\t\t<\/div>\n\t\t\t\t\t\t<\/div>\n\t\t\t\t<\/div>\n\t\t\t\t<div class=\"elementor-element elementor-element-948e256 elementor-widget elementor-widget-image\" data-id=\"948e256\" data-element_type=\"widget\" data-e-type=\"widget\" data-widget_type=\"image.default\">\n\t\t\t\t<div class=\"elementor-widget-container\">\n\t\t\t\t\t\t\t\t\t\t\t\t\t\t\t<img fetchpriority=\"high\" decoding=\"async\" width=\"640\" height=\"480\" src=\"https:\/\/james-mac.com\/wp-content\/uploads\/2023\/01\/JM-Stzrand-Regen-Jan-23-Foto-Joerg-4x3-1-1024x768.jpg\" class=\"attachment-large size-large wp-image-34109\" alt=\"Ein paar Regentropfen im Januar\" srcset=\"https:\/\/james-mac.com\/wp-content\/uploads\/2023\/01\/JM-Stzrand-Regen-Jan-23-Foto-Joerg-4x3-1-1024x768.jpg 1024w, https:\/\/james-mac.com\/wp-content\/uploads\/2023\/01\/JM-Stzrand-Regen-Jan-23-Foto-Joerg-4x3-1-300x225.jpg 300w, https:\/\/james-mac.com\/wp-content\/uploads\/2023\/01\/JM-Stzrand-Regen-Jan-23-Foto-Joerg-4x3-1-768x576.jpg 768w, https:\/\/james-mac.com\/wp-content\/uploads\/2023\/01\/JM-Stzrand-Regen-Jan-23-Foto-Joerg-4x3-1-1536x1152.jpg 1536w, https:\/\/james-mac.com\/wp-content\/uploads\/2023\/01\/JM-Stzrand-Regen-Jan-23-Foto-Joerg-4x3-1-2048x1536.jpg 2048w, https:\/\/james-mac.com\/wp-content\/uploads\/2023\/01\/JM-Stzrand-Regen-Jan-23-Foto-Joerg-4x3-1-16x12.jpg 16w, https:\/\/james-mac.com\/wp-content\/uploads\/2023\/01\/JM-Stzrand-Regen-Jan-23-Foto-Joerg-4x3-1-155x116.jpg 155w\" sizes=\"(max-width: 640px) 100vw, 640px\" \/>\t\t\t\t\t\t\t\t\t\t\t\t\t\t\t<\/div>\n\t\t\t\t<\/div>\n\t\t\t\t<div class=\"elementor-element elementor-element-5d5e3d0 elementor-widget elementor-widget-spacer\" data-id=\"5d5e3d0\" data-element_type=\"widget\" data-e-type=\"widget\" data-widget_type=\"spacer.default\">\n\t\t\t\t<div class=\"elementor-widget-container\">\n\t\t\t\t\t\t\t<div class=\"elementor-spacer\">\n\t\t\t<div class=\"elementor-spacer-inner\"><\/div>\n\t\t<\/div>\n\t\t\t\t\t\t<\/div>\n\t\t\t\t<\/div>\n\t\t\t\t<div class=\"elementor-element elementor-element-113b441 elementor-widget elementor-widget-heading\" data-id=\"113b441\" data-element_type=\"widget\" data-e-type=\"widget\" data-widget_type=\"heading.default\">\n\t\t\t\t<div class=\"elementor-widget-container\">\n\t\t\t\t\t<h3 class=\"elementor-heading-title elementor-size-default\">Das neue Jahr beginnt mit ein paar Wolken und ohne Wind<\/h3>\t\t\t\t<\/div>\n\t\t\t\t<\/div>\n\t\t\t\t<div class=\"elementor-element elementor-element-2a7b21f elementor-widget elementor-widget-text-editor\" data-id=\"2a7b21f\" data-element_type=\"widget\" data-e-type=\"widget\" data-widget_type=\"text-editor.default\">\n\t\t\t\t<div class=\"elementor-widget-container\">\n\t\t\t\t\t\t\t\t\t<p>Im Gegensatz zum letzten Jahr, als das neue Jahr mit Sturm und Hagel begann, starteten wir heuer ganz entspannt bei Sonnenschein in den Neujahrstag. Nach einer ruhigen Silvesternacht trafen wir uns einigerma\u00dfen ausgeschlafen gegen Mittag an der Tauchbasis. Wie \u00fcblich fand auch in diesem Jahr wieder eine Halbtagesfahrt mit einem Tauchgang statt. Weil das Wetter so toll war, konnten wir uns die Tauchpl\u00e4tze aussuchen und so ging es f\u00fcr einige von uns ans wundersch\u00f6ne\u00a0<a href=\"https:\/\/james-mac.com\/en\/wir-segeln-ins-neue-tauchjahr\/\" target=\"_blank\" rel=\"noopener\">Carless Reef<\/a>.\u00a0<\/p><p>Weiter ging es bei sch\u00f6nem Wetter tags drauf gleich nochmal in den Norden, diesmal w\u00e4hlten wir Shaab Rur und Umm Gamar. Nach langer Zeit konnten wir mal zu unserer gro\u00dfen Freude wieder einen Gitarrenrochen entdecken.\u00a0 F\u00fcr die anderen ging es nach <a href=\"https:\/\/james-mac.com\/en\/bestes-wetter-zum-jahresstart\/\" target=\"_blank\" rel=\"noopener\">Shaab Adel<\/a> auf Leopardenhai Suche. Der blieb zwar unentdeckt, aber daf\u00fcr bot der sch\u00f6ne Tauchplatz andere Highlights.\u00a0<\/p><p>Am Dienstag holte uns das \u201eschlechte\u201c Wetter dann doch noch ein. Diesmal gab es aber kein Unwetter, es blieb bei ein paar dicken, dunklen Wolken und hier und dort regnete es auch ein wenig. Aber das war kaum der Rede wert und so konnten wir ungehindert abtauchen und Jo konnte mit seinem Rescue-Kurs und einer Flasche Ketchup s\u00e4mtliche \u201eUnfallopfer\u201c versorgen.<\/p><p>Die erste Minisafari des Jahres 2023 war auch unterwegs. Den ersten Tag verbrachten die Taucher in Abu Kafan und konnten sich nach den Tauchg\u00e4ngen in der Wintersonne aufw\u00e4rmen. Zum Nachttauchen ging es dann ans Middle Reef. Nach einer kurzen, entspannten Nacht fuhr die Bahlul dann weiter ans <a href=\"https:\/\/james-mac.com\/en\/eine-wunderschoene-wochenmitte\/\" target=\"_blank\" rel=\"noopener\">Panorama Reef<\/a>. Hier machten unsere G\u00e4ste den Early Morning Dive und einen weiteren Tauchgang, bevor es wieder heimw\u00e4rts ging. Bei Ras Abu Soma fand dann der letzte Tauchgang der S\u00fcdtour statt. Happy kehrten alle an die Basis zur\u00fcck.<\/p><p>Und so ging die erste Woche des Jahres 2023 vorbei und wir sind schon auf die n\u00e4chste Woche gespannt!<\/p>\t\t\t\t\t\t\t\t<\/div>\n\t\t\t\t<\/div>\n\t\t\t\t<div class=\"elementor-element elementor-element-72d076f elementor-widget elementor-widget-spacer\" data-id=\"72d076f\" data-element_type=\"widget\" data-e-type=\"widget\" data-widget_type=\"spacer.default\">\n\t\t\t\t<div class=\"elementor-widget-container\">\n\t\t\t\t\t\t\t<div class=\"elementor-spacer\">\n\t\t\t<div class=\"elementor-spacer-inner\"><\/div>\n\t\t<\/div>\n\t\t\t\t\t\t<\/div>\n\t\t\t\t<\/div>\n\t\t\t\t<div class=\"elementor-element elementor-element-a9d5d79 elementor-widget elementor-widget-image\" data-id=\"a9d5d79\" data-element_type=\"widget\" data-e-type=\"widget\" data-widget_type=\"image.default\">\n\t\t\t\t<div class=\"elementor-widget-container\">\n\t\t\t\t\t\t\t\t\t\t\t\t\t\t\t<img decoding=\"async\" width=\"640\" height=\"480\" src=\"https:\/\/james-mac.com\/wp-content\/uploads\/2022\/02\/Schildkroete-Taucher-Foto-Lars-4x3-1-1024x768.png\" class=\"attachment-large size-large wp-image-26442\" alt=\"Schildkr\u00f6ten Eskorte beim Tauchen\" srcset=\"https:\/\/james-mac.com\/wp-content\/uploads\/2022\/02\/Schildkroete-Taucher-Foto-Lars-4x3-1-1024x768.png 1024w, https:\/\/james-mac.com\/wp-content\/uploads\/2022\/02\/Schildkroete-Taucher-Foto-Lars-4x3-1-300x225.png 300w, https:\/\/james-mac.com\/wp-content\/uploads\/2022\/02\/Schildkroete-Taucher-Foto-Lars-4x3-1-768x576.png 768w, https:\/\/james-mac.com\/wp-content\/uploads\/2022\/02\/Schildkroete-Taucher-Foto-Lars-4x3-1-1536x1152.png 1536w, https:\/\/james-mac.com\/wp-content\/uploads\/2022\/02\/Schildkroete-Taucher-Foto-Lars-4x3-1-2048x1536.png 2048w, https:\/\/james-mac.com\/wp-content\/uploads\/2022\/02\/Schildkroete-Taucher-Foto-Lars-4x3-1-16x12.png 16w, https:\/\/james-mac.com\/wp-content\/uploads\/2022\/02\/Schildkroete-Taucher-Foto-Lars-4x3-1-155x116.png 155w\" sizes=\"(max-width: 640px) 100vw, 640px\" \/>\t\t\t\t\t\t\t\t\t\t\t\t\t\t\t<\/div>\n\t\t\t\t<\/div>\n\t\t\t\t<div class=\"elementor-element elementor-element-96849f7 elementor-widget elementor-widget-spacer\" data-id=\"96849f7\" data-element_type=\"widget\" data-e-type=\"widget\" data-widget_type=\"spacer.default\">\n\t\t\t\t<div class=\"elementor-widget-container\">\n\t\t\t\t\t\t\t<div class=\"elementor-spacer\">\n\t\t\t<div class=\"elementor-spacer-inner\"><\/div>\n\t\t<\/div>\n\t\t\t\t\t\t<\/div>\n\t\t\t\t<\/div>\n\t\t\t\t<div class=\"elementor-element elementor-element-7d4bfbb elementor-widget elementor-widget-heading\" data-id=\"7d4bfbb\" data-element_type=\"widget\" data-e-type=\"widget\" data-widget_type=\"heading.default\">\n\t\t\t\t<div class=\"elementor-widget-container\">\n\t\t\t\t\t<h3 class=\"elementor-heading-title elementor-size-default\">Es gibt Hoffnung f\u00fcr Schildkr\u00f6ten, Haie und Rochen<\/h3>\t\t\t\t<\/div>\n\t\t\t\t<\/div>\n\t\t\t\t<div class=\"elementor-element elementor-element-ece2189 elementor-widget elementor-widget-text-editor\" data-id=\"ece2189\" data-element_type=\"widget\" data-e-type=\"widget\" data-widget_type=\"text-editor.default\">\n\t\t\t\t<div class=\"elementor-widget-container\">\n\t\t\t\t\t\t\t\t\t<p>Wie in jedem Jahr hat der World Wildlife Fund (WWF) auch diesmal wieder eine \u00dcbersicht herausgegeben, die aufzeigt, bei welchen Tierarten sich die Population erholt hat und welche Tiere als Verlierer im Artenschutz hervorgehen.<\/p><p>Zu den <a href=\"https:\/\/www.wwf.at\/wwf-bilanz-diese-tiere-sind-die-gewinner-und-verlierer-des-jahres-2022\/\" target=\"_blank\" rel=\"noopener\">Gewinnern<\/a>, was uns besonders freut, z\u00e4hlen auch einige Tierarten, die wir im Roten Meer antreffen. Die Unechte Karettschildkr\u00f6te mit ihrem breiten Kopf und einem Panzer mit f\u00fcnf Rippenschilden ist wieder weitaus h\u00e4ufiger anzutreffen als noch vor ein paar Jahren. Durch intensive Bem\u00fchungen, das stark bedrohte Tier zu sch\u00fctzen, konnte man ihre Population in den letzten Jahren nahezu vervielfachen. Nun ist es wichtig, den Bestand vor dem Klimawandel zu bewahren und weiter unter Schutz zu stellen.<\/p><p>Besserer Artenschutz soll jetzt auch den <a href=\"https:\/\/www.wwf.de\/themen-projekte\/bedrohte-tier-und-pflanzenarten\/haie\" target=\"_blank\" rel=\"noopener\">Haien<\/a> und Rochen gew\u00e4hrt werden, was sie ebenfalls zu Gewinnern macht. Haie und Rochen k\u00f6nnen uns helfen, den Klimawandel abzufedern. Sie k\u00f6nnen Mikrolebensr\u00e4ume f\u00fcr viele andere Organismen schaffen und sogar die Produktivit\u00e4t der Nahrungsketten innerhalb der Meere unterst\u00fctzen. Sie sind unverzichtbar f\u00fcr die Gesundheit der Meere und damit f\u00fcr das Wohlergehen der menschlichen Bev\u00f6lkerung weltweit.\u00a0<\/p><p>Laut der Roten Liste der bedrohten Arten sind heute 37 % aller \u00fcber 1 200 bisher bekannten Hai- und Rochenarten vom Aussterben bedroht. 200 Arten sind gef\u00e4hrdet, wobei die weltweiten Populationen einiger Arten um \u00fcber 75 % zur\u00fcckgegangen sind. Diese R\u00fcckg\u00e4nge sind unter anderem auf die <a href=\"https:\/\/www.wwf.de\/themen-projekte\/meere-kuesten\/fischerei\/ueberfischung\" target=\"_blank\" rel=\"noopener\">\u00dcberfischung<\/a> zur\u00fcckzuf\u00fchren. Die anhaltende Nachfrage nach Hai- und Rochenprodukten, insbesondere Fleisch und Flossen, f\u00fcr den Verzehr und den Handel tr\u00e4gt zur Ausrottung bei.<\/p><p>Besondere Beachtung finden hierbei Grundhaie, wie Bullenhaie, Tigerhaie und auch der Hammerhai. Wir sind jedes Mal \u00fcbergl\u00fccklich, wenn wir einem dieser Hai beim Tauchen begegnen. Bei den Rochen steht der Gitarrenrochen im Vordergrund. Wir hatten in letzter Zeit auch das eine oder andere Mal die Gelegenheit, eines der faszinierenden Exemplare beim Tauchen anzutreffen.<span class=\"c-message__edited_label\" dir=\"ltr\" data-sk=\"tooltip_parent\">\u00a0<\/span><\/p>\t\t\t\t\t\t\t\t<\/div>\n\t\t\t\t<\/div>\n\t\t\t\t<div class=\"elementor-element elementor-element-b431e0a elementor-widget elementor-widget-spacer\" data-id=\"b431e0a\" data-element_type=\"widget\" data-e-type=\"widget\" data-widget_type=\"spacer.default\">\n\t\t\t\t<div class=\"elementor-widget-container\">\n\t\t\t\t\t\t\t<div class=\"elementor-spacer\">\n\t\t\t<div class=\"elementor-spacer-inner\"><\/div>\n\t\t<\/div>\n\t\t\t\t\t\t<\/div>\n\t\t\t\t<\/div>\n\t\t\t\t<div class=\"elementor-element elementor-element-233c850 elementor-widget elementor-widget-html\" data-id=\"233c850\" data-element_type=\"widget\" data-e-type=\"widget\" data-widget_type=\"html.default\">\n\t\t\t\t<div class=\"elementor-widget-container\">\n\t\t\t\t\t<iframe width=\"560\" height=\"500\" src=\"https:\/\/www.youtube.com\/embed\/s3j8gfmdgx8\" title=\"YouTube video player\" frameborder=\"0\" allow=\"accelerometer; autoplay; clipboard-write; encrypted-media; gyroscope; picture-in-picture; web-share\" allowfullscreen><\/iframe>\t\t\t\t<\/div>\n\t\t\t\t<\/div>\n\t\t\t\t<div class=\"elementor-element elementor-element-13ceb87c elementor-widget elementor-widget-spacer\" data-id=\"13ceb87c\" data-element_type=\"widget\" data-e-type=\"widget\" data-widget_type=\"spacer.default\">\n\t\t\t\t<div class=\"elementor-widget-container\">\n\t\t\t\t\t\t\t<div class=\"elementor-spacer\">\n\t\t\t<div class=\"elementor-spacer-inner\"><\/div>\n\t\t<\/div>\n\t\t\t\t\t\t<\/div>\n\t\t\t\t<\/div>\n\t\t\t\t<div class=\"elementor-element elementor-element-389c9a69 elementor-widget elementor-widget-heading\" data-id=\"389c9a69\" data-element_type=\"widget\" data-e-type=\"widget\" data-widget_type=\"heading.default\">\n\t\t\t\t<div class=\"elementor-widget-container\">\n\t\t\t\t\t<h3 class=\"elementor-heading-title elementor-size-default\">Das Grand Egyptian Museum er\u00f6ffnet in K\u00fcrze<\/h3>\t\t\t\t<\/div>\n\t\t\t\t<\/div>\n\t\t\t\t<div class=\"elementor-element elementor-element-655c917 elementor-widget elementor-widget-text-editor\" data-id=\"655c917\" data-element_type=\"widget\" data-e-type=\"widget\" data-widget_type=\"text-editor.default\">\n\t\t\t\t<div class=\"elementor-widget-container\">\n\t\t\t\t\t\t\t\t\t<p>Wie gerade offiziell verk\u00fcndet wurde, wird in K\u00fcrze das Grand Egyptian Museum (GEM) in Kairo er\u00f6ffnen. Seit seiner Ank\u00fcndigung im Jahr 2002 hat das Museum immer wieder R\u00fcckschl\u00e4ge hinnehmen m\u00fcssen &#8211; von politischen Unruhen \u00fcber Umwelt- und Finanzprobleme bis hin zur j\u00fcngsten COVID-Pandemie. Nachdem aber sogar das bekannte Magazin National Geographic das GEM als Reiseziel empfiehlt, scheint es bald aber <a href=\"https:\/\/egyptindependent.com\/grand-egyptian-museum-to-be-inaugurated-within-few-months-official\/\" target=\"_blank\" rel=\"noopener\">tats\u00e4chlich soweit<\/a> zu sein.<\/p><p>Das Museum liegt nur etwas mehr als eine Meile von den ber\u00fchmten Pyramiden von Gizeh entfernt und zeichnet sich durch ein monolithisches Design mit einem massiven Eingang aus.<\/p><p>Bis dato sind etwa 99,5 % der Bauarbeiten abgeschlossen. Fast alle Innenausbau- und Fassadenarbeiten sind durchgef\u00fchrt, der Boden und die Bepflanzung auf den Au\u00dfenpl\u00e4tzen sind auch fast fertig. Die Halle von Tutanchamun ist ebenfalls kurz vor ihrer endg\u00fcltigen Fertigstellung. Nun m\u00fcssen noch die umliegenden Stra\u00dfen fertig saniert werden, dann ist das Projekt nach vielen Jahren abgeschlossen. Mehr als 55 000 Artefakte sind inzwischen restauriert und ins Museum \u00fcberf\u00fchrt.<\/p><p>Wenn das <a href=\"https:\/\/grandegyptianmuseum.org\/about\/\" target=\"_blank\" rel=\"noopener\">GEM<\/a> erst einmal er\u00f6ffnet ist, wird es den gr\u00f6\u00dften arch\u00e4ologische Museumskomplex der Welt darstellen, mit einer beeindruckenden Sammlung von \u00fcber 100.000 Artefakten. Auch werden Objekte aus pr\u00e4historischen Zeiten und moderneren griechisch-r\u00f6mischen Perioden der \u00e4gyptischen Geschichte ausgestellt.<\/p><p>Das GEM ist bereits jetzt schon teilweise ge\u00f6ffnet. Momentan werden <a href=\"https:\/\/egyptianstreets.com\/2022\/12\/20\/fatma-said-and-nader-abbassi-to-perform-in-gems-first-public-event\/\" target=\"_blank\" rel=\"noopener\">einzelne Veranstaltungen<\/a> f\u00fcr ausgew\u00e4hlte G\u00e4ste durchgef\u00fchrt. W\u00e4hrend dieser Phase k\u00f6nnen die Besucher einige Bereiche des Museums besichtigen, darunter den Platz des h\u00e4ngenden Obelisken und die Haupthalle. Beim Betreten der Hauptempfangshalle des Gro\u00dfen \u00c4gyptischen Museums k\u00f6nnen die Besucher au\u00dferdem zahlreiche einzigartige Denkm\u00e4ler besichtigen. Darunter sind die Statue von Ramses II., die zehn Statuen von K\u00f6nig Senusret, die ber\u00fchmte \u201eTafel von Sakkara\u201c, die Siegess\u00e4ule von Merneptah sowie zwei Statuen der K\u00f6nige aus der Ptolem\u00e4erzeit.<\/p><p>Die anderen Innenbereiche des Gro\u00dfen \u00c4gyptischen Museums, einschlie\u00dflich der beiden Tutanchamun-S\u00e4le, bleiben bis zur offiziellen Er\u00f6ffnung geschlossen.<\/p>\t\t\t\t\t\t\t\t<\/div>\n\t\t\t\t<\/div>\n\t\t\t\t<div class=\"elementor-element elementor-element-bdd6361 elementor-widget elementor-widget-spacer\" data-id=\"bdd6361\" data-element_type=\"widget\" data-e-type=\"widget\" data-widget_type=\"spacer.default\">\n\t\t\t\t<div class=\"elementor-widget-container\">\n\t\t\t\t\t\t\t<div class=\"elementor-spacer\">\n\t\t\t<div class=\"elementor-spacer-inner\"><\/div>\n\t\t<\/div>\n\t\t\t\t\t\t<\/div>\n\t\t\t\t<\/div>\n\t\t\t\t<div class=\"elementor-element elementor-element-9218ffe elementor-widget elementor-widget-html\" data-id=\"9218ffe\" data-element_type=\"widget\" data-e-type=\"widget\" data-widget_type=\"html.default\">\n\t\t\t\t<div class=\"elementor-widget-container\">\n\t\t\t\t\t<iframe width=\"560\" height=\"500\" src=\"https:\/\/www.youtube.com\/embed\/nKxRCN8CVY8\" title=\"YouTube video player\" frameborder=\"0\" allow=\"accelerometer; autoplay; clipboard-write; encrypted-media; gyroscope; picture-in-picture; web-share\" allowfullscreen><\/iframe>\t\t\t\t<\/div>\n\t\t\t\t<\/div>\n\t\t\t\t<div class=\"elementor-element elementor-element-681304c elementor-widget elementor-widget-spacer\" data-id=\"681304c\" data-element_type=\"widget\" data-e-type=\"widget\" data-widget_type=\"spacer.default\">\n\t\t\t\t<div class=\"elementor-widget-container\">\n\t\t\t\t\t\t\t<div class=\"elementor-spacer\">\n\t\t\t<div class=\"elementor-spacer-inner\"><\/div>\n\t\t<\/div>\n\t\t\t\t\t\t<\/div>\n\t\t\t\t<\/div>\n\t\t\t\t<div class=\"elementor-element elementor-element-4556563b elementor-widget elementor-widget-heading\" data-id=\"4556563b\" data-element_type=\"widget\" data-e-type=\"widget\" data-widget_type=\"heading.default\">\n\t\t\t\t<div class=\"elementor-widget-container\">\n\t\t\t\t\t<h3 class=\"elementor-heading-title elementor-size-default\">Gestohlener Sarg ist wieder nach \u00c4gypten zur\u00fcckgekehrt<\/h3>\t\t\t\t<\/div>\n\t\t\t\t<\/div>\n\t\t\t\t<div class=\"elementor-element elementor-element-bafc2a9 elementor-widget elementor-widget-text-editor\" data-id=\"bafc2a9\" data-element_type=\"widget\" data-e-type=\"widget\" data-widget_type=\"text-editor.default\">\n\t\t\t\t<div class=\"elementor-widget-container\">\n\t\t\t\t\t\t\t\t\t<p>Ein gestohlener <a href=\"https:\/\/www.bbc.com\/news\/world-middle-east-64147545\" target=\"_blank\" rel=\"noopener\">alt\u00e4gyptischer Sarkophag<\/a>, der in einem US-Museum ausgestellt war, ist nach vielen Jahren nun wieder in \u00c4gypten angekommen. Der 2,9 m lange \u201eGr\u00fcne Sarg\u201c stammt aus der sp\u00e4t dynastischen Periode, die von 664 v. Chr. bis 332 v. Chr. dauerte und geh\u00f6rte einem Priester namens Ankhenmaat. Der Deckel ist aus Holz geschnitzt und mit goldfarbenen Hieroglyphens\u00e4ulen verziert. Das Portr\u00e4t auf dem Deckel, das das Gesicht und die Ohren des Verstorbenen zeigt, ist gr\u00fcn bemalt, was im alten \u00c4gypten ein Symbol f\u00fcr Wiedergeburt und Auferstehung war.<\/p><p>Nach Angaben der Staatsanwaltschaft von Manhattan, die f\u00fcr die Beschlagnahmung und R\u00fcckgabe des Artefakts zust\u00e4ndig war, wurde <a href=\"https:\/\/www.nau.ch\/news\/europa\/an-agypten-usa-gibt-2700-jahre-alten-sarkophag-deckel-zuruck-66384800\" target=\"_blank\" rel=\"noopener\">der Sargdeckel<\/a> aus der Nekropole von Abusir in der N\u00e4he von Kairo geraubt. 2008 hat man ihn in die USA geschmuggelt, wo er an einen privaten Sammler verkauft und schlie\u00dflich 2013 an das Museum f\u00fcr Naturwissenschaften in Houston verliehen wurde.<\/p><p>Dem \u00e4gyptischen Generalkonsul in Houston, Hossam El-Qawish, gelang es, <a href=\"https:\/\/dailynewsegypt.com\/2023\/01\/02\/egypt-recovers-green-coffin-from-houston-museum-of-natural-sciences\/\" target=\"_blank\" rel=\"noopener\">den Sargdeckel<\/a> sicherzustellen. Dieser wurde ihm im September letzten Jahres nach einer mehr als vier Jahre dauernden Untersuchung \u00fcbergeben.<\/p><p>W\u00e4hrend der Zeremonie am Montag erkl\u00e4rte Minister Issa, dass dieser Vorgang Teil der intensiven Bem\u00fchungen \u00c4gyptens sei, geschmuggelte Artefakte und Antiquit\u00e4ten wiederzufinden. Dies geschieht durch die Zusammenarbeit zwischen den Ministerien f\u00fcr Tourismus und Antiquit\u00e4ten sowie f\u00fcr ausw\u00e4rtige Angelegenheiten und den zust\u00e4ndigen Beh\u00f6rden in den Vereinigten Staaten.<\/p><p>Durch die Zusammenarbeit zwischen den beiden Seiten konnte ein internationales Schmugglernetzwerk f\u00fcr \u00e4gyptische Antiquit\u00e4ten aufgedeckt werden. Bereits 2019 hatte \u00c4gypten die US-Staatsanwaltschaft in Manhattan um die R\u00fcckgabe eines <a href=\"https:\/\/www.bbc.com\/news\/world-middle-east-49837860\" target=\"_blank\" rel=\"noopener\">vergoldeten Sarges<\/a> von Nedjem Ankh gebeten, der im Metropolitan Museum ausgestellt war. Dieser ist nun im Nationalmuseum f\u00fcr \u00e4gyptische Zivilisation in Fustat, Kairo, zu sehen. Die gestohlene Antiquit\u00e4t war von einem globalen Kunsthandelsnetz an das Museum mithilfe von gef\u00e4lschten Dokumenten verkauft worden. Den vergoldeten Sarg hatte man 2011 aus \u00c4gypten herausgeschmuggelt.<\/p>\t\t\t\t\t\t\t\t<\/div>\n\t\t\t\t<\/div>\n\t\t\t\t<div class=\"elementor-element elementor-element-d43694b elementor-widget elementor-widget-spacer\" data-id=\"d43694b\" data-element_type=\"widget\" data-e-type=\"widget\" data-widget_type=\"spacer.default\">\n\t\t\t\t<div class=\"elementor-widget-container\">\n\t\t\t\t\t\t\t<div class=\"elementor-spacer\">\n\t\t\t<div class=\"elementor-spacer-inner\"><\/div>\n\t\t<\/div>\n\t\t\t\t\t\t<\/div>\n\t\t\t\t<\/div>\n\t\t\t\t<div class=\"elementor-element elementor-element-b337408 elementor-widget elementor-widget-heading\" data-id=\"b337408\" data-element_type=\"widget\" data-e-type=\"widget\" data-widget_type=\"heading.default\">\n\t\t\t\t<div class=\"elementor-widget-container\">\n\t\t\t\t\t<h3 class=\"elementor-heading-title elementor-size-default\">2023 ist da - Unser erster R\u00fcckblick<\/h3>\t\t\t\t<\/div>\n\t\t\t\t<\/div>\n\t\t\t\t<div class=\"elementor-element elementor-element-69fa36c3 elementor-widget elementor-widget-text-editor\" data-id=\"69fa36c3\" data-element_type=\"widget\" data-e-type=\"widget\" data-widget_type=\"text-editor.default\">\n\t\t\t\t<div class=\"elementor-widget-container\">\n\t\t\t\t\t\t\t\t\t<p>2023 ist da &#8211; Unser erster R\u00fcckblick: So war unsere Woche am Roten Meer. N\u00e4chste Woche gibt es wieder aktuelle Neuigkeiten von \u00c4gypten und anderswo <a href=\"https:\/\/james-mac.com\/en\/news-3\/\" target=\"_blank\" rel=\"noopener\">zu berichten<\/a>, wir halten euch auf dem Laufenden!<\/p>\t\t\t\t\t\t\t\t<\/div>\n\t\t\t\t<\/div>\n\t\t\t\t<div class=\"elementor-element elementor-element-4151c811 elementor-widget elementor-widget-text-editor\" data-id=\"4151c811\" data-element_type=\"widget\" data-e-type=\"widget\" data-widget_type=\"text-editor.default\">\n\t\t\t\t<div class=\"elementor-widget-container\">\n\t\t\t\t\t\t\t\t\t<p>2023 ist da &#8211; Unser erster R\u00fcckblick, James &amp; Mac Diving Center \u2013 Fotonachweise: James &amp; Mac, Lars Dubies<\/p>\t\t\t\t\t\t\t\t<\/div>\n\t\t\t\t<\/div>\n\t\t\t\t\t<\/div>\n\t\t<\/div>\n\t\t\t\t\t<\/div>\n\t\t<\/section>\n\t\t\t\t\t<\/div>\n\t\t<\/div>\n\t\t\t\t\t<\/div>\n\t\t<\/section>\n\t\t\t\t<\/div>","protected":false},"excerpt":{"rendered":"<p>2023 ist da &#8211; Unser erster R\u00fcckblick Auch in dieser Woche waren unsere Tauchlehrer wieder auf dem Roten Meer unterwegs und hatten von ihren Tauchausfahrten einiges zu berichten. Bei uns in Hurghada ist immer was los und auch anderswo, nicht nur in \u00c4gypten passierten aufregende Dinge. 2023 ist da &#8211; Unser erster R\u00fcckblick: Das neue Jahr beginnt mit ein paar Wolken und ohne Wind Im Gegensatz zum letzten Jahr, als das neue Jahr mit Sturm und Hagel begann, starteten wir&hellip;<\/p>","protected":false},"author":4,"featured_media":34177,"comment_status":"open","ping_status":"closed","sticky":false,"template":"","format":"standard","meta":{"footnotes":""},"categories":[1],"tags":[984,136,170,135,413,355],"class_list":["post-34123","post","type-post","status-publish","format-standard","has-post-thumbnail","hentry","category-blog-rotes-meer","tag-984","tag-aegypten","tag-hurghada","tag-rotes-meer","tag-rueckblick","tag-wochenrueckblick","post-has-thumbnail"],"yoast_head":"<!-- This site is optimized with the Yoast SEO plugin v27.4 - https:\/\/yoast.com\/product\/yoast-seo-wordpress\/ -->\n<title>2023 ist da - Unser erster R\u00fcckblick - James &amp; Mac Diving Center<\/title>\n<meta name=\"description\" content=\"2023 ist da - Unser erster R\u00fcckblick. Auch diese Woche blicken wir wieder auf Dinge zur\u00fcck, die in \u00c4gypten und anderswo passiert sind.\" \/>\n<meta name=\"robots\" content=\"index, follow, max-snippet:-1, max-image-preview:large, max-video-preview:-1\" \/>\n<link rel=\"canonical\" href=\"https:\/\/james-mac.com\/en\/2023-ist-da-unser-erster-rueckblick\/\" \/>\n<meta property=\"og:locale\" content=\"en_GB\" \/>\n<meta property=\"og:type\" content=\"article\" \/>\n<meta property=\"og:title\" content=\"2023 ist da - Unser erster R\u00fcckblick - James &amp; Mac Diving Center\" \/>\n<meta property=\"og:description\" content=\"2023 ist da - Unser erster R\u00fcckblick. Auch diese Woche blicken wir wieder auf Dinge zur\u00fcck, die in \u00c4gypten und anderswo passiert sind.\" \/>\n<meta property=\"og:url\" content=\"https:\/\/james-mac.com\/en\/2023-ist-da-unser-erster-rueckblick\/\" \/>\n<meta property=\"og:site_name\" content=\"James &amp; Mac Diving Center\" \/>\n<meta property=\"article:publisher\" content=\"https:\/\/www.facebook.com\/jamesandmac\/\" \/>\n<meta property=\"article:published_time\" content=\"2023-01-07T05:41:00+00:00\" \/>\n<meta property=\"article:modified_time\" content=\"2023-01-07T05:59:37+00:00\" \/>\n<meta property=\"og:image\" content=\"https:\/\/james-mac.com\/wp-content\/uploads\/2023\/01\/JM-Unterwasserselfie-Neujahr-Foto-Jette-Maike-4x3-1.jpg\" \/>\n\t<meta property=\"og:image:width\" content=\"1324\" \/>\n\t<meta property=\"og:image:height\" content=\"993\" \/>\n\t<meta property=\"og:image:type\" content=\"image\/jpeg\" \/>\n<meta name=\"author\" content=\"Ameli\" \/>\n<meta name=\"twitter:card\" content=\"summary_large_image\" \/>\n<meta name=\"twitter:creator\" content=\"@James_Mac_HRG\" \/>\n<meta name=\"twitter:site\" content=\"@James_Mac_HRG\" \/>\n<meta name=\"twitter:label1\" content=\"Written by\" \/>\n\t<meta name=\"twitter:data1\" content=\"Ameli\" \/>\n\t<meta name=\"twitter:label2\" content=\"Estimated reading time\" \/>\n\t<meta name=\"twitter:data2\" content=\"8 minutes\" \/>\n<script type=\"application\/ld+json\" class=\"yoast-schema-graph\">{\"@context\":\"https:\\\/\\\/schema.org\",\"@graph\":[{\"@type\":\"Article\",\"@id\":\"https:\\\/\\\/james-mac.com\\\/2023-ist-da-unser-erster-rueckblick\\\/#article\",\"isPartOf\":{\"@id\":\"https:\\\/\\\/james-mac.com\\\/2023-ist-da-unser-erster-rueckblick\\\/\"},\"author\":{\"name\":\"Ameli\",\"@id\":\"https:\\\/\\\/james-mac.com\\\/#\\\/schema\\\/person\\\/bdad9b5a4498bd11efeed74d2676eee4\"},\"headline\":\"2023 ist da &#8211; Unser erster R\u00fcckblick\",\"datePublished\":\"2023-01-07T05:41:00+00:00\",\"dateModified\":\"2023-01-07T05:59:37+00:00\",\"mainEntityOfPage\":{\"@id\":\"https:\\\/\\\/james-mac.com\\\/2023-ist-da-unser-erster-rueckblick\\\/\"},\"wordCount\":1445,\"commentCount\":0,\"publisher\":{\"@id\":\"https:\\\/\\\/james-mac.com\\\/#organization\"},\"image\":{\"@id\":\"https:\\\/\\\/james-mac.com\\\/2023-ist-da-unser-erster-rueckblick\\\/#primaryimage\"},\"thumbnailUrl\":\"https:\\\/\\\/james-mac.com\\\/wp-content\\\/uploads\\\/2023\\\/01\\\/JM-Unterwasserselfie-Neujahr-Foto-Jette-Maike-4x3-1.jpg\",\"keywords\":[\"2023\",\"\u00c4gypten\",\"Hurghada\",\"Rotes Meer\",\"R\u00fcckblick\",\"Wochenr\u00fcckblick\"],\"articleSection\":[\"Blog Rotes Meer\"],\"inLanguage\":\"en-GB\",\"potentialAction\":[{\"@type\":\"CommentAction\",\"name\":\"Comment\",\"target\":[\"https:\\\/\\\/james-mac.com\\\/2023-ist-da-unser-erster-rueckblick\\\/#respond\"]}]},{\"@type\":\"WebPage\",\"@id\":\"https:\\\/\\\/james-mac.com\\\/2023-ist-da-unser-erster-rueckblick\\\/\",\"url\":\"https:\\\/\\\/james-mac.com\\\/2023-ist-da-unser-erster-rueckblick\\\/\",\"name\":\"2023 ist da - Unser erster R\u00fcckblick - James &amp; Mac Diving Center\",\"isPartOf\":{\"@id\":\"https:\\\/\\\/james-mac.com\\\/#website\"},\"primaryImageOfPage\":{\"@id\":\"https:\\\/\\\/james-mac.com\\\/2023-ist-da-unser-erster-rueckblick\\\/#primaryimage\"},\"image\":{\"@id\":\"https:\\\/\\\/james-mac.com\\\/2023-ist-da-unser-erster-rueckblick\\\/#primaryimage\"},\"thumbnailUrl\":\"https:\\\/\\\/james-mac.com\\\/wp-content\\\/uploads\\\/2023\\\/01\\\/JM-Unterwasserselfie-Neujahr-Foto-Jette-Maike-4x3-1.jpg\",\"datePublished\":\"2023-01-07T05:41:00+00:00\",\"dateModified\":\"2023-01-07T05:59:37+00:00\",\"description\":\"2023 ist da - Unser erster R\u00fcckblick. Auch diese Woche blicken wir wieder auf Dinge zur\u00fcck, die in \u00c4gypten und anderswo passiert sind.\",\"breadcrumb\":{\"@id\":\"https:\\\/\\\/james-mac.com\\\/2023-ist-da-unser-erster-rueckblick\\\/#breadcrumb\"},\"inLanguage\":\"en-GB\",\"potentialAction\":[{\"@type\":\"ReadAction\",\"target\":[\"https:\\\/\\\/james-mac.com\\\/2023-ist-da-unser-erster-rueckblick\\\/\"]}]},{\"@type\":\"ImageObject\",\"inLanguage\":\"en-GB\",\"@id\":\"https:\\\/\\\/james-mac.com\\\/2023-ist-da-unser-erster-rueckblick\\\/#primaryimage\",\"url\":\"https:\\\/\\\/james-mac.com\\\/wp-content\\\/uploads\\\/2023\\\/01\\\/JM-Unterwasserselfie-Neujahr-Foto-Jette-Maike-4x3-1.jpg\",\"contentUrl\":\"https:\\\/\\\/james-mac.com\\\/wp-content\\\/uploads\\\/2023\\\/01\\\/JM-Unterwasserselfie-Neujahr-Foto-Jette-Maike-4x3-1.jpg\",\"width\":1324,\"height\":993,\"caption\":\"2023 ist da - unser erster R\u00fcckblick\"},{\"@type\":\"BreadcrumbList\",\"@id\":\"https:\\\/\\\/james-mac.com\\\/2023-ist-da-unser-erster-rueckblick\\\/#breadcrumb\",\"itemListElement\":[{\"@type\":\"ListItem\",\"position\":1,\"name\":\"Home\",\"item\":\"https:\\\/\\\/james-mac.com\\\/\"},{\"@type\":\"ListItem\",\"position\":2,\"name\":\"Blog Rotes Meer\",\"item\":\"https:\\\/\\\/james-mac.com\\\/en\\\/category\\\/blog-rotes-meer\\\/\"},{\"@type\":\"ListItem\",\"position\":3,\"name\":\"2023 ist da &#8211; Unser erster R\u00fcckblick\"}]},{\"@type\":\"WebSite\",\"@id\":\"https:\\\/\\\/james-mac.com\\\/#website\",\"url\":\"https:\\\/\\\/james-mac.com\\\/\",\"name\":\"James &amp; Mac Diving Center\",\"description\":\"Red sea diving since 1987\",\"publisher\":{\"@id\":\"https:\\\/\\\/james-mac.com\\\/#organization\"},\"potentialAction\":[{\"@type\":\"SearchAction\",\"target\":{\"@type\":\"EntryPoint\",\"urlTemplate\":\"https:\\\/\\\/james-mac.com\\\/?s={search_term_string}\"},\"query-input\":{\"@type\":\"PropertyValueSpecification\",\"valueRequired\":true,\"valueName\":\"search_term_string\"}}],\"inLanguage\":\"en-GB\"},{\"@type\":\"Organization\",\"@id\":\"https:\\\/\\\/james-mac.com\\\/#organization\",\"name\":\"James & Mac\",\"url\":\"https:\\\/\\\/james-mac.com\\\/\",\"logo\":{\"@type\":\"ImageObject\",\"inLanguage\":\"en-GB\",\"@id\":\"https:\\\/\\\/james-mac.com\\\/#\\\/schema\\\/logo\\\/image\\\/\",\"url\":\"\",\"contentUrl\":\"\",\"caption\":\"James & Mac\"},\"image\":{\"@id\":\"https:\\\/\\\/james-mac.com\\\/#\\\/schema\\\/logo\\\/image\\\/\"},\"sameAs\":[\"https:\\\/\\\/www.facebook.com\\\/jamesandmac\\\/\",\"https:\\\/\\\/x.com\\\/James_Mac_HRG\",\"https:\\\/\\\/www.instagram.com\\\/jamesundmacdiving\\\/\",\"https:\\\/\\\/www.youtube.com\\\/user\\\/james1987mac\"]},{\"@type\":\"Person\",\"@id\":\"https:\\\/\\\/james-mac.com\\\/#\\\/schema\\\/person\\\/bdad9b5a4498bd11efeed74d2676eee4\",\"name\":\"Ameli\",\"image\":{\"@type\":\"ImageObject\",\"inLanguage\":\"en-GB\",\"@id\":\"https:\\\/\\\/secure.gravatar.com\\\/avatar\\\/815b16a62dd9759f01ae110606d38d9d0fe57f307e2639ca16c1d626d7a6762d?s=96&r=g\",\"url\":\"https:\\\/\\\/secure.gravatar.com\\\/avatar\\\/815b16a62dd9759f01ae110606d38d9d0fe57f307e2639ca16c1d626d7a6762d?s=96&r=g\",\"contentUrl\":\"https:\\\/\\\/secure.gravatar.com\\\/avatar\\\/815b16a62dd9759f01ae110606d38d9d0fe57f307e2639ca16c1d626d7a6762d?s=96&r=g\",\"caption\":\"Ameli\"},\"url\":\"https:\\\/\\\/james-mac.com\\\/en\\\/author\\\/ameli\\\/\"}]}<\/script>\n<!-- \/ Yoast SEO plugin. -->","yoast_head_json":{"title":"2023 ist da - Unser erster R\u00fcckblick - James &amp; Mac Diving Center","description":"2023 ist da - Unser erster R\u00fcckblick. Auch diese Woche blicken wir wieder auf Dinge zur\u00fcck, die in \u00c4gypten und anderswo passiert sind.","robots":{"index":"index","follow":"follow","max-snippet":"max-snippet:-1","max-image-preview":"max-image-preview:large","max-video-preview":"max-video-preview:-1"},"canonical":"https:\/\/james-mac.com\/en\/2023-ist-da-unser-erster-rueckblick\/","og_locale":"en_GB","og_type":"article","og_title":"2023 ist da - Unser erster R\u00fcckblick - James &amp; Mac Diving Center","og_description":"2023 ist da - Unser erster R\u00fcckblick. Auch diese Woche blicken wir wieder auf Dinge zur\u00fcck, die in \u00c4gypten und anderswo passiert sind.","og_url":"https:\/\/james-mac.com\/en\/2023-ist-da-unser-erster-rueckblick\/","og_site_name":"James &amp; Mac Diving Center","article_publisher":"https:\/\/www.facebook.com\/jamesandmac\/","article_published_time":"2023-01-07T05:41:00+00:00","article_modified_time":"2023-01-07T05:59:37+00:00","og_image":[{"width":1324,"height":993,"url":"https:\/\/james-mac.com\/wp-content\/uploads\/2023\/01\/JM-Unterwasserselfie-Neujahr-Foto-Jette-Maike-4x3-1.jpg","type":"image\/jpeg"}],"author":"Ameli","twitter_card":"summary_large_image","twitter_creator":"@James_Mac_HRG","twitter_site":"@James_Mac_HRG","twitter_misc":{"Written by":"Ameli","Estimated reading time":"8 minutes"},"schema":{"@context":"https:\/\/schema.org","@graph":[{"@type":"Article","@id":"https:\/\/james-mac.com\/2023-ist-da-unser-erster-rueckblick\/#article","isPartOf":{"@id":"https:\/\/james-mac.com\/2023-ist-da-unser-erster-rueckblick\/"},"author":{"name":"Ameli","@id":"https:\/\/james-mac.com\/#\/schema\/person\/bdad9b5a4498bd11efeed74d2676eee4"},"headline":"2023 ist da &#8211; Unser erster R\u00fcckblick","datePublished":"2023-01-07T05:41:00+00:00","dateModified":"2023-01-07T05:59:37+00:00","mainEntityOfPage":{"@id":"https:\/\/james-mac.com\/2023-ist-da-unser-erster-rueckblick\/"},"wordCount":1445,"commentCount":0,"publisher":{"@id":"https:\/\/james-mac.com\/#organization"},"image":{"@id":"https:\/\/james-mac.com\/2023-ist-da-unser-erster-rueckblick\/#primaryimage"},"thumbnailUrl":"https:\/\/james-mac.com\/wp-content\/uploads\/2023\/01\/JM-Unterwasserselfie-Neujahr-Foto-Jette-Maike-4x3-1.jpg","keywords":["2023","\u00c4gypten","Hurghada","Rotes Meer","R\u00fcckblick","Wochenr\u00fcckblick"],"articleSection":["Blog Rotes Meer"],"inLanguage":"en-GB","potentialAction":[{"@type":"CommentAction","name":"Comment","target":["https:\/\/james-mac.com\/2023-ist-da-unser-erster-rueckblick\/#respond"]}]},{"@type":"WebPage","@id":"https:\/\/james-mac.com\/2023-ist-da-unser-erster-rueckblick\/","url":"https:\/\/james-mac.com\/2023-ist-da-unser-erster-rueckblick\/","name":"2023 ist da - Unser erster R\u00fcckblick - James &amp; Mac Diving Center","isPartOf":{"@id":"https:\/\/james-mac.com\/#website"},"primaryImageOfPage":{"@id":"https:\/\/james-mac.com\/2023-ist-da-unser-erster-rueckblick\/#primaryimage"},"image":{"@id":"https:\/\/james-mac.com\/2023-ist-da-unser-erster-rueckblick\/#primaryimage"},"thumbnailUrl":"https:\/\/james-mac.com\/wp-content\/uploads\/2023\/01\/JM-Unterwasserselfie-Neujahr-Foto-Jette-Maike-4x3-1.jpg","datePublished":"2023-01-07T05:41:00+00:00","dateModified":"2023-01-07T05:59:37+00:00","description":"2023 ist da - Unser erster R\u00fcckblick. Auch diese Woche blicken wir wieder auf Dinge zur\u00fcck, die in \u00c4gypten und anderswo passiert sind.","breadcrumb":{"@id":"https:\/\/james-mac.com\/2023-ist-da-unser-erster-rueckblick\/#breadcrumb"},"inLanguage":"en-GB","potentialAction":[{"@type":"ReadAction","target":["https:\/\/james-mac.com\/2023-ist-da-unser-erster-rueckblick\/"]}]},{"@type":"ImageObject","inLanguage":"en-GB","@id":"https:\/\/james-mac.com\/2023-ist-da-unser-erster-rueckblick\/#primaryimage","url":"https:\/\/james-mac.com\/wp-content\/uploads\/2023\/01\/JM-Unterwasserselfie-Neujahr-Foto-Jette-Maike-4x3-1.jpg","contentUrl":"https:\/\/james-mac.com\/wp-content\/uploads\/2023\/01\/JM-Unterwasserselfie-Neujahr-Foto-Jette-Maike-4x3-1.jpg","width":1324,"height":993,"caption":"2023 ist da - unser erster R\u00fcckblick"},{"@type":"BreadcrumbList","@id":"https:\/\/james-mac.com\/2023-ist-da-unser-erster-rueckblick\/#breadcrumb","itemListElement":[{"@type":"ListItem","position":1,"name":"Home","item":"https:\/\/james-mac.com\/"},{"@type":"ListItem","position":2,"name":"Blog Rotes Meer","item":"https:\/\/james-mac.com\/en\/category\/blog-rotes-meer\/"},{"@type":"ListItem","position":3,"name":"2023 ist da &#8211; Unser erster R\u00fcckblick"}]},{"@type":"WebSite","@id":"https:\/\/james-mac.com\/#website","url":"https:\/\/james-mac.com\/","name":"James &amp; Mac Diving Center","description":"Red sea diving since 1987","publisher":{"@id":"https:\/\/james-mac.com\/#organization"},"potentialAction":[{"@type":"SearchAction","target":{"@type":"EntryPoint","urlTemplate":"https:\/\/james-mac.com\/?s={search_term_string}"},"query-input":{"@type":"PropertyValueSpecification","valueRequired":true,"valueName":"search_term_string"}}],"inLanguage":"en-GB"},{"@type":"Organization","@id":"https:\/\/james-mac.com\/#organization","name":"James &amp; Mac","url":"https:\/\/james-mac.com\/","logo":{"@type":"ImageObject","inLanguage":"en-GB","@id":"https:\/\/james-mac.com\/#\/schema\/logo\/image\/","url":"","contentUrl":"","caption":"James & Mac"},"image":{"@id":"https:\/\/james-mac.com\/#\/schema\/logo\/image\/"},"sameAs":["https:\/\/www.facebook.com\/jamesandmac\/","https:\/\/x.com\/James_Mac_HRG","https:\/\/www.instagram.com\/jamesundmacdiving\/","https:\/\/www.youtube.com\/user\/james1987mac"]},{"@type":"Person","@id":"https:\/\/james-mac.com\/#\/schema\/person\/bdad9b5a4498bd11efeed74d2676eee4","name":"Ameli","image":{"@type":"ImageObject","inLanguage":"en-GB","@id":"https:\/\/secure.gravatar.com\/avatar\/815b16a62dd9759f01ae110606d38d9d0fe57f307e2639ca16c1d626d7a6762d?s=96&r=g","url":"https:\/\/secure.gravatar.com\/avatar\/815b16a62dd9759f01ae110606d38d9d0fe57f307e2639ca16c1d626d7a6762d?s=96&r=g","contentUrl":"https:\/\/secure.gravatar.com\/avatar\/815b16a62dd9759f01ae110606d38d9d0fe57f307e2639ca16c1d626d7a6762d?s=96&r=g","caption":"Ameli"},"url":"https:\/\/james-mac.com\/en\/author\/ameli\/"}]}},"_links":{"self":[{"href":"https:\/\/james-mac.com\/en\/wp-json\/wp\/v2\/posts\/34123","targetHints":{"allow":["GET"]}}],"collection":[{"href":"https:\/\/james-mac.com\/en\/wp-json\/wp\/v2\/posts"}],"about":[{"href":"https:\/\/james-mac.com\/en\/wp-json\/wp\/v2\/types\/post"}],"author":[{"embeddable":true,"href":"https:\/\/james-mac.com\/en\/wp-json\/wp\/v2\/users\/4"}],"replies":[{"embeddable":true,"href":"https:\/\/james-mac.com\/en\/wp-json\/wp\/v2\/comments?post=34123"}],"version-history":[{"count":54,"href":"https:\/\/james-mac.com\/en\/wp-json\/wp\/v2\/posts\/34123\/revisions"}],"predecessor-version":[{"id":34196,"href":"https:\/\/james-mac.com\/en\/wp-json\/wp\/v2\/posts\/34123\/revisions\/34196"}],"wp:featuredmedia":[{"embeddable":true,"href":"https:\/\/james-mac.com\/en\/wp-json\/wp\/v2\/media\/34177"}],"wp:attachment":[{"href":"https:\/\/james-mac.com\/en\/wp-json\/wp\/v2\/media?parent=34123"}],"wp:term":[{"taxonomy":"category","embeddable":true,"href":"https:\/\/james-mac.com\/en\/wp-json\/wp\/v2\/categories?post=34123"},{"taxonomy":"post_tag","embeddable":true,"href":"https:\/\/james-mac.com\/en\/wp-json\/wp\/v2\/tags?post=34123"}],"curies":[{"name":"wp","href":"https:\/\/api.w.org\/{rel}","templated":true}]}}