{"id":34692,"date":"2023-02-04T06:55:00","date_gmt":"2023-02-04T05:55:00","guid":{"rendered":"https:\/\/james-mac.com\/?p=34692"},"modified":"2023-02-08T06:46:56","modified_gmt":"2023-02-08T05:46:56","slug":"wir-starten-froehlich-in-den-februar","status":"publish","type":"post","link":"https:\/\/james-mac.com\/en\/wir-starten-froehlich-in-den-februar\/","title":{"rendered":"Wir starten fr\u00f6hlich in den Februar"},"content":{"rendered":"<div data-elementor-type=\"wp-post\" data-elementor-id=\"34692\" class=\"elementor elementor-34692\" data-elementor-post-type=\"post\">\n\t\t\t\t\t\t<section data-particle_enable=\"false\" data-particle-mobile-disabled=\"false\" class=\"elementor-section elementor-top-section elementor-element elementor-element-227703b9 elementor-section-boxed elementor-section-height-default elementor-section-height-default\" data-id=\"227703b9\" data-element_type=\"section\" data-e-type=\"section\">\n\t\t\t\t\t\t<div class=\"elementor-container elementor-column-gap-default\">\n\t\t\t\t\t<div class=\"elementor-column elementor-col-100 elementor-top-column elementor-element elementor-element-f4ad3dd\" data-id=\"f4ad3dd\" data-element_type=\"column\" data-e-type=\"column\">\n\t\t\t<div class=\"elementor-widget-wrap elementor-element-populated\">\n\t\t\t\t\t\t<section data-particle_enable=\"false\" data-particle-mobile-disabled=\"false\" class=\"elementor-section elementor-inner-section elementor-element elementor-element-cc199a4 elementor-section-boxed elementor-section-height-default elementor-section-height-default\" data-id=\"cc199a4\" data-element_type=\"section\" data-e-type=\"section\">\n\t\t\t\t\t\t<div class=\"elementor-container elementor-column-gap-default\">\n\t\t\t\t\t<div class=\"elementor-column elementor-col-100 elementor-inner-column elementor-element elementor-element-fa3966e\" data-id=\"fa3966e\" data-element_type=\"column\" data-e-type=\"column\">\n\t\t\t<div class=\"elementor-widget-wrap elementor-element-populated\">\n\t\t\t\t\r\n\t\t<div class=\"elementor-element elementor-element-2f56543a elementor-post-navigation-borders-yes elementor-widget elementor-widget-post-navigation\" data-id=\"2f56543a\" data-element_type=\"widget\" data-e-type=\"widget\" data-widget_type=\"post-navigation.default\">\n\t\t\t\t<div class=\"elementor-widget-container\">\n\t\t\t\t\t\t\t<div class=\"elementor-post-navigation\" role=\"navigation\" aria-label=\"Post Navigation\">\n\t\t\t<div class=\"elementor-post-navigation__prev elementor-post-navigation__link\">\n\t\t\t\t<a href=\"https:\/\/james-mac.com\/en\/happy-birthday-lieber-joerg\/\" rel=\"prev\"><span class=\"post-navigation__arrow-wrapper post-navigation__arrow-prev\"><i aria-hidden=\"true\" class=\"fas fa-angle-left\"><\/i><span class=\"elementor-screen-only\">Prev<\/span><\/span><span class=\"elementor-post-navigation__link__prev\"><span class=\"post-navigation__prev--label\">Voriger<\/span><span class=\"post-navigation__prev--title\">Happy Birthday lieber J\u00f6rg<\/span><\/span><\/a>\t\t\t<\/div>\n\t\t\t\t\t\t\t<div class=\"elementor-post-navigation__separator-wrapper\">\n\t\t\t\t\t<div class=\"elementor-post-navigation__separator\"><\/div>\n\t\t\t\t<\/div>\n\t\t\t\t\t\t<div class=\"elementor-post-navigation__next elementor-post-navigation__link\">\n\t\t\t\t<a href=\"https:\/\/james-mac.com\/en\/unser-rueckblick-aus-hurghada\/\" rel=\"next\"><span class=\"elementor-post-navigation__link__next\"><span class=\"post-navigation__next--label\">N\u00e4chster<\/span><span class=\"post-navigation__next--title\">Unser R\u00fcckblick aus Hurghada<\/span><\/span><span class=\"post-navigation__arrow-wrapper post-navigation__arrow-next\"><i aria-hidden=\"true\" class=\"fas fa-angle-right\"><\/i><span class=\"elementor-screen-only\">Next<\/span><\/span><\/a>\t\t\t<\/div>\n\t\t<\/div>\n\t\t\t\t\t\t<\/div>\n\t\t\t\t<\/div>\n\t\t\t\t<div class=\"elementor-element elementor-element-50289923 elementor-widget elementor-widget-shortcode\" data-id=\"50289923\" data-element_type=\"widget\" data-e-type=\"widget\" data-widget_type=\"shortcode.default\">\n\t\t\t\t<div class=\"elementor-widget-container\">\n\t\t\t\t\t\t\t<div class=\"elementor-shortcode\"><\/div>\n\t\t\t\t\t\t<\/div>\n\t\t\t\t<\/div>\n\t\t\t\t<div class=\"elementor-element elementor-element-657f44db elementor-widget elementor-widget-spacer\" data-id=\"657f44db\" data-element_type=\"widget\" data-e-type=\"widget\" data-widget_type=\"spacer.default\">\n\t\t\t\t<div class=\"elementor-widget-container\">\n\t\t\t\t\t\t\t<div class=\"elementor-spacer\">\n\t\t\t<div class=\"elementor-spacer-inner\"><\/div>\n\t\t<\/div>\n\t\t\t\t\t\t<\/div>\n\t\t\t\t<\/div>\n\t\t\t\t<div class=\"elementor-element elementor-element-1dd68d7e elementor-widget elementor-widget-heading\" data-id=\"1dd68d7e\" data-element_type=\"widget\" data-e-type=\"widget\" data-widget_type=\"heading.default\">\n\t\t\t\t<div class=\"elementor-widget-container\">\n\t\t\t\t\t<h3 class=\"elementor-heading-title elementor-size-default\">Wir starten fr\u00f6hlich in den Februar<\/h3>\t\t\t\t<\/div>\n\t\t\t\t<\/div>\n\t\t\t\t<div class=\"elementor-element elementor-element-51b9a289 elementor-widget elementor-widget-text-editor\" data-id=\"51b9a289\" data-element_type=\"widget\" data-e-type=\"widget\" data-widget_type=\"text-editor.default\">\n\t\t\t\t<div class=\"elementor-widget-container\">\n\t\t\t\t\t\t\t\t\t<p>Auch in dieser Woche waren unsere Tauchlehrer wieder auf dem Roten Meer unterwegs und hatten von ihren <a href=\"https:\/\/james-mac.com\/en\/taegliche-tauchausfahrten\/\" target=\"_blank\" rel=\"noopener\">Diving Trips<\/a> einiges zu berichten. Bei uns in Hurghada ist immer was los und auch anderswo, nicht nur in \u00c4gypten passierten aufregende Dinge. Wir starten fr\u00f6hlich in den Februar, hier kommt unser R\u00fcckblick:<\/p>\t\t\t\t\t\t\t\t<\/div>\n\t\t\t\t<\/div>\n\t\t\t\t<div class=\"elementor-element elementor-element-2280868d elementor-widget elementor-widget-spacer\" data-id=\"2280868d\" data-element_type=\"widget\" data-e-type=\"widget\" data-widget_type=\"spacer.default\">\n\t\t\t\t<div class=\"elementor-widget-container\">\n\t\t\t\t\t\t\t<div class=\"elementor-spacer\">\n\t\t\t<div class=\"elementor-spacer-inner\"><\/div>\n\t\t<\/div>\n\t\t\t\t\t\t<\/div>\n\t\t\t\t<\/div>\n\t\t\t\t<div class=\"elementor-element elementor-element-6c395f5 elementor-widget elementor-widget-image\" data-id=\"6c395f5\" data-element_type=\"widget\" data-e-type=\"widget\" data-widget_type=\"image.default\">\n\t\t\t\t<div class=\"elementor-widget-container\">\n\t\t\t\t\t\t\t\t\t\t\t\t\t\t\t<img fetchpriority=\"high\" decoding=\"async\" width=\"640\" height=\"480\" src=\"https:\/\/james-mac.com\/wp-content\/uploads\/2022\/07\/Graue-Muraene-Foto-Joerg-D-4x3-1-1024x768.jpg\" class=\"attachment-large size-large wp-image-30640\" alt=\"Drei Tauchg\u00e4nge mit viel Tauchspa\u00df\" srcset=\"https:\/\/james-mac.com\/wp-content\/uploads\/2022\/07\/Graue-Muraene-Foto-Joerg-D-4x3-1-1024x768.jpg 1024w, https:\/\/james-mac.com\/wp-content\/uploads\/2022\/07\/Graue-Muraene-Foto-Joerg-D-4x3-1-300x225.jpg 300w, https:\/\/james-mac.com\/wp-content\/uploads\/2022\/07\/Graue-Muraene-Foto-Joerg-D-4x3-1-768x576.jpg 768w, https:\/\/james-mac.com\/wp-content\/uploads\/2022\/07\/Graue-Muraene-Foto-Joerg-D-4x3-1-1536x1152.jpg 1536w, https:\/\/james-mac.com\/wp-content\/uploads\/2022\/07\/Graue-Muraene-Foto-Joerg-D-4x3-1-2048x1536.jpg 2048w, https:\/\/james-mac.com\/wp-content\/uploads\/2022\/07\/Graue-Muraene-Foto-Joerg-D-4x3-1-16x12.jpg 16w, https:\/\/james-mac.com\/wp-content\/uploads\/2022\/07\/Graue-Muraene-Foto-Joerg-D-4x3-1-155x116.jpg 155w\" sizes=\"(max-width: 640px) 100vw, 640px\" \/>\t\t\t\t\t\t\t\t\t\t\t\t\t\t\t<\/div>\n\t\t\t\t<\/div>\n\t\t\t\t<div class=\"elementor-element elementor-element-5d5e3d0 elementor-widget elementor-widget-spacer\" data-id=\"5d5e3d0\" data-element_type=\"widget\" data-e-type=\"widget\" data-widget_type=\"spacer.default\">\n\t\t\t\t<div class=\"elementor-widget-container\">\n\t\t\t\t\t\t\t<div class=\"elementor-spacer\">\n\t\t\t<div class=\"elementor-spacer-inner\"><\/div>\n\t\t<\/div>\n\t\t\t\t\t\t<\/div>\n\t\t\t\t<\/div>\n\t\t\t\t<div class=\"elementor-element elementor-element-113b441 elementor-widget elementor-widget-heading\" data-id=\"113b441\" data-element_type=\"widget\" data-e-type=\"widget\" data-widget_type=\"heading.default\">\n\t\t\t\t<div class=\"elementor-widget-container\">\n\t\t\t\t\t<h3 class=\"elementor-heading-title elementor-size-default\">Der Wind kehrt zur\u00fcck nach fast sommerlichen Tagen<\/h3>\t\t\t\t<\/div>\n\t\t\t\t<\/div>\n\t\t\t\t<div class=\"elementor-element elementor-element-2a7b21f elementor-widget elementor-widget-text-editor\" data-id=\"2a7b21f\" data-element_type=\"widget\" data-e-type=\"widget\" data-widget_type=\"text-editor.default\">\n\t\t\t\t<div class=\"elementor-widget-container\">\n\t\t\t\t\t\t\t\t\t<p>Winterlich ruhig geht es bei uns derzeit auf der Tauchbasis zu und winterlich ruhig ist es auch Unterwasser. Wie wir ja schon in den vergangenen Wochen berichtet haben, war das bisher einer der w\u00e4rmsten Winter, an die wir uns erinnern k\u00f6nnen. Aber nat\u00fcrlich ist die k\u00fchlere Jahreszeit noch nicht vor\u00fcber und Mitte der vergangenen Woche wurde es doch wieder etwas windiger.\u00a0<\/p><p>Mit einem Klassiker starteten wir ins <a href=\"https:\/\/james-mac.com\/en\/abtauchen-zum-start-in-den-samstag\/\" target=\"_blank\" rel=\"noopener\">letzte Wochenende<\/a>, Ham Ham stand auf dem Programm. Zu jeder Jahreszeit ist dieser Tauchplatz ein Genuss. Wer etwas tiefer gehen m\u00f6chte, kann sich von der gewaltigen Wand beeindrucken lassen mit ihrem tollen Bewuchs und den Felsformationen. Wer lieber flacher bleiben will, der erfreut sich an der Fischvielfalt und den bunten Korallen im Sonnenlicht.<\/p><p>Einen wundersch\u00f6nen Sonntagsausflug machten wir tags drauf ans <a href=\"https:\/\/james-mac.com\/en\/ein-warmer-sonntag-auf-dem-meer\/\" target=\"_blank\" rel=\"noopener\">Carless Reef<\/a>. Bei Sonne pur und ohne jeden Windhauch lie\u00dfen wir uns verzaubern von der Sch\u00f6nheit des Plateaus und den unz\u00e4hligen Fischen \u00fcberall. Bei Shaab Rur feierten wir dann den 1000. Tauchgang unseres lieben Stammgastes Dierk. Auch hier nochmal herzlichen Gl\u00fcckwunsch dazu!<\/p><p>Ganz im Zeichen der gro\u00dfen Rochen stand der Wochenanfang. Bei <a href=\"https:\/\/james-mac.com\/en\/viele-federschwaenze-bei-fanadir\/\" target=\"_blank\" rel=\"noopener\">Fanadir<\/a> gingen wir erneut auf die Suche nach Federschwanz- und anderen gro\u00dfen Rochen und wurden mehr als f\u00fcndig. Gleich mehrere der imposanten Unterwasserlebewesen pr\u00e4sentierten sich uns w\u00e4hrend unserer beiden Tauchg\u00e4nge.\u00a0<\/p><p>Zur Mitte der Woche hin war es dann doch soweit und der Wind zog kr\u00e4ftig auf. Das st\u00f6rte uns aber wenig, denn wir suchten uns sch\u00f6ne Pl\u00e4tze aus, bei denen man auch bei einer steifen Brise gut tauchen kann. Einer davon ist unsere wundersch\u00f6ne <a href=\"https:\/\/james-mac.com\/en\/schneckenvielfalt-an-der-balena\/\" target=\"_blank\" rel=\"noopener\">Balena<\/a>. Gro\u00dfe Begeisterung herrschte nicht nur \u00fcber die Barrakuda-Schw\u00e4rme, sondern auch \u00fcber die zahlreichen bunten Schnecken \u00fcberall.<\/p><p>Und so ging dann auch diese Woche langsam zu Ende. Das Wetter hat sich wieder beruhigt und wir freuen uns schon sehr auf unsere n\u00e4chsten Unterwassererlebnisse!<\/p>\t\t\t\t\t\t\t\t<\/div>\n\t\t\t\t<\/div>\n\t\t\t\t<div class=\"elementor-element elementor-element-72d076f elementor-widget elementor-widget-spacer\" data-id=\"72d076f\" data-element_type=\"widget\" data-e-type=\"widget\" data-widget_type=\"spacer.default\">\n\t\t\t\t<div class=\"elementor-widget-container\">\n\t\t\t\t\t\t\t<div class=\"elementor-spacer\">\n\t\t\t<div class=\"elementor-spacer-inner\"><\/div>\n\t\t<\/div>\n\t\t\t\t\t\t<\/div>\n\t\t\t\t<\/div>\n\t\t\t\t<div class=\"elementor-element elementor-element-ca217ce elementor-widget elementor-widget-image\" data-id=\"ca217ce\" data-element_type=\"widget\" data-e-type=\"widget\" data-widget_type=\"image.default\">\n\t\t\t\t<div class=\"elementor-widget-container\">\n\t\t\t\t\t\t\t\t\t\t\t\t\t\t\t<img decoding=\"async\" width=\"640\" height=\"503\" src=\"https:\/\/james-mac.com\/wp-content\/uploads\/2023\/02\/railroad-gf161d99a7_1920-Bahngleise-Pixabay-4x3-1-1024x805.jpg\" class=\"attachment-large size-large wp-image-34713\" alt=\"Bahn\" srcset=\"https:\/\/james-mac.com\/wp-content\/uploads\/2023\/02\/railroad-gf161d99a7_1920-Bahngleise-Pixabay-4x3-1-1024x805.jpg 1024w, https:\/\/james-mac.com\/wp-content\/uploads\/2023\/02\/railroad-gf161d99a7_1920-Bahngleise-Pixabay-4x3-1-300x236.jpg 300w, https:\/\/james-mac.com\/wp-content\/uploads\/2023\/02\/railroad-gf161d99a7_1920-Bahngleise-Pixabay-4x3-1-768x604.jpg 768w, https:\/\/james-mac.com\/wp-content\/uploads\/2023\/02\/railroad-gf161d99a7_1920-Bahngleise-Pixabay-4x3-1-1536x1207.jpg 1536w, https:\/\/james-mac.com\/wp-content\/uploads\/2023\/02\/railroad-gf161d99a7_1920-Bahngleise-Pixabay-4x3-1-15x12.jpg 15w, https:\/\/james-mac.com\/wp-content\/uploads\/2023\/02\/railroad-gf161d99a7_1920-Bahngleise-Pixabay-4x3-1-148x116.jpg 148w, https:\/\/james-mac.com\/wp-content\/uploads\/2023\/02\/railroad-gf161d99a7_1920-Bahngleise-Pixabay-4x3-1.jpg 1920w\" sizes=\"(max-width: 640px) 100vw, 640px\" \/>\t\t\t\t\t\t\t\t\t\t\t\t\t\t\t<\/div>\n\t\t\t\t<\/div>\n\t\t\t\t<div class=\"elementor-element elementor-element-96849f7 elementor-widget elementor-widget-spacer\" data-id=\"96849f7\" data-element_type=\"widget\" data-e-type=\"widget\" data-widget_type=\"spacer.default\">\n\t\t\t\t<div class=\"elementor-widget-container\">\n\t\t\t\t\t\t\t<div class=\"elementor-spacer\">\n\t\t\t<div class=\"elementor-spacer-inner\"><\/div>\n\t\t<\/div>\n\t\t\t\t\t\t<\/div>\n\t\t\t\t<\/div>\n\t\t\t\t<div class=\"elementor-element elementor-element-7d4bfbb elementor-widget elementor-widget-heading\" data-id=\"7d4bfbb\" data-element_type=\"widget\" data-e-type=\"widget\" data-widget_type=\"heading.default\">\n\t\t\t\t<div class=\"elementor-widget-container\">\n\t\t\t\t\t<h3 class=\"elementor-heading-title elementor-size-default\">\u00c4gypten bekommt neue Luxusz\u00fcge auf Intercity Basis<\/h3>\t\t\t\t<\/div>\n\t\t\t\t<\/div>\n\t\t\t\t<div class=\"elementor-element elementor-element-ece2189 elementor-widget elementor-widget-text-editor\" data-id=\"ece2189\" data-element_type=\"widget\" data-e-type=\"widget\" data-widget_type=\"text-editor.default\">\n\t\t\t\t<div class=\"elementor-widget-container\">\n\t\t\t\t\t\t\t\t\t<p>Der zweite nagelneue\u00a0<a class=\"c-link\" tabindex=\"-1\" href=\"https:\/\/scenenow.com\/Buzz\/You-Can-Now-Go-From-Cairo-to-Luxor-on-the-First-Class-Talgo-Train?fbclid=IwAR2ce3RLM5E3fbm71JmkWmxIe3BgJX08LUuY4LsosUN4wShJiWIH0HJHqA0\" target=\"_blank\" rel=\"noopener noreferrer\" data-stringify-link=\"https:\/\/scenenow.com\/Buzz\/You-Can-Now-Go-From-Cairo-to-Luxor-on-the-First-Class-Talgo-Train?fbclid=IwAR2ce3RLM5E3fbm71JmkWmxIe3BgJX08LUuY4LsosUN4wShJiWIH0HJHqA0\" data-sk=\"tooltip_parent\" data-remove-tab-index=\"true\">Talgo Schnellzug<\/a> hat Ende Januar offiziell den Betrieb auf der Strecke Kairo-Luxor aufgenommen. Derzeit f\u00e4hrt er noch ohne Fahrg\u00e4ste im Probebetrieb. Das Verkehrsministerium hatte das spanische Unternehmen Talgo beauftragt, sechs Luxusz\u00fcge im Wert von 157 Millionen Euro nach \u00c4gypten zu liefern. Im letzten Dezember hat die staatliche \u00e4gyptische Eisenbahngesellschaft ENR den kommerziellen Betrieb der von Talgo in Spanien gebauten Intercity-Z\u00fcge aufgenommen. Die ersten Z\u00fcge verbinden\u00a0<a class=\"c-link\" tabindex=\"-1\" href=\"https:\/\/www.talgo.com\/-\/talgo-starts-operating-its-intercity-trains-in-egypt\" target=\"_blank\" rel=\"noopener noreferrer\" data-stringify-link=\"https:\/\/www.talgo.com\/-\/talgo-starts-operating-its-intercity-trains-in-egypt\" data-sk=\"tooltip_parent\" data-remove-tab-index=\"true\">seit Dezember<\/a> die \u00e4gyptische Hauptstadt Kairo und die Stadt Alexandria. Die Talgo Z\u00fcge sind ein wichtiger Bestandteil des Modernisierungsprozesses des Eisenbahnsystems.<\/p><p>Der dritte Zug soll auf der Strecke Kairo &#8211; Aswan, der vierte Zug auf der Strecke Kairo &#8211; Alexandria, der f\u00fcnfte auf der Strecke Kairo &#8211; Luxor und der sechste auf der Strecke Kairo &#8211; Aswan eingesetzt werden. Mit einer H\u00f6chstgeschwindigkeit von 160 km sind die Talgo Z\u00fcge schnell zwischen den St\u00e4dten unterwegs. WLAN gibt es auch.<\/p><p>Talgo stellt die Z\u00fcge in Spanien her und f\u00fchrt die Wartungsarbeiten an bestehenden Standorten in \u00c4gypten durch. Die Z\u00fcge basieren auf der Intercity-Plattform des Herstellers, F\u00fcr diese hat Talgo auch Auftr\u00e4ge in Deutschland und D\u00e4nemark erhalten. Dank der exklusiven Talgo-Rollmaterialtechnologie und der Aluminiumkonstruktion werden die Effizienzen maximiert und die Umweltauswirkungen minimiert.<\/p><p>Der Betrieb dieses Luxuszuges stellt quasi einen Quantensprung in der Geschichte der <a class=\"c-link\" tabindex=\"-1\" href=\"https:\/\/www.seat61.com\/Egypt.htm\" target=\"_blank\" rel=\"noopener noreferrer\" data-stringify-link=\"https:\/\/www.seat61.com\/Egypt.htm\" data-sk=\"tooltip_parent\" data-remove-tab-index=\"true\">\u00e4gyptischen Eisenbahnen<\/a> dar. Die luxuri\u00f6sen Talgo-Z\u00fcge \u00e4hneln den Z\u00fcgen, die in europ\u00e4ischen L\u00e4ndern verkehren, und bieten der \u00d6ffentlichkeit ein H\u00f6chstma\u00df an Service. Jeder Talgo-Zug besteht aus 15 Wagen, darunter f\u00fcnf Wagen der ersten Klasse, acht Wagen der zweiten Klasse, ein Buffetwagen und der Triebwagen. Talgo Z\u00fcge zeichnen sich durch ihre fortschrittliche moderne Technologie und eine hohe Betriebsgeschwindigkeit aus.<\/p><p>Die <a class=\"c-link\" tabindex=\"-1\" href=\"https:\/\/obs.enr.gov.eg\/o-city\/obs\/enr\/railway\/en\/home\" target=\"_blank\" rel=\"noopener noreferrer\" data-stringify-link=\"https:\/\/obs.enr.gov.eg\/o-city\/obs\/enr\/railway\/en\/home\" data-sk=\"tooltip_parent\" data-remove-tab-index=\"true\">Fahrkarten<\/a>\u00a0f\u00fcr den neuen Zug, der nur Wagen der ersten und zweiten Klasse umfasst, kosten 200 \u00e4gyptische Pfund (8 $) f\u00fcr die erste Klasse und 150 (6 $) f\u00fcr die zweite Klasse.<\/p>\t\t\t\t\t\t\t\t<\/div>\n\t\t\t\t<\/div>\n\t\t\t\t<div class=\"elementor-element elementor-element-b431e0a elementor-widget elementor-widget-spacer\" data-id=\"b431e0a\" data-element_type=\"widget\" data-e-type=\"widget\" data-widget_type=\"spacer.default\">\n\t\t\t\t<div class=\"elementor-widget-container\">\n\t\t\t\t\t\t\t<div class=\"elementor-spacer\">\n\t\t\t<div class=\"elementor-spacer-inner\"><\/div>\n\t\t<\/div>\n\t\t\t\t\t\t<\/div>\n\t\t\t\t<\/div>\n\t\t\t\t<div class=\"elementor-element elementor-element-ec7ecda elementor-widget elementor-widget-html\" data-id=\"ec7ecda\" data-element_type=\"widget\" data-e-type=\"widget\" data-widget_type=\"html.default\">\n\t\t\t\t<div class=\"elementor-widget-container\">\n\t\t\t\t\t<iframe width=\"560\" height=\"500\" src=\"https:\/\/www.youtube.com\/embed\/_jbqv0W33Lg\" title=\"YouTube video player\" frameborder=\"0\" allow=\"accelerometer; autoplay; clipboard-write; encrypted-media; gyroscope; picture-in-picture; web-share\" allowfullscreen><\/iframe>\t\t\t\t<\/div>\n\t\t\t\t<\/div>\n\t\t\t\t<div class=\"elementor-element elementor-element-13ceb87c elementor-widget elementor-widget-spacer\" data-id=\"13ceb87c\" data-element_type=\"widget\" data-e-type=\"widget\" data-widget_type=\"spacer.default\">\n\t\t\t\t<div class=\"elementor-widget-container\">\n\t\t\t\t\t\t\t<div class=\"elementor-spacer\">\n\t\t\t<div class=\"elementor-spacer-inner\"><\/div>\n\t\t<\/div>\n\t\t\t\t\t\t<\/div>\n\t\t\t\t<\/div>\n\t\t\t\t<div class=\"elementor-element elementor-element-389c9a69 elementor-widget elementor-widget-heading\" data-id=\"389c9a69\" data-element_type=\"widget\" data-e-type=\"widget\" data-widget_type=\"heading.default\">\n\t\t\t\t<div class=\"elementor-widget-container\">\n\t\t\t\t\t<h3 class=\"elementor-heading-title elementor-size-default\">Vermutlich \u00e4lteste Mumie \u00c4gyptens entdeckt<\/h3>\t\t\t\t<\/div>\n\t\t\t\t<\/div>\n\t\t\t\t<div class=\"elementor-element elementor-element-655c917 elementor-widget elementor-widget-text-editor\" data-id=\"655c917\" data-element_type=\"widget\" data-e-type=\"widget\" data-widget_type=\"text-editor.default\">\n\t\t\t\t<div class=\"elementor-widget-container\">\n\t\t\t\t\t\t\t\t\t<p>In einem Grab in der N\u00e4he der Djoser Stufenpyramide in Sakkara haben Arch\u00e4ologen die wom\u00f6glich\u00a0<a class=\"c-link\" tabindex=\"-1\" href=\"https:\/\/edition.cnn.com\/style\/article\/egypt-oldest-mummy-uncovered-intl-scli-scn\/index.html#:~:text=The%204%2C300-year-old%20mummy,%22the%20most%20amazing%20discovery.%22\" target=\"_blank\" rel=\"noopener noreferrer\" data-stringify-link=\"https:\/\/edition.cnn.com\/style\/article\/egypt-oldest-mummy-uncovered-intl-scli-scn\/index.html#:~:text=The%204%2C300-year-old%20mummy,%22the%20most%20amazing%20discovery.%22\" data-sk=\"tooltip_parent\" data-remove-tab-index=\"true\">\u00e4lteste Mumie \u00c4gyptens<\/a>\u00a0entdeckt. Die mumifizierte Person scheint auch die am vollst\u00e4ndigsten erhaltene Mumie zu sein, die je in \u00c4gypten gefunden wurde. Ihr Alter wird auf 4.300 Jahre datiert. Es sich um einen wohlhabenden Mann, der um die 35 Jahre alt war, mit dem Namen Djed Sepsh. Die Mumie befand sich in einem 25 Tonnen schweren Steinsarg, wobei allein der Deckel f\u00fcnf Tonnen wiegt.<\/p><p>Als die Arch\u00e4ologen das Grab \u00f6ffneten, war\u00a0<a class=\"c-link\" tabindex=\"-1\" href=\"https:\/\/www.bbc.com\/news\/world-middle-east-64415816\" target=\"_blank\" rel=\"noopener noreferrer\" data-stringify-link=\"https:\/\/www.bbc.com\/news\/world-middle-east-64415816\" data-sk=\"tooltip_parent\" data-remove-tab-index=\"true\">die Mumie<\/a>\u00a0nicht nur mit Schichten von Gold \u00fcberzogen, auf seiner Brust lag auch ein goldener Armreif. Der ehemalige \u00e4gyptische Minister f\u00fcr Altert\u00fcmer Zani Hawass arbeitete mit einem Team von 10 Experten an dieser Entdeckung. Sie fanden diesen mumifizierten Mann 20 Meter tief in der Erde in der N\u00e4he der Stufenpyramide. Hawass meinte, es sei der erstaunlichste Fund aller Zeiten.<\/p><p>Diese Mumie war nicht die einzige, die in der W\u00fcste von Sakkara entdeckt wurde. Eine weitere Mumie geh\u00f6rte einem \u00e4gyptischen Priester namens Khnumdjedef. Er diente Pharao Unas, dem letzten Pharao der f\u00fcnften Dynastie. Das zweite Grabmal geh\u00f6rt einem Mann namens Meri. Meri war der \u201eH\u00fcter der Geheimnisse und Assistent des gro\u00dfen Herrschers des Palastes\u201c. An dem Ort gab es viele weitere antike Gr\u00e4ber. Sie stammen aus dem 5. und 6. Jahrhundert vor Christus.<\/p><p>Bei dem <a class=\"c-link\" tabindex=\"-1\" href=\"https:\/\/www.br.de\/nachrichten\/kultur\/wahrscheinlich-aelteste-mumie-aegyptens-in-sakkara-entdeckt,TURJbEv\" target=\"_blank\" rel=\"noopener noreferrer\" data-stringify-link=\"https:\/\/www.br.de\/nachrichten\/kultur\/wahrscheinlich-aelteste-mumie-aegyptens-in-sakkara-entdeckt,TURJbEv\" data-sk=\"tooltip_parent\" data-remove-tab-index=\"true\">spektakul\u00e4ren Fund<\/a>\u00a0handelt es sich offensichtlich um eine Begr\u00e4bnisst\u00e4tte f\u00fcr wichtige Personen, die direkt unter dem K\u00f6nig standen. Die Arch\u00e4ologen fanden au\u00dferdem neun weitere Statuen, welche von gro\u00dfer Bedeutung sind. Sie vermitteln einen Eindruck davon, wie die Kunst im Alten Reich aussah.<\/p><p>Die Stufenpyramide von Sakkara ist das \u00e4lteste steinerne Monument des alten \u00c4gyptens. Sie markierte den Beginn der dritten Dynastie und ist die erste Pyramide, die von den alten \u00c4gyptern gebaut wurde.<\/p>\t\t\t\t\t\t\t\t<\/div>\n\t\t\t\t<\/div>\n\t\t\t\t<div class=\"elementor-element elementor-element-bdd6361 elementor-widget elementor-widget-spacer\" data-id=\"bdd6361\" data-element_type=\"widget\" data-e-type=\"widget\" data-widget_type=\"spacer.default\">\n\t\t\t\t<div class=\"elementor-widget-container\">\n\t\t\t\t\t\t\t<div class=\"elementor-spacer\">\n\t\t\t<div class=\"elementor-spacer-inner\"><\/div>\n\t\t<\/div>\n\t\t\t\t\t\t<\/div>\n\t\t\t\t<\/div>\n\t\t\t\t<div class=\"elementor-element elementor-element-233c850 elementor-widget elementor-widget-html\" data-id=\"233c850\" data-element_type=\"widget\" data-e-type=\"widget\" data-widget_type=\"html.default\">\n\t\t\t\t<div class=\"elementor-widget-container\">\n\t\t\t\t\t<iframe width=\"560\" height=\"500\" src=\"https:\/\/www.youtube.com\/embed\/-iL_RpynSAI\" title=\"YouTube video player\" frameborder=\"0\" allow=\"accelerometer; autoplay; clipboard-write; encrypted-media; gyroscope; picture-in-picture; web-share\" allowfullscreen><\/iframe>\t\t\t\t<\/div>\n\t\t\t\t<\/div>\n\t\t\t\t<div class=\"elementor-element elementor-element-681304c elementor-widget elementor-widget-spacer\" data-id=\"681304c\" data-element_type=\"widget\" data-e-type=\"widget\" data-widget_type=\"spacer.default\">\n\t\t\t\t<div class=\"elementor-widget-container\">\n\t\t\t\t\t\t\t<div class=\"elementor-spacer\">\n\t\t\t<div class=\"elementor-spacer-inner\"><\/div>\n\t\t<\/div>\n\t\t\t\t\t\t<\/div>\n\t\t\t\t<\/div>\n\t\t\t\t<div class=\"elementor-element elementor-element-4556563b elementor-widget elementor-widget-heading\" data-id=\"4556563b\" data-element_type=\"widget\" data-e-type=\"widget\" data-widget_type=\"heading.default\">\n\t\t\t\t<div class=\"elementor-widget-container\">\n\t\t\t\t\t<h3 class=\"elementor-heading-title elementor-size-default\">Die OVO Show von Cirque du Soleil kommt nach \u00c4gypten<\/h3>\t\t\t\t<\/div>\n\t\t\t\t<\/div>\n\t\t\t\t<div class=\"elementor-element elementor-element-bafc2a9 elementor-widget elementor-widget-text-editor\" data-id=\"bafc2a9\" data-element_type=\"widget\" data-e-type=\"widget\" data-widget_type=\"text-editor.default\">\n\t\t\t\t<div class=\"elementor-widget-container\">\n\t\t\t\t\t\t\t\t\t<p>Immer mehr ber\u00fchmte K\u00fcnstler und Shows kann man in der letzten Zeit in \u00c4gypten antreffen. Nach musikalischen Weltstars und Bands wie Andrea Bocelli oder den Red Hot Chili Peppers soll nun erstmalig der weltber\u00fchmte Cirque du Soleil <a class=\"c-link\" tabindex=\"-1\" href=\"https:\/\/www.egypttoday.com\/Article\/6\/122258\/Dino-Activations-Brings-OVO%E2%80%9D-by-Cirque-du-Soleil-to-Egypt\" target=\"_blank\" rel=\"noopener noreferrer\" data-stringify-link=\"https:\/\/www.egypttoday.com\/Article\/6\/122258\/Dino-Activations-Brings-OVO\u201d-by-Cirque-du-Soleil-to-Egypt\" data-sk=\"tooltip_parent\" data-remove-tab-index=\"true\">nach \u00c4gypten kommen<\/a>.<\/p><p>Vom 8. bis 18. M\u00e4rz zeigt der Cirque du Soleil im Indoor Halls Komplex des Kairoer Stadions seine Show OVO. Nach Saudi-Arabien, Kuwait und den Vereinigten Arabischen Emiraten wird \u00c4gypten das gro\u00dfe Tourfinale f\u00fcr OVO im Nahen Osten ausrichten.<\/p><p>Die Live-Produktion wird zweimal t\u00e4glich mit insgesamt 16 Shows voller atemberaubender Darbietungen und wundervoller Erlebnisse aufgef\u00fchrt. Weltklasse-Darsteller und talentierte internationalen K\u00fcnstler erwecken die Show zum Leben.<\/p><p>Die Sch\u00f6pferin und Regisseurin von OVO, Deborah Colker, lie\u00df sich von der Welt der Insekten inspirieren. Bei <a class=\"c-link\" tabindex=\"-1\" href=\"https:\/\/egyptianstreets.com\/2023\/02\/01\/cirque-du-soleils-ovo-is-coming-to-egypt-for-the-first-time\/\" target=\"_blank\" rel=\"noopener noreferrer\" data-stringify-link=\"https:\/\/egyptianstreets.com\/2023\/02\/01\/cirque-du-soleils-ovo-is-coming-to-egypt-for-the-first-time\/\" data-sk=\"tooltip_parent\" data-remove-tab-index=\"true\">OVO<\/a> geht es ausschlie\u00dflich um die Bewegung. Die Bewegung des Lebens zieht sich durch die gesamte Show, in der die Kreaturen fliegen, springen, h\u00fcpfen und krabbeln. Der Komponist Berna Ceppas hat OVO mit einer von der brasilianischen Musik inspirierten Partitur zus\u00e4tzliches Leben eingehaucht. OVO bedeutet auf Portugiesisch \u201eEi\u201c und dies stellt den roten Faden der Show dar. Grafisch gesehen befindet sich im Inneren des Logos von OVO ein Insekt. Die beiden O\u2019s stellen die Augen dar und das V bildet die Nase und die Antennen.<\/p><p>The <a class=\"c-link\" tabindex=\"-1\" href=\"https:\/\/www.cirquedusoleil.com\/ovo?utm_medium=content&amp;utm_source=facebook&amp;utm_content=facebook_post%7C%7Cticket-sales%7Ccds-internal%7C%7C%7C%7Ctsd&amp;utm_campaign=ovo-europe-2017%7Ctouringshowarena%7Covo%7CMULTI-CITIES%7C2017%7C%7C&amp;fbclid=IwAR2dAt6d9iDrbfYEmSmNTJfTUTiVSzw92BrSlFuCNvVHFSjKv9ZJe8TQols\" target=\"_blank\" rel=\"noopener noreferrer\" data-stringify-link=\"https:\/\/www.cirquedusoleil.com\/ovo?utm_medium=content&amp;utm_source=facebook&amp;utm_content=facebook_post%7C%7Cticket-sales%7Ccds-internal%7C%7C%7C%7Ctsd&amp;utm_campaign=ovo-europe-2017%7Ctouringshowarena%7Covo%7CMULTI-CITIES%7C2017%7C%7C&amp;fbclid=IwAR2dAt6d9iDrbfYEmSmNTJfTUTiVSzw92BrSlFuCNvVHFSjKv9ZJe8TQols\" data-sk=\"tooltip_parent\" data-remove-tab-index=\"true\">Cirque du Soleil<\/a> Shows sind unter den gr\u00f6\u00dften artistischen Shows weltweit. Auff\u00fchrungen fanden in 460 St\u00e4dten in mehr als 60 L\u00e4ndern statt und mehr als 200 Millionen Zuschauer sahen die Shows bereits. Sie sind ber\u00fchmt f\u00fcr ihre au\u00dfergew\u00f6hnlichen Kost\u00fcme, die tolle Musik und die spannenden Storylines. Man kann w\u00e4hrend der Auff\u00fchrungen in eine komplett andere Welt abtauchen. Die Premiere von OVO fand 2009 in Montr\u00e9al, Kanada statt. Die Show wurde von mehr als sieben Millionen Zuschauern in 155 St\u00e4dten und 26 L\u00e4ndern auf der ganzen Welt besucht.<\/p>\t\t\t\t\t\t\t\t<\/div>\n\t\t\t\t<\/div>\n\t\t\t\t<div class=\"elementor-element elementor-element-d43694b elementor-widget elementor-widget-spacer\" data-id=\"d43694b\" data-element_type=\"widget\" data-e-type=\"widget\" data-widget_type=\"spacer.default\">\n\t\t\t\t<div class=\"elementor-widget-container\">\n\t\t\t\t\t\t\t<div class=\"elementor-spacer\">\n\t\t\t<div class=\"elementor-spacer-inner\"><\/div>\n\t\t<\/div>\n\t\t\t\t\t\t<\/div>\n\t\t\t\t<\/div>\n\t\t\t\t<div class=\"elementor-element elementor-element-b337408 elementor-widget elementor-widget-heading\" data-id=\"b337408\" data-element_type=\"widget\" data-e-type=\"widget\" data-widget_type=\"heading.default\">\n\t\t\t\t<div class=\"elementor-widget-container\">\n\t\t\t\t\t<h3 class=\"elementor-heading-title elementor-size-default\">Wir starten fr\u00f6hlich in den Februar<\/h3>\t\t\t\t<\/div>\n\t\t\t\t<\/div>\n\t\t\t\t<div class=\"elementor-element elementor-element-69fa36c3 elementor-widget elementor-widget-text-editor\" data-id=\"69fa36c3\" data-element_type=\"widget\" data-e-type=\"widget\" data-widget_type=\"text-editor.default\">\n\t\t\t\t<div class=\"elementor-widget-container\">\n\t\t\t\t\t\t\t\t\t<p>Wir starten fr\u00f6hlich in den Februar: So war unsere Woche am Roten Meer. N\u00e4chste Woche gibt es wieder aktuelle Neuigkeiten von \u00c4gypten und anderswo <a href=\"https:\/\/james-mac.com\/en\/news-3\/\" target=\"_blank\" rel=\"noopener\">zu berichten<\/a>, wir halten euch auf dem Laufenden!<\/p>\t\t\t\t\t\t\t\t<\/div>\n\t\t\t\t<\/div>\n\t\t\t\t<div class=\"elementor-element elementor-element-4151c811 elementor-widget elementor-widget-text-editor\" data-id=\"4151c811\" data-element_type=\"widget\" data-e-type=\"widget\" data-widget_type=\"text-editor.default\">\n\t\t\t\t<div class=\"elementor-widget-container\">\n\t\t\t\t\t\t\t\t\t<p>Wir starten fr\u00f6hlich in den Februar, James &amp; Mac Diving Center \u2013 Fotonachweise: James &amp; Mac,<\/p>\t\t\t\t\t\t\t\t<\/div>\n\t\t\t\t<\/div>\n\t\t\t\t\t<\/div>\n\t\t<\/div>\n\t\t\t\t\t<\/div>\n\t\t<\/section>\n\t\t\t\t\t<\/div>\n\t\t<\/div>\n\t\t\t\t\t<\/div>\n\t\t<\/section>\n\t\t\t\t<\/div>","protected":false},"excerpt":{"rendered":"<p>Wir starten fr\u00f6hlich in den Februar Auch in dieser Woche waren unsere Tauchlehrer wieder auf dem Roten Meer unterwegs und hatten von ihren Tauchausfahrten einiges zu berichten. Bei uns in Hurghada ist immer was los und auch anderswo, nicht nur in \u00c4gypten passierten aufregende Dinge. Wir starten fr\u00f6hlich in den Februar, hier kommt unser R\u00fcckblick: Der Wind kehrt zur\u00fcck nach fast sommerlichen Tagen Winterlich ruhig geht es bei uns derzeit auf der Tauchbasis zu und winterlich ruhig ist es auch&hellip;<\/p>","protected":false},"author":4,"featured_media":34726,"comment_status":"open","ping_status":"closed","sticky":false,"template":"","format":"standard","meta":{"footnotes":""},"categories":[1],"tags":[984,136,170,135,413,355],"class_list":["post-34692","post","type-post","status-publish","format-standard","has-post-thumbnail","hentry","category-blog-rotes-meer","tag-984","tag-aegypten","tag-hurghada","tag-rotes-meer","tag-rueckblick","tag-wochenrueckblick","post-has-thumbnail"],"yoast_head":"<!-- This site is optimized with the Yoast SEO plugin v27.5 - https:\/\/yoast.com\/product\/yoast-seo-wordpress\/ -->\n<title>Wir starten fr\u00f6hlich in den Februar - James &amp; Mac Diving Center<\/title>\n<meta name=\"description\" content=\"Wir starten fr\u00f6hlich in den Februar. Auch diese Woche blicken wir wieder auf Dinge zur\u00fcck, die in \u00c4gypten und anderswo passiert sind.\" \/>\n<meta name=\"robots\" content=\"index, follow, max-snippet:-1, max-image-preview:large, max-video-preview:-1\" \/>\n<link rel=\"canonical\" href=\"https:\/\/james-mac.com\/en\/wir-starten-froehlich-in-den-februar\/\" \/>\n<meta property=\"og:locale\" content=\"en_GB\" \/>\n<meta property=\"og:type\" content=\"article\" \/>\n<meta property=\"og:title\" content=\"Wir starten fr\u00f6hlich in den Februar - James &amp; Mac Diving Center\" \/>\n<meta property=\"og:description\" content=\"Wir starten fr\u00f6hlich in den Februar. Auch diese Woche blicken wir wieder auf Dinge zur\u00fcck, die in \u00c4gypten und anderswo passiert sind.\" \/>\n<meta property=\"og:url\" content=\"https:\/\/james-mac.com\/en\/wir-starten-froehlich-in-den-februar\/\" \/>\n<meta property=\"og:site_name\" content=\"James &amp; Mac Diving Center\" \/>\n<meta property=\"article:publisher\" content=\"https:\/\/www.facebook.com\/jamesandmac\/\" \/>\n<meta property=\"article:published_time\" content=\"2023-02-04T05:55:00+00:00\" \/>\n<meta property=\"article:modified_time\" content=\"2023-02-08T05:46:56+00:00\" \/>\n<meta property=\"og:image\" content=\"https:\/\/james-mac.com\/wp-content\/uploads\/2023\/02\/JM-Mamsha-Sonnenuntergang-Foto-Ami-4x3-1-scaled.jpg\" \/>\n\t<meta property=\"og:image:width\" content=\"2560\" \/>\n\t<meta property=\"og:image:height\" content=\"1919\" \/>\n\t<meta property=\"og:image:type\" content=\"image\/jpeg\" \/>\n<meta name=\"author\" content=\"Ameli\" \/>\n<meta name=\"twitter:card\" content=\"summary_large_image\" \/>\n<meta name=\"twitter:creator\" content=\"@James_Mac_HRG\" \/>\n<meta name=\"twitter:site\" content=\"@James_Mac_HRG\" \/>\n<meta name=\"twitter:label1\" content=\"Written by\" \/>\n\t<meta name=\"twitter:data1\" content=\"Ameli\" \/>\n\t<meta name=\"twitter:label2\" content=\"Estimated reading time\" \/>\n\t<meta name=\"twitter:data2\" content=\"8 minutes\" \/>\n<script type=\"application\/ld+json\" class=\"yoast-schema-graph\">{\"@context\":\"https:\\\/\\\/schema.org\",\"@graph\":[{\"@type\":\"Article\",\"@id\":\"https:\\\/\\\/james-mac.com\\\/wir-starten-froehlich-in-den-februar\\\/#article\",\"isPartOf\":{\"@id\":\"https:\\\/\\\/james-mac.com\\\/wir-starten-froehlich-in-den-februar\\\/\"},\"author\":{\"name\":\"Ameli\",\"@id\":\"https:\\\/\\\/james-mac.com\\\/#\\\/schema\\\/person\\\/bdad9b5a4498bd11efeed74d2676eee4\"},\"headline\":\"Wir starten fr\u00f6hlich in den Februar\",\"datePublished\":\"2023-02-04T05:55:00+00:00\",\"dateModified\":\"2023-02-08T05:46:56+00:00\",\"mainEntityOfPage\":{\"@id\":\"https:\\\/\\\/james-mac.com\\\/wir-starten-froehlich-in-den-februar\\\/\"},\"wordCount\":1431,\"commentCount\":0,\"publisher\":{\"@id\":\"https:\\\/\\\/james-mac.com\\\/#organization\"},\"image\":{\"@id\":\"https:\\\/\\\/james-mac.com\\\/wir-starten-froehlich-in-den-februar\\\/#primaryimage\"},\"thumbnailUrl\":\"https:\\\/\\\/james-mac.com\\\/wp-content\\\/uploads\\\/2023\\\/02\\\/JM-Mamsha-Sonnenuntergang-Foto-Ami-4x3-1-scaled.jpg\",\"keywords\":[\"2023\",\"\u00c4gypten\",\"Hurghada\",\"Rotes Meer\",\"R\u00fcckblick\",\"Wochenr\u00fcckblick\"],\"articleSection\":[\"Blog Rotes Meer\"],\"inLanguage\":\"en-GB\",\"potentialAction\":[{\"@type\":\"CommentAction\",\"name\":\"Comment\",\"target\":[\"https:\\\/\\\/james-mac.com\\\/wir-starten-froehlich-in-den-februar\\\/#respond\"]}]},{\"@type\":\"WebPage\",\"@id\":\"https:\\\/\\\/james-mac.com\\\/wir-starten-froehlich-in-den-februar\\\/\",\"url\":\"https:\\\/\\\/james-mac.com\\\/wir-starten-froehlich-in-den-februar\\\/\",\"name\":\"Wir starten fr\u00f6hlich in den Februar - James &amp; Mac Diving Center\",\"isPartOf\":{\"@id\":\"https:\\\/\\\/james-mac.com\\\/#website\"},\"primaryImageOfPage\":{\"@id\":\"https:\\\/\\\/james-mac.com\\\/wir-starten-froehlich-in-den-februar\\\/#primaryimage\"},\"image\":{\"@id\":\"https:\\\/\\\/james-mac.com\\\/wir-starten-froehlich-in-den-februar\\\/#primaryimage\"},\"thumbnailUrl\":\"https:\\\/\\\/james-mac.com\\\/wp-content\\\/uploads\\\/2023\\\/02\\\/JM-Mamsha-Sonnenuntergang-Foto-Ami-4x3-1-scaled.jpg\",\"datePublished\":\"2023-02-04T05:55:00+00:00\",\"dateModified\":\"2023-02-08T05:46:56+00:00\",\"description\":\"Wir starten fr\u00f6hlich in den Februar. Auch diese Woche blicken wir wieder auf Dinge zur\u00fcck, die in \u00c4gypten und anderswo passiert sind.\",\"breadcrumb\":{\"@id\":\"https:\\\/\\\/james-mac.com\\\/wir-starten-froehlich-in-den-februar\\\/#breadcrumb\"},\"inLanguage\":\"en-GB\",\"potentialAction\":[{\"@type\":\"ReadAction\",\"target\":[\"https:\\\/\\\/james-mac.com\\\/wir-starten-froehlich-in-den-februar\\\/\"]}]},{\"@type\":\"ImageObject\",\"inLanguage\":\"en-GB\",\"@id\":\"https:\\\/\\\/james-mac.com\\\/wir-starten-froehlich-in-den-februar\\\/#primaryimage\",\"url\":\"https:\\\/\\\/james-mac.com\\\/wp-content\\\/uploads\\\/2023\\\/02\\\/JM-Mamsha-Sonnenuntergang-Foto-Ami-4x3-1-scaled.jpg\",\"contentUrl\":\"https:\\\/\\\/james-mac.com\\\/wp-content\\\/uploads\\\/2023\\\/02\\\/JM-Mamsha-Sonnenuntergang-Foto-Ami-4x3-1-scaled.jpg\",\"width\":2560,\"height\":1919,\"caption\":\"Wir starten fr\u00f6hlich in den Februar\"},{\"@type\":\"BreadcrumbList\",\"@id\":\"https:\\\/\\\/james-mac.com\\\/wir-starten-froehlich-in-den-februar\\\/#breadcrumb\",\"itemListElement\":[{\"@type\":\"ListItem\",\"position\":1,\"name\":\"Home\",\"item\":\"https:\\\/\\\/james-mac.com\\\/\"},{\"@type\":\"ListItem\",\"position\":2,\"name\":\"Blog Rotes Meer\",\"item\":\"https:\\\/\\\/james-mac.com\\\/en\\\/category\\\/blog-rotes-meer\\\/\"},{\"@type\":\"ListItem\",\"position\":3,\"name\":\"Wir starten fr\u00f6hlich in den Februar\"}]},{\"@type\":\"WebSite\",\"@id\":\"https:\\\/\\\/james-mac.com\\\/#website\",\"url\":\"https:\\\/\\\/james-mac.com\\\/\",\"name\":\"James &amp; Mac Diving Center\",\"description\":\"Red sea diving since 1987\",\"publisher\":{\"@id\":\"https:\\\/\\\/james-mac.com\\\/#organization\"},\"potentialAction\":[{\"@type\":\"SearchAction\",\"target\":{\"@type\":\"EntryPoint\",\"urlTemplate\":\"https:\\\/\\\/james-mac.com\\\/?s={search_term_string}\"},\"query-input\":{\"@type\":\"PropertyValueSpecification\",\"valueRequired\":true,\"valueName\":\"search_term_string\"}}],\"inLanguage\":\"en-GB\"},{\"@type\":\"Organization\",\"@id\":\"https:\\\/\\\/james-mac.com\\\/#organization\",\"name\":\"James & Mac\",\"url\":\"https:\\\/\\\/james-mac.com\\\/\",\"logo\":{\"@type\":\"ImageObject\",\"inLanguage\":\"en-GB\",\"@id\":\"https:\\\/\\\/james-mac.com\\\/#\\\/schema\\\/logo\\\/image\\\/\",\"url\":\"\",\"contentUrl\":\"\",\"caption\":\"James & Mac\"},\"image\":{\"@id\":\"https:\\\/\\\/james-mac.com\\\/#\\\/schema\\\/logo\\\/image\\\/\"},\"sameAs\":[\"https:\\\/\\\/www.facebook.com\\\/jamesandmac\\\/\",\"https:\\\/\\\/x.com\\\/James_Mac_HRG\",\"https:\\\/\\\/www.instagram.com\\\/jamesundmacdiving\\\/\",\"https:\\\/\\\/www.youtube.com\\\/user\\\/james1987mac\"]},{\"@type\":\"Person\",\"@id\":\"https:\\\/\\\/james-mac.com\\\/#\\\/schema\\\/person\\\/bdad9b5a4498bd11efeed74d2676eee4\",\"name\":\"Ameli\",\"image\":{\"@type\":\"ImageObject\",\"inLanguage\":\"en-GB\",\"@id\":\"https:\\\/\\\/secure.gravatar.com\\\/avatar\\\/815b16a62dd9759f01ae110606d38d9d0fe57f307e2639ca16c1d626d7a6762d?s=96&r=g\",\"url\":\"https:\\\/\\\/secure.gravatar.com\\\/avatar\\\/815b16a62dd9759f01ae110606d38d9d0fe57f307e2639ca16c1d626d7a6762d?s=96&r=g\",\"contentUrl\":\"https:\\\/\\\/secure.gravatar.com\\\/avatar\\\/815b16a62dd9759f01ae110606d38d9d0fe57f307e2639ca16c1d626d7a6762d?s=96&r=g\",\"caption\":\"Ameli\"},\"url\":\"https:\\\/\\\/james-mac.com\\\/en\\\/author\\\/ameli\\\/\"}]}<\/script>\n<!-- \/ Yoast SEO plugin. -->","yoast_head_json":{"title":"Wir starten fr\u00f6hlich in den Februar - James &amp; Mac Diving Center","description":"Wir starten fr\u00f6hlich in den Februar. Auch diese Woche blicken wir wieder auf Dinge zur\u00fcck, die in \u00c4gypten und anderswo passiert sind.","robots":{"index":"index","follow":"follow","max-snippet":"max-snippet:-1","max-image-preview":"max-image-preview:large","max-video-preview":"max-video-preview:-1"},"canonical":"https:\/\/james-mac.com\/en\/wir-starten-froehlich-in-den-februar\/","og_locale":"en_GB","og_type":"article","og_title":"Wir starten fr\u00f6hlich in den Februar - James &amp; Mac Diving Center","og_description":"Wir starten fr\u00f6hlich in den Februar. Auch diese Woche blicken wir wieder auf Dinge zur\u00fcck, die in \u00c4gypten und anderswo passiert sind.","og_url":"https:\/\/james-mac.com\/en\/wir-starten-froehlich-in-den-februar\/","og_site_name":"James &amp; Mac Diving Center","article_publisher":"https:\/\/www.facebook.com\/jamesandmac\/","article_published_time":"2023-02-04T05:55:00+00:00","article_modified_time":"2023-02-08T05:46:56+00:00","og_image":[{"width":2560,"height":1919,"url":"https:\/\/james-mac.com\/wp-content\/uploads\/2023\/02\/JM-Mamsha-Sonnenuntergang-Foto-Ami-4x3-1-scaled.jpg","type":"image\/jpeg"}],"author":"Ameli","twitter_card":"summary_large_image","twitter_creator":"@James_Mac_HRG","twitter_site":"@James_Mac_HRG","twitter_misc":{"Written by":"Ameli","Estimated reading time":"8 minutes"},"schema":{"@context":"https:\/\/schema.org","@graph":[{"@type":"Article","@id":"https:\/\/james-mac.com\/wir-starten-froehlich-in-den-februar\/#article","isPartOf":{"@id":"https:\/\/james-mac.com\/wir-starten-froehlich-in-den-februar\/"},"author":{"name":"Ameli","@id":"https:\/\/james-mac.com\/#\/schema\/person\/bdad9b5a4498bd11efeed74d2676eee4"},"headline":"Wir starten fr\u00f6hlich in den Februar","datePublished":"2023-02-04T05:55:00+00:00","dateModified":"2023-02-08T05:46:56+00:00","mainEntityOfPage":{"@id":"https:\/\/james-mac.com\/wir-starten-froehlich-in-den-februar\/"},"wordCount":1431,"commentCount":0,"publisher":{"@id":"https:\/\/james-mac.com\/#organization"},"image":{"@id":"https:\/\/james-mac.com\/wir-starten-froehlich-in-den-februar\/#primaryimage"},"thumbnailUrl":"https:\/\/james-mac.com\/wp-content\/uploads\/2023\/02\/JM-Mamsha-Sonnenuntergang-Foto-Ami-4x3-1-scaled.jpg","keywords":["2023","\u00c4gypten","Hurghada","Rotes Meer","R\u00fcckblick","Wochenr\u00fcckblick"],"articleSection":["Blog Rotes Meer"],"inLanguage":"en-GB","potentialAction":[{"@type":"CommentAction","name":"Comment","target":["https:\/\/james-mac.com\/wir-starten-froehlich-in-den-februar\/#respond"]}]},{"@type":"WebPage","@id":"https:\/\/james-mac.com\/wir-starten-froehlich-in-den-februar\/","url":"https:\/\/james-mac.com\/wir-starten-froehlich-in-den-februar\/","name":"Wir starten fr\u00f6hlich in den Februar - James &amp; Mac Diving Center","isPartOf":{"@id":"https:\/\/james-mac.com\/#website"},"primaryImageOfPage":{"@id":"https:\/\/james-mac.com\/wir-starten-froehlich-in-den-februar\/#primaryimage"},"image":{"@id":"https:\/\/james-mac.com\/wir-starten-froehlich-in-den-februar\/#primaryimage"},"thumbnailUrl":"https:\/\/james-mac.com\/wp-content\/uploads\/2023\/02\/JM-Mamsha-Sonnenuntergang-Foto-Ami-4x3-1-scaled.jpg","datePublished":"2023-02-04T05:55:00+00:00","dateModified":"2023-02-08T05:46:56+00:00","description":"Wir starten fr\u00f6hlich in den Februar. Auch diese Woche blicken wir wieder auf Dinge zur\u00fcck, die in \u00c4gypten und anderswo passiert sind.","breadcrumb":{"@id":"https:\/\/james-mac.com\/wir-starten-froehlich-in-den-februar\/#breadcrumb"},"inLanguage":"en-GB","potentialAction":[{"@type":"ReadAction","target":["https:\/\/james-mac.com\/wir-starten-froehlich-in-den-februar\/"]}]},{"@type":"ImageObject","inLanguage":"en-GB","@id":"https:\/\/james-mac.com\/wir-starten-froehlich-in-den-februar\/#primaryimage","url":"https:\/\/james-mac.com\/wp-content\/uploads\/2023\/02\/JM-Mamsha-Sonnenuntergang-Foto-Ami-4x3-1-scaled.jpg","contentUrl":"https:\/\/james-mac.com\/wp-content\/uploads\/2023\/02\/JM-Mamsha-Sonnenuntergang-Foto-Ami-4x3-1-scaled.jpg","width":2560,"height":1919,"caption":"Wir starten fr\u00f6hlich in den Februar"},{"@type":"BreadcrumbList","@id":"https:\/\/james-mac.com\/wir-starten-froehlich-in-den-februar\/#breadcrumb","itemListElement":[{"@type":"ListItem","position":1,"name":"Home","item":"https:\/\/james-mac.com\/"},{"@type":"ListItem","position":2,"name":"Blog Rotes Meer","item":"https:\/\/james-mac.com\/en\/category\/blog-rotes-meer\/"},{"@type":"ListItem","position":3,"name":"Wir starten fr\u00f6hlich in den Februar"}]},{"@type":"WebSite","@id":"https:\/\/james-mac.com\/#website","url":"https:\/\/james-mac.com\/","name":"James &amp; Mac Diving Center","description":"Red sea diving since 1987","publisher":{"@id":"https:\/\/james-mac.com\/#organization"},"potentialAction":[{"@type":"SearchAction","target":{"@type":"EntryPoint","urlTemplate":"https:\/\/james-mac.com\/?s={search_term_string}"},"query-input":{"@type":"PropertyValueSpecification","valueRequired":true,"valueName":"search_term_string"}}],"inLanguage":"en-GB"},{"@type":"Organization","@id":"https:\/\/james-mac.com\/#organization","name":"James &amp; Mac","url":"https:\/\/james-mac.com\/","logo":{"@type":"ImageObject","inLanguage":"en-GB","@id":"https:\/\/james-mac.com\/#\/schema\/logo\/image\/","url":"","contentUrl":"","caption":"James & Mac"},"image":{"@id":"https:\/\/james-mac.com\/#\/schema\/logo\/image\/"},"sameAs":["https:\/\/www.facebook.com\/jamesandmac\/","https:\/\/x.com\/James_Mac_HRG","https:\/\/www.instagram.com\/jamesundmacdiving\/","https:\/\/www.youtube.com\/user\/james1987mac"]},{"@type":"Person","@id":"https:\/\/james-mac.com\/#\/schema\/person\/bdad9b5a4498bd11efeed74d2676eee4","name":"Ameli","image":{"@type":"ImageObject","inLanguage":"en-GB","@id":"https:\/\/secure.gravatar.com\/avatar\/815b16a62dd9759f01ae110606d38d9d0fe57f307e2639ca16c1d626d7a6762d?s=96&r=g","url":"https:\/\/secure.gravatar.com\/avatar\/815b16a62dd9759f01ae110606d38d9d0fe57f307e2639ca16c1d626d7a6762d?s=96&r=g","contentUrl":"https:\/\/secure.gravatar.com\/avatar\/815b16a62dd9759f01ae110606d38d9d0fe57f307e2639ca16c1d626d7a6762d?s=96&r=g","caption":"Ameli"},"url":"https:\/\/james-mac.com\/en\/author\/ameli\/"}]}},"_links":{"self":[{"href":"https:\/\/james-mac.com\/en\/wp-json\/wp\/v2\/posts\/34692","targetHints":{"allow":["GET"]}}],"collection":[{"href":"https:\/\/james-mac.com\/en\/wp-json\/wp\/v2\/posts"}],"about":[{"href":"https:\/\/james-mac.com\/en\/wp-json\/wp\/v2\/types\/post"}],"author":[{"embeddable":true,"href":"https:\/\/james-mac.com\/en\/wp-json\/wp\/v2\/users\/4"}],"replies":[{"embeddable":true,"href":"https:\/\/james-mac.com\/en\/wp-json\/wp\/v2\/comments?post=34692"}],"version-history":[{"count":52,"href":"https:\/\/james-mac.com\/en\/wp-json\/wp\/v2\/posts\/34692\/revisions"}],"predecessor-version":[{"id":34818,"href":"https:\/\/james-mac.com\/en\/wp-json\/wp\/v2\/posts\/34692\/revisions\/34818"}],"wp:featuredmedia":[{"embeddable":true,"href":"https:\/\/james-mac.com\/en\/wp-json\/wp\/v2\/media\/34726"}],"wp:attachment":[{"href":"https:\/\/james-mac.com\/en\/wp-json\/wp\/v2\/media?parent=34692"}],"wp:term":[{"taxonomy":"category","embeddable":true,"href":"https:\/\/james-mac.com\/en\/wp-json\/wp\/v2\/categories?post=34692"},{"taxonomy":"post_tag","embeddable":true,"href":"https:\/\/james-mac.com\/en\/wp-json\/wp\/v2\/tags?post=34692"}],"curies":[{"name":"wp","href":"https:\/\/api.w.org\/{rel}","templated":true}]}}