
{"id":36484,"date":"2023-04-09T08:56:13","date_gmt":"2023-04-09T06:56:13","guid":{"rendered":"https:\/\/james-mac.com\/?p=36484"},"modified":"2023-04-09T08:56:14","modified_gmt":"2023-04-09T06:56:14","slug":"frohes-osterfest-vom-roten-meer","status":"publish","type":"post","link":"https:\/\/james-mac.com\/en\/frohes-osterfest-vom-roten-meer\/","title":{"rendered":"Fr\u00f6hliches Osterfest vom Roten Meer"},"content":{"rendered":"<div data-elementor-type=\"wp-post\" data-elementor-id=\"36484\" class=\"elementor elementor-36484\" data-elementor-post-type=\"post\">\n\t\t\t\t\t\t<section data-particle_enable=\"false\" data-particle-mobile-disabled=\"false\" class=\"elementor-section elementor-top-section elementor-element elementor-element-2c3fabe7 elementor-section-boxed elementor-section-height-default elementor-section-height-default\" data-id=\"2c3fabe7\" data-element_type=\"section\" data-e-type=\"section\">\n\t\t\t\t\t\t<div class=\"elementor-container elementor-column-gap-default\">\n\t\t\t\t\t<div class=\"elementor-column elementor-col-100 elementor-top-column elementor-element elementor-element-faf1776\" data-id=\"faf1776\" data-element_type=\"column\" data-e-type=\"column\">\n\t\t\t<div class=\"elementor-widget-wrap elementor-element-populated\">\n\t\t\t\t\t\t<section data-particle_enable=\"false\" data-particle-mobile-disabled=\"false\" class=\"elementor-section elementor-inner-section elementor-element elementor-element-308a0f38 elementor-section-boxed elementor-section-height-default elementor-section-height-default\" data-id=\"308a0f38\" data-element_type=\"section\" data-e-type=\"section\">\n\t\t\t\t\t\t<div class=\"elementor-container elementor-column-gap-default\">\n\t\t\t\t\t<div class=\"elementor-column elementor-col-100 elementor-inner-column elementor-element elementor-element-720d6d06\" data-id=\"720d6d06\" data-element_type=\"column\" data-e-type=\"column\">\n\t\t\t<div class=\"elementor-widget-wrap elementor-element-populated\">\n\t\t\t\t\t\t<div class=\"elementor-element elementor-element-7739c965 elementor-post-navigation-borders-yes elementor-widget elementor-widget-post-navigation\" data-id=\"7739c965\" data-element_type=\"widget\" data-e-type=\"widget\" data-widget_type=\"post-navigation.default\">\n\t\t\t\t<div class=\"elementor-widget-container\">\n\t\t\t\t\t\t\t<div class=\"elementor-post-navigation\" role=\"navigation\" aria-label=\"Post Navigation\">\n\t\t\t<div class=\"elementor-post-navigation__prev elementor-post-navigation__link\">\n\t\t\t\t<a href=\"https:\/\/james-mac.com\/en\/eine-schoene-woche-im-april\/\" rel=\"prev\"><span class=\"post-navigation__arrow-wrapper post-navigation__arrow-prev\"><i aria-hidden=\"true\" class=\"fas fa-angle-left\"><\/i><span class=\"elementor-screen-only\">Prev<\/span><\/span><span class=\"elementor-post-navigation__link__prev\"><span class=\"post-navigation__prev--label\">Voriger<\/span><span class=\"post-navigation__prev--title\">Eine sch\u00f6ne Woche im April<\/span><\/span><\/a>\t\t\t<\/div>\n\t\t\t\t\t\t\t<div class=\"elementor-post-navigation__separator-wrapper\">\n\t\t\t\t\t<div class=\"elementor-post-navigation__separator\"><\/div>\n\t\t\t\t<\/div>\n\t\t\t\t\t\t<div class=\"elementor-post-navigation__next elementor-post-navigation__link\">\n\t\t\t\t<a href=\"https:\/\/james-mac.com\/en\/die-osterwoche-geht-zu-ende\/\" rel=\"next\"><span class=\"elementor-post-navigation__link__next\"><span class=\"post-navigation__next--label\">N\u00e4chster<\/span><span class=\"post-navigation__next--title\">Die Osterwoche geht zu Ende<\/span><\/span><span class=\"post-navigation__arrow-wrapper post-navigation__arrow-next\"><i aria-hidden=\"true\" class=\"fas fa-angle-right\"><\/i><span class=\"elementor-screen-only\">Next<\/span><\/span><\/a>\t\t\t<\/div>\n\t\t<\/div>\n\t\t\t\t\t\t<\/div>\n\t\t\t\t<\/div>\n\t\t\t\t<div class=\"elementor-element elementor-element-42dcad56 elementor-widget elementor-widget-shortcode\" data-id=\"42dcad56\" data-element_type=\"widget\" data-e-type=\"widget\" data-widget_type=\"shortcode.default\">\n\t\t\t\t<div class=\"elementor-widget-container\">\n\t\t\t\t\t\t\t<div class=\"elementor-shortcode\"><\/div>\n\t\t\t\t\t\t<\/div>\n\t\t\t\t<\/div>\n\t\t\t\t<div class=\"elementor-element elementor-element-70fd1f49 elementor-widget elementor-widget-spacer\" data-id=\"70fd1f49\" data-element_type=\"widget\" data-e-type=\"widget\" data-widget_type=\"spacer.default\">\n\t\t\t\t<div class=\"elementor-widget-container\">\n\t\t\t\t\t\t\t<div class=\"elementor-spacer\">\n\t\t\t<div class=\"elementor-spacer-inner\"><\/div>\n\t\t<\/div>\n\t\t\t\t\t\t<\/div>\n\t\t\t\t<\/div>\n\t\t\t\t<div class=\"elementor-element elementor-element-3188b92d elementor-widget elementor-widget-heading\" data-id=\"3188b92d\" data-element_type=\"widget\" data-e-type=\"widget\" data-widget_type=\"heading.default\">\n\t\t\t\t<div class=\"elementor-widget-container\">\n\t\t\t\t\t<h3 class=\"elementor-heading-title elementor-size-default\">Fr\u00f6hliches Osterfest vom Roten Meer<\/h3>\t\t\t\t<\/div>\n\t\t\t\t<\/div>\n\t\t\t\t<div class=\"elementor-element elementor-element-bc9228b elementor-widget elementor-widget-text-editor\" data-id=\"bc9228b\" data-element_type=\"widget\" data-e-type=\"widget\" data-widget_type=\"text-editor.default\">\n\t\t\t\t<div class=\"elementor-widget-container\">\n\t\t\t\t\t\t\t\t\t<p class=\"p1\">Das Team von James &amp; Mac sendet euch eine sonnige Ostergr\u00fc\u00dfe vom Roten Meer und w\u00fcnscht euch ein gem\u00fctliches und erholsames Osterfest. Wie schaut euer Osterfest aus? Wir sind wie eh und je auf dem Roten Meer unterwegs und lassen uns die Seeluft um die Tauchernasen wehen. W\u00e4hrend ihr eventuell noch beim Osterfr\u00fchst\u00fcck sitzt, sind wir schon auf gro\u00dfer Reise und auf der Suche nach dem n\u00e4chsten Tauchabenteuer.<\/p><p class=\"p1\">Gibt es bei euch heute eine traditionelle Ostereiersuche? Werden die Ostereier im Garten oder in der Wohnung versteckt? Welche sind eure besten Verstecke? Das Rote Meer ist f\u00fcr uns quasi tagt\u00e4glich wie eine gro\u00dfe Ostereiersuche, denn man wei\u00df nie, was sich hinter dem n\u00e4chsten Erg, in der H\u00f6hle oder unter der Koralle versteckt. \ud83d\ude09<\/p>\t\t\t\t\t\t\t\t<\/div>\n\t\t\t\t<\/div>\n\t\t\t\t<div class=\"elementor-element elementor-element-1c95c77 elementor-widget elementor-widget-heading\" data-id=\"1c95c77\" data-element_type=\"widget\" data-e-type=\"widget\" data-widget_type=\"heading.default\">\n\t\t\t\t<div class=\"elementor-widget-container\">\n\t\t\t\t\t<h3 class=\"elementor-heading-title elementor-size-default\">Die Geschichte von Carlson<\/h3>\t\t\t\t<\/div>\n\t\t\t\t<\/div>\n\t\t\t\t<div class=\"elementor-element elementor-element-2e70739 elementor-widget elementor-widget-text-editor\" data-id=\"2e70739\" data-element_type=\"widget\" data-e-type=\"widget\" data-widget_type=\"text-editor.default\">\n\t\t\t\t<div class=\"elementor-widget-container\">\n\t\t\t\t\t\t\t\t\t<p class=\"p1\"><span class=\"s1\">Egal was ihr macht, genie\u00dft die freien Tage und lasst es euch gutgehen! <\/span><span class=\"s2\">Zum Schluss m\u00f6chten wir noch eine kleine Ostergeschichte erz\u00e4hlen, die unsere Tauchlehrerin Petra vor einigen Jahren in ihrem Blog zum Besten gegeben hat. Diese Geschichte beginnt etwas traurig, n\u00e4mlich damit, dass der Napoleon mit dem Namen Carlos starb.<\/span><\/p><p class=\"p3\"><span class=\"s2\">Es ist schon etwas l\u00e4nger her, dass Carlos seine Leidenschaft f\u00fcr hartgekochte Eier entdeckte und jeder brachte ihm hartgekochte Eier zu fressen, woraufhin er an Verstopfung starb.\u00a0Da dieses sich um die Osterzeit abspielte, waren die Schalen der Eier, die er zu fressen bekam, bunt gef\u00e4rbt und ein Schuldiger war schnell gefunden. Der Papageifisch hatte die Eier gef\u00e4rbt!\u00a0Jetzt hatte Carlos aber einen Sohn mit dem Namen Carlson und damit ihm nicht das Gleiche wie seinem Vater geschah, klauten der Seehase und der Kaninchenfisch alle Eier und versteckten sie.\u00a0Aber Carlson war schlau und fand die Eier &#8230;&#8230;. und fra\u00df sie &#8230;&#8230; und es erging ihm wie seinem Vater. Vor allem die Trauerchromis weinten bitterlich um Carlson und man legte ihn auf einen Teppich-Krokodilfisch.\u00a0Da noch etwas Leben in ihm war, versuchten die Doktorfische alles, um ihn zu retten.\u00a0Drei Tage dauerte es bis Carlson von seinem Lager auferstand und sich schwor nie wieder Eier zu fressen.<\/span><\/p><p class=\"p3\"><span class=\"s2\">Und noch immer kann man ihn oder seine Nachkommen, an einem bestimmten Platz treffen. Wisst ihr welchen? Frohe Ostern ihr Lieben! <\/span><\/p>\t\t\t\t\t\t\t\t<\/div>\n\t\t\t\t<\/div>\n\t\t\t\t<div class=\"elementor-element elementor-element-71001cae elementor-widget elementor-widget-text-editor\" data-id=\"71001cae\" data-element_type=\"widget\" data-e-type=\"widget\" data-widget_type=\"text-editor.default\">\n\t\t\t\t<div class=\"elementor-widget-container\">\n\t\t\t\t\t\t\t\t\t<p>\u00c4gypten, Rotes Meer, Hurghada, Deutsche Tauchschule, <a href=\"https:\/\/www.youtube.com\/@James-mac\/videos\" target=\"_blank\" rel=\"noopener\">James &amp; Mac Diving Center<\/a> \u2013 Fotonachweis Envato Elements MEUCWHK<\/p>\t\t\t\t\t\t\t\t<\/div>\n\t\t\t\t<\/div>\n\t\t\t\t\t<\/div>\n\t\t<\/div>\n\t\t\t\t\t<\/div>\n\t\t<\/section>\n\t\t\t\t\t<\/div>\n\t\t<\/div>\n\t\t\t\t\t<\/div>\n\t\t<\/section>\n\t\t\t\t<\/div>","protected":false},"excerpt":{"rendered":"<p>Fr\u00f6hliches Osterfest vom Roten Meer Das Team von James &amp; Mac sendet euch eine sonnige Ostergr\u00fc\u00dfe vom Roten Meer und w\u00fcnscht euch ein gem\u00fctliches und erholsames Osterfest. Wie schaut euer Osterfest aus? Wir sind wie eh und je auf dem Roten Meer unterwegs und lassen uns die Seeluft um die Tauchernasen wehen. W\u00e4hrend ihr eventuell noch beim Osterfr\u00fchst\u00fcck sitzt, sind wir schon auf gro\u00dfer Reise und auf der Suche nach dem n\u00e4chsten Tauchabenteuer. Gibt es bei euch heute eine traditionelle&hellip;<\/p>","protected":false},"author":4,"featured_media":36869,"comment_status":"open","ping_status":"closed","sticky":false,"template":"","format":"standard","meta":{"footnotes":""},"categories":[1],"tags":[393,778,1027,609],"class_list":["post-36484","post","type-post","status-publish","format-standard","has-post-thumbnail","hentry","category-blog-rotes-meer","tag-carlsons-corner","tag-ferien","tag-geschichte","tag-ostern","post-has-thumbnail"],"yoast_head":"<!-- This site is optimized with the Yoast SEO plugin v27.4 - https:\/\/yoast.com\/product\/yoast-seo-wordpress\/ -->\n<title>Fr\u00f6hliches Osterfest vom Roten Meer - James &amp; Mac Diving Center<\/title>\n<meta name=\"description\" content=\"Fr\u00f6hliches Osterfest vom Roten Meer - Das Team von James &amp; Mac sendet euch eine sonnige Ostergr\u00fc\u00dfe vom Roten Meer.\" \/>\n<meta name=\"robots\" content=\"index, follow, max-snippet:-1, max-image-preview:large, max-video-preview:-1\" \/>\n<link rel=\"canonical\" href=\"https:\/\/james-mac.com\/en\/frohes-osterfest-vom-roten-meer\/\" \/>\n<meta property=\"og:locale\" content=\"en_GB\" \/>\n<meta property=\"og:type\" content=\"article\" \/>\n<meta property=\"og:title\" content=\"Fr\u00f6hliches Osterfest vom Roten Meer - James &amp; Mac Diving Center\" \/>\n<meta property=\"og:description\" content=\"Fr\u00f6hliches Osterfest vom Roten Meer - Das Team von James &amp; Mac sendet euch eine sonnige Ostergr\u00fc\u00dfe vom Roten Meer.\" \/>\n<meta property=\"og:url\" content=\"https:\/\/james-mac.com\/en\/frohes-osterfest-vom-roten-meer\/\" \/>\n<meta property=\"og:site_name\" content=\"James &amp; Mac Diving Center\" \/>\n<meta property=\"article:publisher\" content=\"https:\/\/www.facebook.com\/jamesandmac\/\" \/>\n<meta property=\"article:published_time\" content=\"2023-04-09T06:56:13+00:00\" \/>\n<meta property=\"article:modified_time\" content=\"2023-04-09T06:56:14+00:00\" \/>\n<meta property=\"og:image\" content=\"https:\/\/james-mac.com\/wp-content\/uploads\/2023\/04\/Taucher-Sprung-Envato-MEUCWHK-4x3-1-1024x768.png\" \/>\n\t<meta property=\"og:image:width\" content=\"1024\" \/>\n\t<meta property=\"og:image:height\" content=\"768\" \/>\n\t<meta property=\"og:image:type\" content=\"image\/png\" \/>\n<meta name=\"author\" content=\"Ameli\" \/>\n<meta name=\"twitter:card\" content=\"summary_large_image\" \/>\n<meta name=\"twitter:creator\" content=\"@James_Mac_HRG\" \/>\n<meta name=\"twitter:site\" content=\"@James_Mac_HRG\" \/>\n<meta name=\"twitter:label1\" content=\"Written by\" \/>\n\t<meta name=\"twitter:data1\" content=\"Ameli\" \/>\n\t<meta name=\"twitter:label2\" content=\"Estimated reading time\" \/>\n\t<meta name=\"twitter:data2\" content=\"3 minutes\" \/>\n<script type=\"application\/ld+json\" class=\"yoast-schema-graph\">{\"@context\":\"https:\\\/\\\/schema.org\",\"@graph\":[{\"@type\":\"Article\",\"@id\":\"https:\\\/\\\/james-mac.com\\\/frohes-osterfest-vom-roten-meer\\\/#article\",\"isPartOf\":{\"@id\":\"https:\\\/\\\/james-mac.com\\\/frohes-osterfest-vom-roten-meer\\\/\"},\"author\":{\"name\":\"Ameli\",\"@id\":\"https:\\\/\\\/james-mac.com\\\/#\\\/schema\\\/person\\\/bdad9b5a4498bd11efeed74d2676eee4\"},\"headline\":\"Fr\u00f6hliches Osterfest vom Roten Meer\",\"datePublished\":\"2023-04-09T06:56:13+00:00\",\"dateModified\":\"2023-04-09T06:56:14+00:00\",\"mainEntityOfPage\":{\"@id\":\"https:\\\/\\\/james-mac.com\\\/frohes-osterfest-vom-roten-meer\\\/\"},\"wordCount\":408,\"commentCount\":1,\"publisher\":{\"@id\":\"https:\\\/\\\/james-mac.com\\\/#organization\"},\"image\":{\"@id\":\"https:\\\/\\\/james-mac.com\\\/frohes-osterfest-vom-roten-meer\\\/#primaryimage\"},\"thumbnailUrl\":\"https:\\\/\\\/james-mac.com\\\/wp-content\\\/uploads\\\/2023\\\/04\\\/Taucher-Sprung-Envato-MEUCWHK-4x3-1.png\",\"keywords\":[\"Carlsons Corner\",\"Ferien\",\"Geschichte\",\"Ostern\"],\"articleSection\":[\"Blog Rotes Meer\"],\"inLanguage\":\"en-GB\",\"potentialAction\":[{\"@type\":\"CommentAction\",\"name\":\"Comment\",\"target\":[\"https:\\\/\\\/james-mac.com\\\/frohes-osterfest-vom-roten-meer\\\/#respond\"]}]},{\"@type\":\"WebPage\",\"@id\":\"https:\\\/\\\/james-mac.com\\\/frohes-osterfest-vom-roten-meer\\\/\",\"url\":\"https:\\\/\\\/james-mac.com\\\/frohes-osterfest-vom-roten-meer\\\/\",\"name\":\"Fr\u00f6hliches Osterfest vom Roten Meer - James &amp; Mac Diving Center\",\"isPartOf\":{\"@id\":\"https:\\\/\\\/james-mac.com\\\/#website\"},\"primaryImageOfPage\":{\"@id\":\"https:\\\/\\\/james-mac.com\\\/frohes-osterfest-vom-roten-meer\\\/#primaryimage\"},\"image\":{\"@id\":\"https:\\\/\\\/james-mac.com\\\/frohes-osterfest-vom-roten-meer\\\/#primaryimage\"},\"thumbnailUrl\":\"https:\\\/\\\/james-mac.com\\\/wp-content\\\/uploads\\\/2023\\\/04\\\/Taucher-Sprung-Envato-MEUCWHK-4x3-1.png\",\"datePublished\":\"2023-04-09T06:56:13+00:00\",\"dateModified\":\"2023-04-09T06:56:14+00:00\",\"description\":\"Fr\u00f6hliches Osterfest vom Roten Meer - Das Team von James & Mac sendet euch eine sonnige Ostergr\u00fc\u00dfe vom Roten Meer.\",\"breadcrumb\":{\"@id\":\"https:\\\/\\\/james-mac.com\\\/frohes-osterfest-vom-roten-meer\\\/#breadcrumb\"},\"inLanguage\":\"en-GB\",\"potentialAction\":[{\"@type\":\"ReadAction\",\"target\":[\"https:\\\/\\\/james-mac.com\\\/frohes-osterfest-vom-roten-meer\\\/\"]}]},{\"@type\":\"ImageObject\",\"inLanguage\":\"en-GB\",\"@id\":\"https:\\\/\\\/james-mac.com\\\/frohes-osterfest-vom-roten-meer\\\/#primaryimage\",\"url\":\"https:\\\/\\\/james-mac.com\\\/wp-content\\\/uploads\\\/2023\\\/04\\\/Taucher-Sprung-Envato-MEUCWHK-4x3-1.png\",\"contentUrl\":\"https:\\\/\\\/james-mac.com\\\/wp-content\\\/uploads\\\/2023\\\/04\\\/Taucher-Sprung-Envato-MEUCWHK-4x3-1.png\",\"width\":4626,\"height\":3469,\"caption\":\"Fr\u00f6hliches Osterfest vom Roten Meer\"},{\"@type\":\"BreadcrumbList\",\"@id\":\"https:\\\/\\\/james-mac.com\\\/frohes-osterfest-vom-roten-meer\\\/#breadcrumb\",\"itemListElement\":[{\"@type\":\"ListItem\",\"position\":1,\"name\":\"Home\",\"item\":\"https:\\\/\\\/james-mac.com\\\/\"},{\"@type\":\"ListItem\",\"position\":2,\"name\":\"Blog Rotes Meer\",\"item\":\"https:\\\/\\\/james-mac.com\\\/en\\\/category\\\/blog-rotes-meer\\\/\"},{\"@type\":\"ListItem\",\"position\":3,\"name\":\"Fr\u00f6hliches Osterfest vom Roten Meer\"}]},{\"@type\":\"WebSite\",\"@id\":\"https:\\\/\\\/james-mac.com\\\/#website\",\"url\":\"https:\\\/\\\/james-mac.com\\\/\",\"name\":\"James &amp; Mac Diving Center\",\"description\":\"Red sea diving since 1987\",\"publisher\":{\"@id\":\"https:\\\/\\\/james-mac.com\\\/#organization\"},\"potentialAction\":[{\"@type\":\"SearchAction\",\"target\":{\"@type\":\"EntryPoint\",\"urlTemplate\":\"https:\\\/\\\/james-mac.com\\\/?s={search_term_string}\"},\"query-input\":{\"@type\":\"PropertyValueSpecification\",\"valueRequired\":true,\"valueName\":\"search_term_string\"}}],\"inLanguage\":\"en-GB\"},{\"@type\":\"Organization\",\"@id\":\"https:\\\/\\\/james-mac.com\\\/#organization\",\"name\":\"James & Mac\",\"url\":\"https:\\\/\\\/james-mac.com\\\/\",\"logo\":{\"@type\":\"ImageObject\",\"inLanguage\":\"en-GB\",\"@id\":\"https:\\\/\\\/james-mac.com\\\/#\\\/schema\\\/logo\\\/image\\\/\",\"url\":\"\",\"contentUrl\":\"\",\"caption\":\"James & Mac\"},\"image\":{\"@id\":\"https:\\\/\\\/james-mac.com\\\/#\\\/schema\\\/logo\\\/image\\\/\"},\"sameAs\":[\"https:\\\/\\\/www.facebook.com\\\/jamesandmac\\\/\",\"https:\\\/\\\/x.com\\\/James_Mac_HRG\",\"https:\\\/\\\/www.instagram.com\\\/jamesundmacdiving\\\/\",\"https:\\\/\\\/www.youtube.com\\\/user\\\/james1987mac\"]},{\"@type\":\"Person\",\"@id\":\"https:\\\/\\\/james-mac.com\\\/#\\\/schema\\\/person\\\/bdad9b5a4498bd11efeed74d2676eee4\",\"name\":\"Ameli\",\"image\":{\"@type\":\"ImageObject\",\"inLanguage\":\"en-GB\",\"@id\":\"https:\\\/\\\/secure.gravatar.com\\\/avatar\\\/815b16a62dd9759f01ae110606d38d9d0fe57f307e2639ca16c1d626d7a6762d?s=96&r=g\",\"url\":\"https:\\\/\\\/secure.gravatar.com\\\/avatar\\\/815b16a62dd9759f01ae110606d38d9d0fe57f307e2639ca16c1d626d7a6762d?s=96&r=g\",\"contentUrl\":\"https:\\\/\\\/secure.gravatar.com\\\/avatar\\\/815b16a62dd9759f01ae110606d38d9d0fe57f307e2639ca16c1d626d7a6762d?s=96&r=g\",\"caption\":\"Ameli\"},\"url\":\"https:\\\/\\\/james-mac.com\\\/en\\\/author\\\/ameli\\\/\"}]}<\/script>\n<!-- \/ Yoast SEO plugin. -->","yoast_head_json":{"title":"Fr\u00f6hliches Osterfest vom Roten Meer - James &amp; Mac Diving Center","description":"Fr\u00f6hliches Osterfest vom Roten Meer - Das Team von James & Mac sendet euch eine sonnige Ostergr\u00fc\u00dfe vom Roten Meer.","robots":{"index":"index","follow":"follow","max-snippet":"max-snippet:-1","max-image-preview":"max-image-preview:large","max-video-preview":"max-video-preview:-1"},"canonical":"https:\/\/james-mac.com\/en\/frohes-osterfest-vom-roten-meer\/","og_locale":"en_GB","og_type":"article","og_title":"Fr\u00f6hliches Osterfest vom Roten Meer - James &amp; Mac Diving Center","og_description":"Fr\u00f6hliches Osterfest vom Roten Meer - Das Team von James & Mac sendet euch eine sonnige Ostergr\u00fc\u00dfe vom Roten Meer.","og_url":"https:\/\/james-mac.com\/en\/frohes-osterfest-vom-roten-meer\/","og_site_name":"James &amp; Mac Diving Center","article_publisher":"https:\/\/www.facebook.com\/jamesandmac\/","article_published_time":"2023-04-09T06:56:13+00:00","article_modified_time":"2023-04-09T06:56:14+00:00","og_image":[{"width":1024,"height":768,"url":"https:\/\/james-mac.com\/wp-content\/uploads\/2023\/04\/Taucher-Sprung-Envato-MEUCWHK-4x3-1-1024x768.png","type":"image\/png"}],"author":"Ameli","twitter_card":"summary_large_image","twitter_creator":"@James_Mac_HRG","twitter_site":"@James_Mac_HRG","twitter_misc":{"Written by":"Ameli","Estimated reading time":"3 minutes"},"schema":{"@context":"https:\/\/schema.org","@graph":[{"@type":"Article","@id":"https:\/\/james-mac.com\/frohes-osterfest-vom-roten-meer\/#article","isPartOf":{"@id":"https:\/\/james-mac.com\/frohes-osterfest-vom-roten-meer\/"},"author":{"name":"Ameli","@id":"https:\/\/james-mac.com\/#\/schema\/person\/bdad9b5a4498bd11efeed74d2676eee4"},"headline":"Fr\u00f6hliches Osterfest vom Roten Meer","datePublished":"2023-04-09T06:56:13+00:00","dateModified":"2023-04-09T06:56:14+00:00","mainEntityOfPage":{"@id":"https:\/\/james-mac.com\/frohes-osterfest-vom-roten-meer\/"},"wordCount":408,"commentCount":1,"publisher":{"@id":"https:\/\/james-mac.com\/#organization"},"image":{"@id":"https:\/\/james-mac.com\/frohes-osterfest-vom-roten-meer\/#primaryimage"},"thumbnailUrl":"https:\/\/james-mac.com\/wp-content\/uploads\/2023\/04\/Taucher-Sprung-Envato-MEUCWHK-4x3-1.png","keywords":["Carlsons Corner","Ferien","Geschichte","Ostern"],"articleSection":["Blog Rotes Meer"],"inLanguage":"en-GB","potentialAction":[{"@type":"CommentAction","name":"Comment","target":["https:\/\/james-mac.com\/frohes-osterfest-vom-roten-meer\/#respond"]}]},{"@type":"WebPage","@id":"https:\/\/james-mac.com\/frohes-osterfest-vom-roten-meer\/","url":"https:\/\/james-mac.com\/frohes-osterfest-vom-roten-meer\/","name":"Fr\u00f6hliches Osterfest vom Roten Meer - James &amp; Mac Diving Center","isPartOf":{"@id":"https:\/\/james-mac.com\/#website"},"primaryImageOfPage":{"@id":"https:\/\/james-mac.com\/frohes-osterfest-vom-roten-meer\/#primaryimage"},"image":{"@id":"https:\/\/james-mac.com\/frohes-osterfest-vom-roten-meer\/#primaryimage"},"thumbnailUrl":"https:\/\/james-mac.com\/wp-content\/uploads\/2023\/04\/Taucher-Sprung-Envato-MEUCWHK-4x3-1.png","datePublished":"2023-04-09T06:56:13+00:00","dateModified":"2023-04-09T06:56:14+00:00","description":"Fr\u00f6hliches Osterfest vom Roten Meer - Das Team von James & Mac sendet euch eine sonnige Ostergr\u00fc\u00dfe vom Roten Meer.","breadcrumb":{"@id":"https:\/\/james-mac.com\/frohes-osterfest-vom-roten-meer\/#breadcrumb"},"inLanguage":"en-GB","potentialAction":[{"@type":"ReadAction","target":["https:\/\/james-mac.com\/frohes-osterfest-vom-roten-meer\/"]}]},{"@type":"ImageObject","inLanguage":"en-GB","@id":"https:\/\/james-mac.com\/frohes-osterfest-vom-roten-meer\/#primaryimage","url":"https:\/\/james-mac.com\/wp-content\/uploads\/2023\/04\/Taucher-Sprung-Envato-MEUCWHK-4x3-1.png","contentUrl":"https:\/\/james-mac.com\/wp-content\/uploads\/2023\/04\/Taucher-Sprung-Envato-MEUCWHK-4x3-1.png","width":4626,"height":3469,"caption":"Fr\u00f6hliches Osterfest vom Roten Meer"},{"@type":"BreadcrumbList","@id":"https:\/\/james-mac.com\/frohes-osterfest-vom-roten-meer\/#breadcrumb","itemListElement":[{"@type":"ListItem","position":1,"name":"Home","item":"https:\/\/james-mac.com\/"},{"@type":"ListItem","position":2,"name":"Blog Rotes Meer","item":"https:\/\/james-mac.com\/en\/category\/blog-rotes-meer\/"},{"@type":"ListItem","position":3,"name":"Fr\u00f6hliches Osterfest vom Roten Meer"}]},{"@type":"WebSite","@id":"https:\/\/james-mac.com\/#website","url":"https:\/\/james-mac.com\/","name":"James &amp; Mac Diving Center","description":"Red sea diving since 1987","publisher":{"@id":"https:\/\/james-mac.com\/#organization"},"potentialAction":[{"@type":"SearchAction","target":{"@type":"EntryPoint","urlTemplate":"https:\/\/james-mac.com\/?s={search_term_string}"},"query-input":{"@type":"PropertyValueSpecification","valueRequired":true,"valueName":"search_term_string"}}],"inLanguage":"en-GB"},{"@type":"Organization","@id":"https:\/\/james-mac.com\/#organization","name":"James &amp; Mac","url":"https:\/\/james-mac.com\/","logo":{"@type":"ImageObject","inLanguage":"en-GB","@id":"https:\/\/james-mac.com\/#\/schema\/logo\/image\/","url":"","contentUrl":"","caption":"James & Mac"},"image":{"@id":"https:\/\/james-mac.com\/#\/schema\/logo\/image\/"},"sameAs":["https:\/\/www.facebook.com\/jamesandmac\/","https:\/\/x.com\/James_Mac_HRG","https:\/\/www.instagram.com\/jamesundmacdiving\/","https:\/\/www.youtube.com\/user\/james1987mac"]},{"@type":"Person","@id":"https:\/\/james-mac.com\/#\/schema\/person\/bdad9b5a4498bd11efeed74d2676eee4","name":"Ameli","image":{"@type":"ImageObject","inLanguage":"en-GB","@id":"https:\/\/secure.gravatar.com\/avatar\/815b16a62dd9759f01ae110606d38d9d0fe57f307e2639ca16c1d626d7a6762d?s=96&r=g","url":"https:\/\/secure.gravatar.com\/avatar\/815b16a62dd9759f01ae110606d38d9d0fe57f307e2639ca16c1d626d7a6762d?s=96&r=g","contentUrl":"https:\/\/secure.gravatar.com\/avatar\/815b16a62dd9759f01ae110606d38d9d0fe57f307e2639ca16c1d626d7a6762d?s=96&r=g","caption":"Ameli"},"url":"https:\/\/james-mac.com\/en\/author\/ameli\/"}]}},"_links":{"self":[{"href":"https:\/\/james-mac.com\/en\/wp-json\/wp\/v2\/posts\/36484","targetHints":{"allow":["GET"]}}],"collection":[{"href":"https:\/\/james-mac.com\/en\/wp-json\/wp\/v2\/posts"}],"about":[{"href":"https:\/\/james-mac.com\/en\/wp-json\/wp\/v2\/types\/post"}],"author":[{"embeddable":true,"href":"https:\/\/james-mac.com\/en\/wp-json\/wp\/v2\/users\/4"}],"replies":[{"embeddable":true,"href":"https:\/\/james-mac.com\/en\/wp-json\/wp\/v2\/comments?post=36484"}],"version-history":[{"count":13,"href":"https:\/\/james-mac.com\/en\/wp-json\/wp\/v2\/posts\/36484\/revisions"}],"predecessor-version":[{"id":36877,"href":"https:\/\/james-mac.com\/en\/wp-json\/wp\/v2\/posts\/36484\/revisions\/36877"}],"wp:featuredmedia":[{"embeddable":true,"href":"https:\/\/james-mac.com\/en\/wp-json\/wp\/v2\/media\/36869"}],"wp:attachment":[{"href":"https:\/\/james-mac.com\/en\/wp-json\/wp\/v2\/media?parent=36484"}],"wp:term":[{"taxonomy":"category","embeddable":true,"href":"https:\/\/james-mac.com\/en\/wp-json\/wp\/v2\/categories?post=36484"},{"taxonomy":"post_tag","embeddable":true,"href":"https:\/\/james-mac.com\/en\/wp-json\/wp\/v2\/tags?post=36484"}],"curies":[{"name":"wp","href":"https:\/\/api.w.org\/{rel}","templated":true}]}}