{"id":39753,"date":"2023-07-29T06:19:00","date_gmt":"2023-07-29T04:19:00","guid":{"rendered":"https:\/\/james-mac.com\/?p=39753"},"modified":"2023-07-29T07:01:54","modified_gmt":"2023-07-29T05:01:54","slug":"der-juli-geht-zu-ende-am-roten-meer","status":"publish","type":"post","link":"https:\/\/james-mac.com\/en\/der-juli-geht-zu-ende-am-roten-meer\/","title":{"rendered":"Der Juli geht zu Ende am Roten Meer"},"content":{"rendered":"<div data-elementor-type=\"wp-post\" data-elementor-id=\"39753\" class=\"elementor elementor-39753\" data-elementor-post-type=\"post\">\n\t\t\t\t\t\t<section data-particle_enable=\"false\" data-particle-mobile-disabled=\"false\" class=\"elementor-section elementor-top-section elementor-element elementor-element-227703b9 elementor-section-boxed elementor-section-height-default elementor-section-height-default\" data-id=\"227703b9\" data-element_type=\"section\" data-e-type=\"section\">\n\t\t\t\t\t\t<div class=\"elementor-container elementor-column-gap-default\">\n\t\t\t\t\t<div class=\"elementor-column elementor-col-100 elementor-top-column elementor-element elementor-element-f4ad3dd\" data-id=\"f4ad3dd\" data-element_type=\"column\" data-e-type=\"column\">\n\t\t\t<div class=\"elementor-widget-wrap elementor-element-populated\">\n\t\t\t\t\t\t<section data-particle_enable=\"false\" data-particle-mobile-disabled=\"false\" class=\"elementor-section elementor-inner-section elementor-element elementor-element-cc199a4 elementor-section-boxed elementor-section-height-default elementor-section-height-default\" data-id=\"cc199a4\" data-element_type=\"section\" data-e-type=\"section\">\n\t\t\t\t\t\t<div class=\"elementor-container elementor-column-gap-default\">\n\t\t\t\t\t<div class=\"elementor-column elementor-col-100 elementor-inner-column elementor-element elementor-element-fa3966e\" data-id=\"fa3966e\" data-element_type=\"column\" data-e-type=\"column\">\n\t\t\t<div class=\"elementor-widget-wrap elementor-element-populated\">\n\t\t\t\t\r\n\t\t<div class=\"elementor-element elementor-element-2f56543a elementor-post-navigation-borders-yes elementor-widget elementor-widget-post-navigation\" data-id=\"2f56543a\" data-element_type=\"widget\" data-e-type=\"widget\" data-widget_type=\"post-navigation.default\">\n\t\t\t\t<div class=\"elementor-widget-container\">\n\t\t\t\t\t\t\t<div class=\"elementor-post-navigation\" role=\"navigation\" aria-label=\"Post Navigation\">\n\t\t\t<div class=\"elementor-post-navigation__prev elementor-post-navigation__link\">\n\t\t\t\t<a href=\"https:\/\/james-mac.com\/en\/kofferfisch-in-der-waschstrasse\/\" rel=\"prev\"><span class=\"post-navigation__arrow-wrapper post-navigation__arrow-prev\"><i aria-hidden=\"true\" class=\"fas fa-angle-left\"><\/i><span class=\"elementor-screen-only\">Prev<\/span><\/span><span class=\"elementor-post-navigation__link__prev\"><span class=\"post-navigation__prev--label\">Voriger<\/span><span class=\"post-navigation__prev--title\">Kofferfisch in der Waschstra\u00dfe<\/span><\/span><\/a>\t\t\t<\/div>\n\t\t\t\t\t\t\t<div class=\"elementor-post-navigation__separator-wrapper\">\n\t\t\t\t\t<div class=\"elementor-post-navigation__separator\"><\/div>\n\t\t\t\t<\/div>\n\t\t\t\t\t\t<div class=\"elementor-post-navigation__next elementor-post-navigation__link\">\n\t\t\t\t<a href=\"https:\/\/james-mac.com\/en\/red-sea-walkman-ein-gut-getarnter-teufel\/\" rel=\"next\"><span class=\"elementor-post-navigation__link__next\"><span class=\"post-navigation__next--label\">N\u00e4chster<\/span><span class=\"post-navigation__next--title\">Red Sea Walkman &#8211; Ein gut getarnter Teufel<\/span><\/span><span class=\"post-navigation__arrow-wrapper post-navigation__arrow-next\"><i aria-hidden=\"true\" class=\"fas fa-angle-right\"><\/i><span class=\"elementor-screen-only\">Next<\/span><\/span><\/a>\t\t\t<\/div>\n\t\t<\/div>\n\t\t\t\t\t\t<\/div>\n\t\t\t\t<\/div>\n\t\t\t\t<div class=\"elementor-element elementor-element-50289923 elementor-widget elementor-widget-shortcode\" data-id=\"50289923\" data-element_type=\"widget\" data-e-type=\"widget\" data-widget_type=\"shortcode.default\">\n\t\t\t\t<div class=\"elementor-widget-container\">\n\t\t\t\t\t\t\t<div class=\"elementor-shortcode\"><\/div>\n\t\t\t\t\t\t<\/div>\n\t\t\t\t<\/div>\n\t\t\t\t<div class=\"elementor-element elementor-element-657f44db elementor-widget elementor-widget-spacer\" data-id=\"657f44db\" data-element_type=\"widget\" data-e-type=\"widget\" data-widget_type=\"spacer.default\">\n\t\t\t\t<div class=\"elementor-widget-container\">\n\t\t\t\t\t\t\t<div class=\"elementor-spacer\">\n\t\t\t<div class=\"elementor-spacer-inner\"><\/div>\n\t\t<\/div>\n\t\t\t\t\t\t<\/div>\n\t\t\t\t<\/div>\n\t\t\t\t<div class=\"elementor-element elementor-element-1dd68d7e elementor-widget elementor-widget-heading\" data-id=\"1dd68d7e\" data-element_type=\"widget\" data-e-type=\"widget\" data-widget_type=\"heading.default\">\n\t\t\t\t<div class=\"elementor-widget-container\">\n\t\t\t\t\t<h3 class=\"elementor-heading-title elementor-size-default\">Der Juli geht zu Ende am Roten Meer<\/h3>\t\t\t\t<\/div>\n\t\t\t\t<\/div>\n\t\t\t\t<div class=\"elementor-element elementor-element-51b9a289 elementor-widget elementor-widget-text-editor\" data-id=\"51b9a289\" data-element_type=\"widget\" data-e-type=\"widget\" data-widget_type=\"text-editor.default\">\n\t\t\t\t<div class=\"elementor-widget-container\">\n\t\t\t\t\t\t\t\t\t<p>Auch in dieser Woche waren unsere Tauchlehrer wieder auf dem Roten Meer unterwegs und hatten von ihren <a href=\"https:\/\/james-mac.com\/en\/taegliche-tauchausfahrten\/\" target=\"_blank\" rel=\"noopener\">Diving Trips<\/a> einiges zu berichten. Bei uns in Hurghada ist immer was los und auch anderswo, nicht nur in \u00c4gypten passierten aufregende Dinge. Der Juli geht zu Ende am Roten Meer, hier sind unsere News der Woche aus Hurghada.<\/p>\t\t\t\t\t\t\t\t<\/div>\n\t\t\t\t<\/div>\n\t\t\t\t<div class=\"elementor-element elementor-element-2280868d elementor-widget elementor-widget-spacer\" data-id=\"2280868d\" data-element_type=\"widget\" data-e-type=\"widget\" data-widget_type=\"spacer.default\">\n\t\t\t\t<div class=\"elementor-widget-container\">\n\t\t\t\t\t\t\t<div class=\"elementor-spacer\">\n\t\t\t<div class=\"elementor-spacer-inner\"><\/div>\n\t\t<\/div>\n\t\t\t\t\t\t<\/div>\n\t\t\t\t<\/div>\n\t\t\t\t<div class=\"elementor-element elementor-element-5a32bfe elementor-widget elementor-widget-html\" data-id=\"5a32bfe\" data-element_type=\"widget\" data-e-type=\"widget\" data-widget_type=\"html.default\">\n\t\t\t\t<div class=\"elementor-widget-container\">\n\t\t\t\t\t<iframe width=\"560\" height=\"550\" src=\"https:\/\/www.youtube.com\/embed\/Z7MAZ9MZzOY\" title=\"YouTube video player\" frameborder=\"0\" allow=\"accelerometer; autoplay; clipboard-write; encrypted-media; gyroscope; picture-in-picture; web-share\" allowfullscreen><\/iframe>\t\t\t\t<\/div>\n\t\t\t\t<\/div>\n\t\t\t\t<div class=\"elementor-element elementor-element-5d5e3d0 elementor-widget elementor-widget-spacer\" data-id=\"5d5e3d0\" data-element_type=\"widget\" data-e-type=\"widget\" data-widget_type=\"spacer.default\">\n\t\t\t\t<div class=\"elementor-widget-container\">\n\t\t\t\t\t\t\t<div class=\"elementor-spacer\">\n\t\t\t<div class=\"elementor-spacer-inner\"><\/div>\n\t\t<\/div>\n\t\t\t\t\t\t<\/div>\n\t\t\t\t<\/div>\n\t\t\t\t<div class=\"elementor-element elementor-element-113b441 elementor-widget elementor-widget-heading\" data-id=\"113b441\" data-element_type=\"widget\" data-e-type=\"widget\" data-widget_type=\"heading.default\">\n\t\t\t\t<div class=\"elementor-widget-container\">\n\t\t\t\t\t<h3 class=\"elementor-heading-title elementor-size-default\">Verschiedene Haie und herrliche Tauchg\u00e4nge an den Wracks von Abu Nuhas<\/h3>\t\t\t\t<\/div>\n\t\t\t\t<\/div>\n\t\t\t\t<div class=\"elementor-element elementor-element-ece2189 elementor-widget elementor-widget-text-editor\" data-id=\"ece2189\" data-element_type=\"widget\" data-e-type=\"widget\" data-widget_type=\"text-editor.default\">\n\t\t\t\t<div class=\"elementor-widget-container\">\n\t\t\t\t\t\t\t\t\t<p>W\u00e4hrend in Deutschland die Hitzewelle ein vorl\u00e4ufiges Ende gefunden hat, ist es am Roten Meer nach wie vor mehr als hochsommerlich warm. Auch das Wasser erreicht langsam aber sicher die 30 \u00b0C Marke. Der Wind machte letzte Woche Pause und wir tauchten, was das Zeug hielt. Tief, flach, Wracks und immer kunterbunt, so waren unsere Tauchg\u00e4nge.<\/p><p>Letztes Wochenende begannen wir unseren Tauchtag mit einem Klassiker, wir sprangen bei Giftun Ham Ham ins Wasser und lie\u00dfen uns entspannt in Richtung Boot treiben, das bei Giftun Soraya auf uns wartete. Es gibt verschiedene M\u00f6glichkeiten, diesen Tauchplatz zu erkunden. Je nach Qualifikation der Taucher und der pers\u00f6nlichen Vorlieben des einzelnen kann man tief oder flach beginnen. Sehr erfahrene Taucher starten auch mal gerne am sogenannten Moschee-Fenster. Jedes Mal aufs Neue ist es ein Erlebnis, diesen <a href=\"https:\/\/james-mac.com\/en\/vergnuegt-am-farbenfrohen-riff-entlang\/\" target=\"_blank\" rel=\"noopener\">spannenden Tauchplatz<\/a> zu besuchen. Aber auch der Flachbereich hat seine Reize. Am Nachmittag auf dem Abu Ramada Plateau trafen wir auf einen seltenen B\u00fcffelkopf-Papageifisch. Alles in allem ein gro\u00dfartiger Tauchtag!<\/p><p>Am Sonntag gingen wir auf Entdeckungsreise im S\u00fcden. Tom, bekannt f\u00fcr seine Vorliebe f\u00fcr neue und spannende Tauchpl\u00e4tze, f\u00fchr mit seinen G\u00e4sten Richtung Sahl Hasheesh. <a href=\"https:\/\/james-mac.com\/en\/erkundung-von-neuen-tauchplaetzen\/\" target=\"_blank\" rel=\"noopener\">Unterhalb des Oberoi Hotels<\/a> sprangen die Taucher direkt auf einen wunderbaren Korallengarten und cruisten eine Stunde lang umher. Zum zweiten Tauchgang gings ins Gebiet rund um Abu Ramada. Hier gibt es einen Block etwas au\u00dferhalb von Shaab Abu Ramada, der ebenfalls f\u00fcr die meisten Taucher Neuland ist. Voller Begeisterung kehrten die Taucher aufs Boot zur\u00fcck und waren sich einig, dass sich dieser Tag absolut gelohnt hat.<\/p><p>Zum Wochenanfang lag Liebe in der Luft. Vor allem die Igelfische schauten sie tief in die Augen und tanzten fr\u00f6hlich umeinander herum. Unser Tauchkurs machte in der Zwischenzeit seine ersten Erfahrungen im Freiwasser und alle waren direkt begeistert von der Unterwasserwelt.<\/p><p>Der Hammer kam am n\u00e4chsten Tag in Form eines <a href=\"https:\/\/james-mac.com\/en\/ein-tauchgang-mit-drei-verschiedenen-haien\/\" target=\"_blank\" rel=\"noopener\">veritablen Hammerhais<\/a> auf dem Abu Ramada Plateau. Begleitet wurde er von einem kleinen Grauen Riffhai und ein wenig sp\u00e4ter kam noch ein Wei\u00dfspitzenriffhai des Weges. Mehr geht kaum in einem Tauchgang! Unsere Wrackfans hatten zwar keine Haie, daf\u00fcr aber wundersch\u00f6ne Tauchg\u00e4nge bei der Giannis D und bei der Chrisoula K. Hier und dort gab es durchwegs leuchtende Augen.<\/p><p>Mit einem Ausflug zum <a href=\"https:\/\/james-mac.com\/en\/beim-panorama-reef-gabs-freudenspruenge\/\" target=\"_blank\" rel=\"noopener\">Panorama Reef<\/a> verabschiedeten wir uns so langsam aus einer gigantischen Tauchwoche. Ist das n\u00e4chste Woche noch zu toppen? Wir freuen uns jedenfalls schon und sind sehr gespannt!\u00a0<\/p><p>\u00a0<\/p>\t\t\t\t\t\t\t\t<\/div>\n\t\t\t\t<\/div>\n\t\t\t\t<div class=\"elementor-element elementor-element-96849f7 elementor-widget elementor-widget-spacer\" data-id=\"96849f7\" data-element_type=\"widget\" data-e-type=\"widget\" data-widget_type=\"spacer.default\">\n\t\t\t\t<div class=\"elementor-widget-container\">\n\t\t\t\t\t\t\t<div class=\"elementor-spacer\">\n\t\t\t<div class=\"elementor-spacer-inner\"><\/div>\n\t\t<\/div>\n\t\t\t\t\t\t<\/div>\n\t\t\t\t<\/div>\n\t\t\t\t<div class=\"elementor-element elementor-element-b300d6f elementor-widget elementor-widget-image\" data-id=\"b300d6f\" data-element_type=\"widget\" data-e-type=\"widget\" data-widget_type=\"image.default\">\n\t\t\t\t<div class=\"elementor-widget-container\">\n\t\t\t\t\t\t\t\t\t\t\t\t\t\t\t<img fetchpriority=\"high\" decoding=\"async\" width=\"640\" height=\"480\" src=\"https:\/\/james-mac.com\/wp-content\/uploads\/2023\/07\/blackout-g916bd14a2_1280-stromausfall-pixabay-4x3-1-1024x768.jpg\" class=\"attachment-large size-large wp-image-39794\" alt=\"Der Juli geht zu Ende am Roten Meer\" srcset=\"https:\/\/james-mac.com\/wp-content\/uploads\/2023\/07\/blackout-g916bd14a2_1280-stromausfall-pixabay-4x3-1-1024x768.jpg 1024w, https:\/\/james-mac.com\/wp-content\/uploads\/2023\/07\/blackout-g916bd14a2_1280-stromausfall-pixabay-4x3-1-300x225.jpg 300w, https:\/\/james-mac.com\/wp-content\/uploads\/2023\/07\/blackout-g916bd14a2_1280-stromausfall-pixabay-4x3-1-768x576.jpg 768w, https:\/\/james-mac.com\/wp-content\/uploads\/2023\/07\/blackout-g916bd14a2_1280-stromausfall-pixabay-4x3-1-16x12.jpg 16w, https:\/\/james-mac.com\/wp-content\/uploads\/2023\/07\/blackout-g916bd14a2_1280-stromausfall-pixabay-4x3-1-155x116.jpg 155w, https:\/\/james-mac.com\/wp-content\/uploads\/2023\/07\/blackout-g916bd14a2_1280-stromausfall-pixabay-4x3-1.jpg 1138w\" sizes=\"(max-width: 640px) 100vw, 640px\" \/>\t\t\t\t\t\t\t\t\t\t\t\t\t\t\t<\/div>\n\t\t\t\t<\/div>\n\t\t\t\t<div class=\"elementor-element elementor-element-72d076f elementor-widget elementor-widget-spacer\" data-id=\"72d076f\" data-element_type=\"widget\" data-e-type=\"widget\" data-widget_type=\"spacer.default\">\n\t\t\t\t<div class=\"elementor-widget-container\">\n\t\t\t\t\t\t\t<div class=\"elementor-spacer\">\n\t\t\t<div class=\"elementor-spacer-inner\"><\/div>\n\t\t<\/div>\n\t\t\t\t\t\t<\/div>\n\t\t\t\t<\/div>\n\t\t\t\t<div class=\"elementor-element elementor-element-7d4bfbb elementor-widget elementor-widget-heading\" data-id=\"7d4bfbb\" data-element_type=\"widget\" data-e-type=\"widget\" data-widget_type=\"heading.default\">\n\t\t\t\t<div class=\"elementor-widget-container\">\n\t\t\t\t\t<h3 class=\"elementor-heading-title elementor-size-default\">In \u00c4gypten wird die Stromversorgung w\u00e4hrend der Hitzewelle limitiert<\/h3>\t\t\t\t<\/div>\n\t\t\t\t<\/div>\n\t\t\t\t<div class=\"elementor-element elementor-element-aa57c84 elementor-widget elementor-widget-text-editor\" data-id=\"aa57c84\" data-element_type=\"widget\" data-e-type=\"widget\" data-widget_type=\"text-editor.default\">\n\t\t\t\t<div class=\"elementor-widget-container\">\n\t\t\t\t\t\t\t\t\t<p>Nicht nur in S\u00fcdeuropa, auch in \u00c4gypten ist es derzeit hei\u00df. Temperaturen\u00a0<a class=\"c-link\" href=\"https:\/\/www.thenationalnews.com\/mena\/egypt\/2023\/07\/25\/egyptians-vexed-by-surprise-power-cuts-and-unforgiving-heatwave\/\" target=\"_blank\" rel=\"noopener noreferrer\" data-stringify-link=\"https:\/\/www.thenationalnews.com\/mena\/egypt\/2023\/07\/25\/egyptians-vexed-by-surprise-power-cuts-and-unforgiving-heatwave\/\" data-sk=\"tooltip_parent\">um die 40 \u00b0C<\/a>\u00a0sind hier zwar normal im Sommer, seit ein paar Wochen wird diese Grenze aber regelm\u00e4\u00dfig \u00fcberschritten und man spricht auch hier schon von einer Hitzewelle. Das bedeutet nat\u00fcrlich auch entsprechend mehr Stromverbrauch, denn die Klimaanlagen laufen Tag und Nacht auf Hochtouren. Dies wiederum belastet die Kraftwerke immens und bringt sie an die Grenzen ihrer Kapazit\u00e4t.<\/p><p>Um diesem Dilemma entgegenzusteuern, hat man sich in \u00c4gypten <a class=\"c-link\" href=\"https:\/\/www.egypttoday.com\/Article\/1\/125825\/Egypt%E2%80%99s-petroleum-electricity-ministers-discuss-quick-solutions-to-power-cuts\" target=\"_blank\" rel=\"noopener noreferrer\" data-stringify-link=\"https:\/\/www.egypttoday.com\/Article\/1\/125825\/Egypt\u2019s-petroleum-electricity-ministers-discuss-quick-solutions-to-power-cuts\" data-sk=\"tooltip_parent\">etwas ganz Besonderes<\/a>\u00a0\u00fcberlegt &#8211; man schaltet einfach den Strom ab, wenn es am w\u00e4rmsten ist, um den Druck auf die Elektrizit\u00e4tsinfrastruktur des Landes zu mindern. Die Egyptian Electricity Holding Company gab eine Erkl\u00e4rung heraus, in der sie die geplanten Abschaltungen ank\u00fcndigte und versuchte, die \u00e4gyptischen B\u00fcrger auf die Stromabschaltungen vorzubereiten.\u00a0<\/p><p>Der Erkl\u00e4rung zufolge sollen die Stromabschaltungen in Zeitfenstern von zwanzig Minuten erfolgen, die zehn Minuten vor der vollen Stunde beginnen und zehn Minuten nach der vollen Stunde enden. Maximal soll es eine Stunde am St\u00fcck keinen Strom geben. Aus der Erkl\u00e4rung ging jedoch nicht hervor, ob\u00a0<a class=\"c-link\" href=\"https:\/\/www.middleeasteye.net\/news\/egypt-power-crisis-soaring-temperatures-energy-summer\" target=\"_blank\" rel=\"noopener noreferrer\" data-stringify-link=\"https:\/\/www.middleeasteye.net\/news\/egypt-power-crisis-soaring-temperatures-energy-summer\" data-sk=\"tooltip_parent\">die Stromausf\u00e4lle<\/a>\u00a0in ganz \u00c4gypten stattfinden oder ob sie jeden Tag vorkommen w\u00fcrden. Es wurde auch nicht klargestellt, ob die Stromausf\u00e4lle den ganzen Sommer \u00fcber andauern werden oder ob sie nur f\u00fcr einen bestimmten Zeitraum gelten.<\/p><p>Im Zuge dieser Ma\u00dfnahme hat man die Bev\u00f6lkerung auch instruiert, w\u00e4hrend dieser Zeit\u00a0<a class=\"c-link\" href=\"https:\/\/egyptianstreets.com\/2023\/07\/23\/egypt-warns-citizens-to-avoid-elevators-during-power-cuts-sparks-outrage\/?fbclid=IwAR0MOc-xlv3O34fR3jd2BVZYOmyFqowWXBv-eY_YdJhAFoDXXRwke-FTVYw\" target=\"_blank\" rel=\"noopener noreferrer\" data-stringify-link=\"https:\/\/egyptianstreets.com\/2023\/07\/23\/egypt-warns-citizens-to-avoid-elevators-during-power-cuts-sparks-outrage\/?fbclid=IwAR0MOc-xlv3O34fR3jd2BVZYOmyFqowWXBv-eY_YdJhAFoDXXRwke-FTVYw\" data-sk=\"tooltip_parent\">keine Aufz\u00fcge<\/a>\u00a0zu benutzen. Das gestaltet sich nat\u00fcrlich etwas schwierig, da das Zeitfenster nach hinten raus doch eher flexibel ist. Auch das Maximum von einer Stunde scheint vielerorts nicht mehr als ein grober Richtwert zu sein. Man h\u00f6rt inzwischen von Power Cuts von bis zu sechs Stunden. Oft finde die Abschaltungen auch nachts statt. Gro\u00dfe Hotels sind von den Stromabschaltungen nicht betroffen, da sie meist \u00fcber eigene Aggregate verf\u00fcgen. Da sind wir doch froh, dass wir unsere Tage auf dem Roten Meer verbringen und zur Abk\u00fchlung einfach ins Wasser springen k\u00f6nnen!\u00a0<\/p>\t\t\t\t\t\t\t\t<\/div>\n\t\t\t\t<\/div>\n\t\t\t\t<div class=\"elementor-element elementor-element-b431e0a elementor-widget elementor-widget-spacer\" data-id=\"b431e0a\" data-element_type=\"widget\" data-e-type=\"widget\" data-widget_type=\"spacer.default\">\n\t\t\t\t<div class=\"elementor-widget-container\">\n\t\t\t\t\t\t\t<div class=\"elementor-spacer\">\n\t\t\t<div class=\"elementor-spacer-inner\"><\/div>\n\t\t<\/div>\n\t\t\t\t\t\t<\/div>\n\t\t\t\t<\/div>\n\t\t\t\t<div class=\"elementor-element elementor-element-480f0ad elementor-widget elementor-widget-image\" data-id=\"480f0ad\" data-element_type=\"widget\" data-e-type=\"widget\" data-widget_type=\"image.default\">\n\t\t\t\t<div class=\"elementor-widget-container\">\n\t\t\t\t\t\t\t\t\t\t\t\t\t\t\t<img decoding=\"async\" width=\"640\" height=\"480\" src=\"https:\/\/james-mac.com\/wp-content\/uploads\/2023\/07\/engin-akyurt-dKhQjKd6AP8-flagge-aegypten-unsplash-4x3-1-1024x768.jpg\" class=\"attachment-large size-large wp-image-39793\" alt=\"R\u00fcckblick auf die sommerliche Juniwoche\" srcset=\"https:\/\/james-mac.com\/wp-content\/uploads\/2023\/07\/engin-akyurt-dKhQjKd6AP8-flagge-aegypten-unsplash-4x3-1-1024x768.jpg 1024w, https:\/\/james-mac.com\/wp-content\/uploads\/2023\/07\/engin-akyurt-dKhQjKd6AP8-flagge-aegypten-unsplash-4x3-1-300x225.jpg 300w, https:\/\/james-mac.com\/wp-content\/uploads\/2023\/07\/engin-akyurt-dKhQjKd6AP8-flagge-aegypten-unsplash-4x3-1-768x576.jpg 768w, https:\/\/james-mac.com\/wp-content\/uploads\/2023\/07\/engin-akyurt-dKhQjKd6AP8-flagge-aegypten-unsplash-4x3-1-1536x1152.jpg 1536w, https:\/\/james-mac.com\/wp-content\/uploads\/2023\/07\/engin-akyurt-dKhQjKd6AP8-flagge-aegypten-unsplash-4x3-1-2048x1536.jpg 2048w, https:\/\/james-mac.com\/wp-content\/uploads\/2023\/07\/engin-akyurt-dKhQjKd6AP8-flagge-aegypten-unsplash-4x3-1-16x12.jpg 16w, https:\/\/james-mac.com\/wp-content\/uploads\/2023\/07\/engin-akyurt-dKhQjKd6AP8-flagge-aegypten-unsplash-4x3-1-155x116.jpg 155w\" sizes=\"(max-width: 640px) 100vw, 640px\" \/>\t\t\t\t\t\t\t\t\t\t\t\t\t\t\t<\/div>\n\t\t\t\t<\/div>\n\t\t\t\t<div class=\"elementor-element elementor-element-13ceb87c elementor-widget elementor-widget-spacer\" data-id=\"13ceb87c\" data-element_type=\"widget\" data-e-type=\"widget\" data-widget_type=\"spacer.default\">\n\t\t\t\t<div class=\"elementor-widget-container\">\n\t\t\t\t\t\t\t<div class=\"elementor-spacer\">\n\t\t\t<div class=\"elementor-spacer-inner\"><\/div>\n\t\t<\/div>\n\t\t\t\t\t\t<\/div>\n\t\t\t\t<\/div>\n\t\t\t\t<div class=\"elementor-element elementor-element-389c9a69 elementor-widget elementor-widget-heading\" data-id=\"389c9a69\" data-element_type=\"widget\" data-e-type=\"widget\" data-widget_type=\"heading.default\">\n\t\t\t\t<div class=\"elementor-widget-container\">\n\t\t\t\t\t<h3 class=\"elementor-heading-title elementor-size-default\">\u00c4gypten feiert den Tag der Juli-Revolution<\/h3>\t\t\t\t<\/div>\n\t\t\t\t<\/div>\n\t\t\t\t<div class=\"elementor-element elementor-element-655c917 elementor-widget elementor-widget-text-editor\" data-id=\"655c917\" data-element_type=\"widget\" data-e-type=\"widget\" data-widget_type=\"text-editor.default\">\n\t\t\t\t<div class=\"elementor-widget-container\">\n\t\t\t\t\t\t\t\t\t<p>Ein weiterer wichtiger Feiertag f\u00fcr alle \u00c4gypter*innen fand am letzten Montag statt. Der Tag der\u00a0<a href=\"https:\/\/egyptianstreets.com\/2023\/07\/19\/in-photos-commemorating-the-23-july-revolution\/\" target=\"_blank\" rel=\"noopener noreferrer\" data-stringify-link=\"https:\/\/egyptianstreets.com\/2023\/07\/19\/in-photos-commemorating-the-23-july-revolution\/\" data-sk=\"tooltip_parent\">Juli-Revolution<\/a>\u00a0wird jedes Jahr im Gedenken an den Milit\u00e4rputsch gefeiert, der 1952 zum Sturz der Monarchie f\u00fchrte. Mit der Revolution vom 23. Juli\u00a0<span style=\"background-color: #ffffff;\">erkl\u00e4rte man<\/span>\u00a0\u00c4gypten zur Republik, was das Leben nicht nur im Land selbst, sondern in der gesamten arabischen Region grundlegend ver\u00e4nderte. Das K\u00f6nigreich \u00c4gypten war Geschichte.<\/p><p>Den Staatsstreich f\u00fchrte eine geheime Gruppe namens \u201eFreie Offiziere\u201c unter der F\u00fchrung von General Naguib durch. Die Gruppe ehemaliger Elite-Armeeoffiziere war 1949 von <a href=\"https:\/\/www.spiegel.de\/geschichte\/aegypten-gamal-abdel-nasser-der-letzte-pharao-a-1186947.html\" target=\"_blank\" rel=\"noopener noreferrer\" data-stringify-link=\"https:\/\/www.spiegel.de\/geschichte\/aegypten-gamal-abdel-nasser-der-letzte-pharao-a-1186947.html\" data-sk=\"tooltip_parent\">Gamal Abdel Nasser<\/a>\u00a0gegr\u00fcndet worden, um eine Revolution gegen die Regierung von K\u00f6nig Farouk zu planen. Gleichzeitig sollte ein Ende der britischen Besatzung herbeigef\u00fchrt werden.<\/p><p>Die\u00a0<a href=\"https:\/\/de.wikipedia.org\/wiki\/Britische_Herrschaft_in_%C3%84gypten\" target=\"_blank\" rel=\"noopener noreferrer\" data-stringify-link=\"https:\/\/de.wikipedia.org\/wiki\/Britische_Herrschaft_in_\u00c4gypten\" data-sk=\"tooltip_parent\">britische Kontrolle \u00fcber \u00c4gypten<\/a> begann 1882 und dauerte bis zum Jahr 1922, als das K\u00f6nigreich \u00c4gypten gegr\u00fcndet wurde. Dadurch erhielt \u00c4gypten, zumindest in der Theorie, die Unabh\u00e4ngigkeit von Gro\u00dfbritannien zur\u00fcck. Allerdings hatte Gro\u00dfbritannien immer noch einen gro\u00dfen Einfluss auf das Land, sodass man in der Praxis nicht von einer wirklichen Unabh\u00e4ngigkeit sprechen konnte. \u00dcberdies wuchs die Unzufriedenheit aufgrund des verlorenen arabisch-israelischen Krieges von 1948.<\/p><p>Die \u201efreien Offiziere\u201c st\u00fcrzten den K\u00f6nig 1952 erfolgreich und setzten eine demokratischere Regierung ein, die sich durch die Einf\u00fchrung umfassender Landreformen auszeichnete. Diese zielten darauf ab, die L\u00e4ndereien von der Elite des Landes zur\u00fcckzuerobern und auf die \u00e4rmere Bev\u00f6lkerung umzuverteilen. Die Industrialisierung des Landes sollte beschleunigt und die Korruption sollte einged\u00e4mmt werden. Auch die Rechte der Frauen sollten gest\u00e4rkt werden.<\/p><p>Das Ereignis wurde auch dieses Jahr wieder mit Milit\u00e4rparaden und im Fernsehen \u00fcbertragenen Konzerten gefeiert. Es gab Stra\u00dfenfeste und eine \u00f6ffentliche Ansprache des Pr\u00e4sidenten. Die Feierlichkeiten beginnen in der Regel bereits am Vorabend, um an den Beginn des Milit\u00e4rputsches zu erinnern. Diesmal folgte der Revolutionstag direkt auf das islamische Neujahr, was der \u00e4gyptischen Bev\u00f6lkerung <a href=\"https:\/\/www.egyptindependent.com\/egypts-banks-off-for-4-days-over-new-hijri-year-july-23-revolution-anniversary\/\" target=\"_blank\" rel=\"noopener noreferrer\" data-stringify-link=\"https:\/\/www.egyptindependent.com\/egypts-banks-off-for-4-days-over-new-hijri-year-july-23-revolution-anniversary\/\" data-sk=\"tooltip_parent\">ein extralanges Wochenende<\/a>\u00a0bescherte.\u00a0<\/p>\t\t\t\t\t\t\t\t<\/div>\n\t\t\t\t<\/div>\n\t\t\t\t<div class=\"elementor-element elementor-element-bdd6361 elementor-widget elementor-widget-spacer\" data-id=\"bdd6361\" data-element_type=\"widget\" data-e-type=\"widget\" data-widget_type=\"spacer.default\">\n\t\t\t\t<div class=\"elementor-widget-container\">\n\t\t\t\t\t\t\t<div class=\"elementor-spacer\">\n\t\t\t<div class=\"elementor-spacer-inner\"><\/div>\n\t\t<\/div>\n\t\t\t\t\t\t<\/div>\n\t\t\t\t<\/div>\n\t\t\t\t<div class=\"elementor-element elementor-element-eba16e1 elementor-widget elementor-widget-html\" data-id=\"eba16e1\" data-element_type=\"widget\" data-e-type=\"widget\" data-widget_type=\"html.default\">\n\t\t\t\t<div class=\"elementor-widget-container\">\n\t\t\t\t\t<iframe width=\"560\" height=\"550\" src=\"https:\/\/www.youtube.com\/embed\/AUHAiPEVt04\" title=\"YouTube video player\" frameborder=\"0\" allow=\"accelerometer; autoplay; clipboard-write; encrypted-media; gyroscope; picture-in-picture; web-share\" allowfullscreen><\/iframe>\t\t\t\t<\/div>\n\t\t\t\t<\/div>\n\t\t\t\t<div class=\"elementor-element elementor-element-681304c elementor-widget elementor-widget-spacer\" data-id=\"681304c\" data-element_type=\"widget\" data-e-type=\"widget\" data-widget_type=\"spacer.default\">\n\t\t\t\t<div class=\"elementor-widget-container\">\n\t\t\t\t\t\t\t<div class=\"elementor-spacer\">\n\t\t\t<div class=\"elementor-spacer-inner\"><\/div>\n\t\t<\/div>\n\t\t\t\t\t\t<\/div>\n\t\t\t\t<\/div>\n\t\t\t\t<div class=\"elementor-element elementor-element-4556563b elementor-widget elementor-widget-heading\" data-id=\"4556563b\" data-element_type=\"widget\" data-e-type=\"widget\" data-widget_type=\"heading.default\">\n\t\t\t\t<div class=\"elementor-widget-container\">\n\t\t\t\t\t<h3 class=\"elementor-heading-title elementor-size-default\">180 Millionen Liter \u00d6l werden aus marodem Tanker abgepumpt<\/h3>\t\t\t\t<\/div>\n\t\t\t\t<\/div>\n\t\t\t\t<div class=\"elementor-element elementor-element-bafc2a9 elementor-widget elementor-widget-text-editor\" data-id=\"bafc2a9\" data-element_type=\"widget\" data-e-type=\"widget\" data-widget_type=\"text-editor.default\">\n\t\t\t\t<div class=\"elementor-widget-container\">\n\t\t\t\t\t\t\t\t\t<p>Eine fantastische Nachricht gab es letzte Woche aus dem Jemen, denn nach 8 langen Jahren kann nun endlich das \u00d6l aus einem alten Frachter vor der jemenitischen K\u00fcste geholt werden. Ein eigens daf\u00fcr angeschafftes Schiff der UN traf am Sonntag vor dem kriegsgebeutelten Jemen ein, um in einer riskanten Aktion mehr als 180 Millionen (!) Liter \u00d6l <a class=\"c-link\" href=\"https:\/\/www.tagesschau.de\/ausland\/oeltanker-jemen-un-100.html\" target=\"_blank\" rel=\"noopener noreferrer\" data-stringify-link=\"https:\/\/www.tagesschau.de\/ausland\/oeltanker-jemen-un-100.html\" data-sk=\"tooltip_parent\">aus einem maroden Tanker abzupumpen<\/a>\u00a0und somit eine katastrophale \u00d6lpest im Roten Meer zu verhindern.<\/p><p>Nach Jahren z\u00e4her Verhandlungen zwischen den Vereinten Nationen, den jemenitischen\u00a0<a class=\"c-link\" href=\"https:\/\/www.welthungerhilfe.de\/aktuelles\/gastbeitrag\/2019\/hintergrundanalyse-jemen-konflikt\" target=\"_blank\" rel=\"noopener noreferrer\" data-stringify-link=\"https:\/\/www.welthungerhilfe.de\/aktuelles\/gastbeitrag\/2019\/hintergrundanalyse-jemen-konflikt\" data-sk=\"tooltip_parent\">Huthi-Rebellen<\/a> und der international anerkannten Regierung lief das UN-Schiff Nautica am Sonntagmittag in jemenitische Gew\u00e4sser ein und machte neben dem FSO Safer fest. Die heikle Operation zum Umladen des \u00d6ls soll baldm\u00f6glichst beginnen. Trotz strenger Sicherheitskontrollen besteht weiterhin die Gefahr, dass es zu einem Auslaufen oder einer Explosion kommen k\u00f6nnte. Die \u201eSafer\u201c transportiert viermal so viel \u00d6l, wie bei der Exxon-Valdez-Katastrophe 1989 vor Alaska ausgelaufen ist.<\/p><p>S\u00e4mtliche Wartungsarbeiten an der <a class=\"c-link\" href=\"https:\/\/de.wikipedia.org\/wiki\/Safer_(Schiff)\" target=\"_blank\" rel=\"noopener noreferrer\" data-stringify-link=\"https:\/\/de.wikipedia.org\/wiki\/Safer_(Schiff)\" data-sk=\"tooltip_parent\">\u201eSafer\u201c<\/a>\u00a0wurden 2015 wegen des Krieges im Jemen ausgesetzt, was zu einer zunehmenden Verwahrlosung des riesigen Tankers f\u00fchrte. Die Vereinten Nationen warnen seit Jahren vor einer Explosion des marodierenden Schiffes. Ein riesiger \u00d6lteppich k\u00f6nnte zu einer \u00f6kologischen Katastrophe f\u00fchren. Allein die Beseitigung des \u00d6lteppichs w\u00fcrde 20 Milliarden Dollar kosten, ganz abgesehen von der Umweltkatastrophe. Das \u00d6l k\u00f6nnte sich bis nach Saudi-Arabien, Eritrea, Dschibuti und Somalia ausbreiten und die gesamte Unterwasserwelt zerst\u00f6ren.<\/p><p>Sengende Sommertemperaturen, alternde Rohre und Seeminen stellen eine Bedrohung f\u00fcr die Operation dar.\u00a0 Das Bergungsteam hat das Schiff inspiziert, Umf\u00fcllpumpen und Schl\u00e4uche angebracht und Inertgas in die Ladetanks gepumpt, um das Explosionsrisiko zu verringern. Das \u00d6l soll tags\u00fcber, geborgen werden, um sicherzustellen, dass alle Anschl\u00fcsse sicher sind und die Arbeiter auf Lecks achten k\u00f6nnen. Nach der\u00a0<a class=\"c-link\" href=\"https:\/\/www.spektrum.de\/news\/bergung-des-oels-von-schrotttanker-vor-jemen-gestartet\/2163504\" target=\"_blank\" rel=\"noopener noreferrer\" data-stringify-link=\"https:\/\/www.spektrum.de\/news\/bergung-des-oels-von-schrotttanker-vor-jemen-gestartet\/2163504\" data-sk=\"tooltip_parent\">\u00d6lbergung<\/a> soll die Nautica im Jemen bleiben. Dann muss die schwierige Frage gekl\u00e4rt werden, wem das geborgene \u00d6l geh\u00f6rt.<\/p>\t\t\t\t\t\t\t\t<\/div>\n\t\t\t\t<\/div>\n\t\t\t\t<div class=\"elementor-element elementor-element-d43694b elementor-widget elementor-widget-spacer\" data-id=\"d43694b\" data-element_type=\"widget\" data-e-type=\"widget\" data-widget_type=\"spacer.default\">\n\t\t\t\t<div class=\"elementor-widget-container\">\n\t\t\t\t\t\t\t<div class=\"elementor-spacer\">\n\t\t\t<div class=\"elementor-spacer-inner\"><\/div>\n\t\t<\/div>\n\t\t\t\t\t\t<\/div>\n\t\t\t\t<\/div>\n\t\t\t\t<div class=\"elementor-element elementor-element-b337408 elementor-widget elementor-widget-heading\" data-id=\"b337408\" data-element_type=\"widget\" data-e-type=\"widget\" data-widget_type=\"heading.default\">\n\t\t\t\t<div class=\"elementor-widget-container\">\n\t\t\t\t\t<h3 class=\"elementor-heading-title elementor-size-default\">Der Juli geht zu Ende am Roten Meer<\/h3>\t\t\t\t<\/div>\n\t\t\t\t<\/div>\n\t\t\t\t<div class=\"elementor-element elementor-element-69fa36c3 elementor-widget elementor-widget-text-editor\" data-id=\"69fa36c3\" data-element_type=\"widget\" data-e-type=\"widget\" data-widget_type=\"text-editor.default\">\n\t\t\t\t<div class=\"elementor-widget-container\">\n\t\t\t\t\t\t\t\t\t<p>Das war: Der Juli geht zu Ende am Roten Meer. N\u00e4chste Woche gibt es wieder aktuelle Neuigkeiten von \u00c4gypten und anderswo <a href=\"https:\/\/james-mac.com\/en\/news-3\/\" target=\"_blank\" rel=\"noopener\">zu berichten<\/a>, wir halten euch auf dem Laufenden!<\/p>\t\t\t\t\t\t\t\t<\/div>\n\t\t\t\t<\/div>\n\t\t\t\t<div class=\"elementor-element elementor-element-4151c811 elementor-widget elementor-widget-text-editor\" data-id=\"4151c811\" data-element_type=\"widget\" data-e-type=\"widget\" data-widget_type=\"text-editor.default\">\n\t\t\t\t<div class=\"elementor-widget-container\">\n\t\t\t\t\t\t\t\t\t<p>Der Juli geht zu Ende am Roten Meer, James &amp; Mac Diving Center \u2013 Fotonachweise: James &amp; Mac, Pixabay, Verena Eisner<\/p>\t\t\t\t\t\t\t\t<\/div>\n\t\t\t\t<\/div>\n\t\t\t\t\t<\/div>\n\t\t<\/div>\n\t\t\t\t\t<\/div>\n\t\t<\/section>\n\t\t\t\t\t<\/div>\n\t\t<\/div>\n\t\t\t\t\t<\/div>\n\t\t<\/section>\n\t\t\t\t<\/div>","protected":false},"excerpt":{"rendered":"<p>Der Juli geht zu Ende am Roten Meer Auch in dieser Woche waren unsere Tauchlehrer wieder auf dem Roten Meer unterwegs und hatten von ihren Tauchausfahrten einiges zu berichten. Bei uns in Hurghada ist immer was los und auch anderswo, nicht nur in \u00c4gypten passierten aufregende Dinge. Der Juli geht zu Ende am Roten Meer, hier sind unsere News der Woche aus Hurghada. Verschiedene Haie und herrliche Tauchg\u00e4nge an den Wracks von Abu Nuhas W\u00e4hrend in Deutschland die Hitzewelle ein&hellip;<\/p>","protected":false},"author":4,"featured_media":39804,"comment_status":"open","ping_status":"closed","sticky":false,"template":"","format":"standard","meta":{"footnotes":""},"categories":[1],"tags":[984,136,170,135,413,355],"class_list":["post-39753","post","type-post","status-publish","format-standard","has-post-thumbnail","hentry","category-blog-rotes-meer","tag-984","tag-aegypten","tag-hurghada","tag-rotes-meer","tag-rueckblick","tag-wochenrueckblick","post-has-thumbnail"],"yoast_head":"<!-- This site is optimized with the Yoast SEO plugin v27.5 - https:\/\/yoast.com\/product\/yoast-seo-wordpress\/ -->\n<title>Der Juli geht zu Ende am Roten Meer - James &amp; Mac Diving Center<\/title>\n<meta name=\"description\" content=\"Der Juli geht zu Ende am Roten Meer. Auch diese Woche blicken wir wieder auf Dinge zur\u00fcck, die in \u00c4gypten und anderswo passiert sind.\" \/>\n<meta name=\"robots\" content=\"index, follow, max-snippet:-1, max-image-preview:large, max-video-preview:-1\" \/>\n<link rel=\"canonical\" href=\"https:\/\/james-mac.com\/en\/der-juli-geht-zu-ende-am-roten-meer\/\" \/>\n<meta property=\"og:locale\" content=\"en_GB\" \/>\n<meta property=\"og:type\" content=\"article\" \/>\n<meta property=\"og:title\" content=\"Der Juli geht zu Ende am Roten Meer - James &amp; Mac Diving Center\" \/>\n<meta property=\"og:description\" content=\"Der Juli geht zu Ende am Roten Meer. Auch diese Woche blicken wir wieder auf Dinge zur\u00fcck, die in \u00c4gypten und anderswo passiert sind.\" \/>\n<meta property=\"og:url\" content=\"https:\/\/james-mac.com\/en\/der-juli-geht-zu-ende-am-roten-meer\/\" \/>\n<meta property=\"og:site_name\" content=\"James &amp; Mac Diving Center\" \/>\n<meta property=\"article:publisher\" content=\"https:\/\/www.facebook.com\/jamesandmac\/\" \/>\n<meta property=\"article:published_time\" content=\"2023-07-29T04:19:00+00:00\" \/>\n<meta property=\"article:modified_time\" content=\"2023-07-29T05:01:54+00:00\" \/>\n<meta property=\"og:image\" content=\"https:\/\/james-mac.com\/wp-content\/uploads\/2023\/07\/JM-Maedels-Galambo-Meditation-Foto-Lutz-4x3-1.jpg\" \/>\n\t<meta property=\"og:image:width\" content=\"956\" \/>\n\t<meta property=\"og:image:height\" content=\"717\" \/>\n\t<meta property=\"og:image:type\" content=\"image\/jpeg\" \/>\n<meta name=\"author\" content=\"Ameli\" \/>\n<meta name=\"twitter:card\" content=\"summary_large_image\" \/>\n<meta name=\"twitter:creator\" content=\"@James_Mac_HRG\" \/>\n<meta name=\"twitter:site\" content=\"@James_Mac_HRG\" \/>\n<meta name=\"twitter:label1\" content=\"Written by\" \/>\n\t<meta name=\"twitter:data1\" content=\"Ameli\" \/>\n\t<meta name=\"twitter:label2\" content=\"Estimated reading time\" \/>\n\t<meta name=\"twitter:data2\" content=\"9 minutes\" \/>\n<script type=\"application\/ld+json\" class=\"yoast-schema-graph\">{\"@context\":\"https:\\\/\\\/schema.org\",\"@graph\":[{\"@type\":\"Article\",\"@id\":\"https:\\\/\\\/james-mac.com\\\/der-juli-geht-zu-ende-am-roten-meer\\\/#article\",\"isPartOf\":{\"@id\":\"https:\\\/\\\/james-mac.com\\\/der-juli-geht-zu-ende-am-roten-meer\\\/\"},\"author\":{\"name\":\"Ameli\",\"@id\":\"https:\\\/\\\/james-mac.com\\\/#\\\/schema\\\/person\\\/bdad9b5a4498bd11efeed74d2676eee4\"},\"headline\":\"Der Juli geht zu Ende am Roten Meer\",\"datePublished\":\"2023-07-29T04:19:00+00:00\",\"dateModified\":\"2023-07-29T05:01:54+00:00\",\"mainEntityOfPage\":{\"@id\":\"https:\\\/\\\/james-mac.com\\\/der-juli-geht-zu-ende-am-roten-meer\\\/\"},\"wordCount\":1583,\"commentCount\":0,\"publisher\":{\"@id\":\"https:\\\/\\\/james-mac.com\\\/#organization\"},\"image\":{\"@id\":\"https:\\\/\\\/james-mac.com\\\/der-juli-geht-zu-ende-am-roten-meer\\\/#primaryimage\"},\"thumbnailUrl\":\"https:\\\/\\\/james-mac.com\\\/wp-content\\\/uploads\\\/2023\\\/07\\\/JM-Maedels-Galambo-Meditation-Foto-Lutz-4x3-1.jpg\",\"keywords\":[\"2023\",\"\u00c4gypten\",\"Hurghada\",\"Rotes Meer\",\"R\u00fcckblick\",\"Wochenr\u00fcckblick\"],\"articleSection\":[\"Blog Rotes Meer\"],\"inLanguage\":\"en-GB\",\"potentialAction\":[{\"@type\":\"CommentAction\",\"name\":\"Comment\",\"target\":[\"https:\\\/\\\/james-mac.com\\\/der-juli-geht-zu-ende-am-roten-meer\\\/#respond\"]}]},{\"@type\":\"WebPage\",\"@id\":\"https:\\\/\\\/james-mac.com\\\/der-juli-geht-zu-ende-am-roten-meer\\\/\",\"url\":\"https:\\\/\\\/james-mac.com\\\/der-juli-geht-zu-ende-am-roten-meer\\\/\",\"name\":\"Der Juli geht zu Ende am Roten Meer - James &amp; Mac Diving Center\",\"isPartOf\":{\"@id\":\"https:\\\/\\\/james-mac.com\\\/#website\"},\"primaryImageOfPage\":{\"@id\":\"https:\\\/\\\/james-mac.com\\\/der-juli-geht-zu-ende-am-roten-meer\\\/#primaryimage\"},\"image\":{\"@id\":\"https:\\\/\\\/james-mac.com\\\/der-juli-geht-zu-ende-am-roten-meer\\\/#primaryimage\"},\"thumbnailUrl\":\"https:\\\/\\\/james-mac.com\\\/wp-content\\\/uploads\\\/2023\\\/07\\\/JM-Maedels-Galambo-Meditation-Foto-Lutz-4x3-1.jpg\",\"datePublished\":\"2023-07-29T04:19:00+00:00\",\"dateModified\":\"2023-07-29T05:01:54+00:00\",\"description\":\"Der Juli geht zu Ende am Roten Meer. Auch diese Woche blicken wir wieder auf Dinge zur\u00fcck, die in \u00c4gypten und anderswo passiert sind.\",\"breadcrumb\":{\"@id\":\"https:\\\/\\\/james-mac.com\\\/der-juli-geht-zu-ende-am-roten-meer\\\/#breadcrumb\"},\"inLanguage\":\"en-GB\",\"potentialAction\":[{\"@type\":\"ReadAction\",\"target\":[\"https:\\\/\\\/james-mac.com\\\/der-juli-geht-zu-ende-am-roten-meer\\\/\"]}]},{\"@type\":\"ImageObject\",\"inLanguage\":\"en-GB\",\"@id\":\"https:\\\/\\\/james-mac.com\\\/der-juli-geht-zu-ende-am-roten-meer\\\/#primaryimage\",\"url\":\"https:\\\/\\\/james-mac.com\\\/wp-content\\\/uploads\\\/2023\\\/07\\\/JM-Maedels-Galambo-Meditation-Foto-Lutz-4x3-1.jpg\",\"contentUrl\":\"https:\\\/\\\/james-mac.com\\\/wp-content\\\/uploads\\\/2023\\\/07\\\/JM-Maedels-Galambo-Meditation-Foto-Lutz-4x3-1.jpg\",\"width\":956,\"height\":717,\"caption\":\"Der Juli geht zu Ende am Roten Meer\"},{\"@type\":\"BreadcrumbList\",\"@id\":\"https:\\\/\\\/james-mac.com\\\/der-juli-geht-zu-ende-am-roten-meer\\\/#breadcrumb\",\"itemListElement\":[{\"@type\":\"ListItem\",\"position\":1,\"name\":\"Home\",\"item\":\"https:\\\/\\\/james-mac.com\\\/\"},{\"@type\":\"ListItem\",\"position\":2,\"name\":\"Blog Rotes Meer\",\"item\":\"https:\\\/\\\/james-mac.com\\\/en\\\/category\\\/blog-rotes-meer\\\/\"},{\"@type\":\"ListItem\",\"position\":3,\"name\":\"Der Juli geht zu Ende am Roten Meer\"}]},{\"@type\":\"WebSite\",\"@id\":\"https:\\\/\\\/james-mac.com\\\/#website\",\"url\":\"https:\\\/\\\/james-mac.com\\\/\",\"name\":\"James &amp; Mac Diving Center\",\"description\":\"Red sea diving since 1987\",\"publisher\":{\"@id\":\"https:\\\/\\\/james-mac.com\\\/#organization\"},\"potentialAction\":[{\"@type\":\"SearchAction\",\"target\":{\"@type\":\"EntryPoint\",\"urlTemplate\":\"https:\\\/\\\/james-mac.com\\\/?s={search_term_string}\"},\"query-input\":{\"@type\":\"PropertyValueSpecification\",\"valueRequired\":true,\"valueName\":\"search_term_string\"}}],\"inLanguage\":\"en-GB\"},{\"@type\":\"Organization\",\"@id\":\"https:\\\/\\\/james-mac.com\\\/#organization\",\"name\":\"James & Mac\",\"url\":\"https:\\\/\\\/james-mac.com\\\/\",\"logo\":{\"@type\":\"ImageObject\",\"inLanguage\":\"en-GB\",\"@id\":\"https:\\\/\\\/james-mac.com\\\/#\\\/schema\\\/logo\\\/image\\\/\",\"url\":\"\",\"contentUrl\":\"\",\"caption\":\"James & Mac\"},\"image\":{\"@id\":\"https:\\\/\\\/james-mac.com\\\/#\\\/schema\\\/logo\\\/image\\\/\"},\"sameAs\":[\"https:\\\/\\\/www.facebook.com\\\/jamesandmac\\\/\",\"https:\\\/\\\/x.com\\\/James_Mac_HRG\",\"https:\\\/\\\/www.instagram.com\\\/jamesundmacdiving\\\/\",\"https:\\\/\\\/www.youtube.com\\\/user\\\/james1987mac\"]},{\"@type\":\"Person\",\"@id\":\"https:\\\/\\\/james-mac.com\\\/#\\\/schema\\\/person\\\/bdad9b5a4498bd11efeed74d2676eee4\",\"name\":\"Ameli\",\"image\":{\"@type\":\"ImageObject\",\"inLanguage\":\"en-GB\",\"@id\":\"https:\\\/\\\/secure.gravatar.com\\\/avatar\\\/815b16a62dd9759f01ae110606d38d9d0fe57f307e2639ca16c1d626d7a6762d?s=96&r=g\",\"url\":\"https:\\\/\\\/secure.gravatar.com\\\/avatar\\\/815b16a62dd9759f01ae110606d38d9d0fe57f307e2639ca16c1d626d7a6762d?s=96&r=g\",\"contentUrl\":\"https:\\\/\\\/secure.gravatar.com\\\/avatar\\\/815b16a62dd9759f01ae110606d38d9d0fe57f307e2639ca16c1d626d7a6762d?s=96&r=g\",\"caption\":\"Ameli\"},\"url\":\"https:\\\/\\\/james-mac.com\\\/en\\\/author\\\/ameli\\\/\"}]}<\/script>\n<!-- \/ Yoast SEO plugin. -->","yoast_head_json":{"title":"Der Juli geht zu Ende am Roten Meer - James &amp; Mac Diving Center","description":"Der Juli geht zu Ende am Roten Meer. Auch diese Woche blicken wir wieder auf Dinge zur\u00fcck, die in \u00c4gypten und anderswo passiert sind.","robots":{"index":"index","follow":"follow","max-snippet":"max-snippet:-1","max-image-preview":"max-image-preview:large","max-video-preview":"max-video-preview:-1"},"canonical":"https:\/\/james-mac.com\/en\/der-juli-geht-zu-ende-am-roten-meer\/","og_locale":"en_GB","og_type":"article","og_title":"Der Juli geht zu Ende am Roten Meer - James &amp; Mac Diving Center","og_description":"Der Juli geht zu Ende am Roten Meer. Auch diese Woche blicken wir wieder auf Dinge zur\u00fcck, die in \u00c4gypten und anderswo passiert sind.","og_url":"https:\/\/james-mac.com\/en\/der-juli-geht-zu-ende-am-roten-meer\/","og_site_name":"James &amp; Mac Diving Center","article_publisher":"https:\/\/www.facebook.com\/jamesandmac\/","article_published_time":"2023-07-29T04:19:00+00:00","article_modified_time":"2023-07-29T05:01:54+00:00","og_image":[{"width":956,"height":717,"url":"https:\/\/james-mac.com\/wp-content\/uploads\/2023\/07\/JM-Maedels-Galambo-Meditation-Foto-Lutz-4x3-1.jpg","type":"image\/jpeg"}],"author":"Ameli","twitter_card":"summary_large_image","twitter_creator":"@James_Mac_HRG","twitter_site":"@James_Mac_HRG","twitter_misc":{"Written by":"Ameli","Estimated reading time":"9 minutes"},"schema":{"@context":"https:\/\/schema.org","@graph":[{"@type":"Article","@id":"https:\/\/james-mac.com\/der-juli-geht-zu-ende-am-roten-meer\/#article","isPartOf":{"@id":"https:\/\/james-mac.com\/der-juli-geht-zu-ende-am-roten-meer\/"},"author":{"name":"Ameli","@id":"https:\/\/james-mac.com\/#\/schema\/person\/bdad9b5a4498bd11efeed74d2676eee4"},"headline":"Der Juli geht zu Ende am Roten Meer","datePublished":"2023-07-29T04:19:00+00:00","dateModified":"2023-07-29T05:01:54+00:00","mainEntityOfPage":{"@id":"https:\/\/james-mac.com\/der-juli-geht-zu-ende-am-roten-meer\/"},"wordCount":1583,"commentCount":0,"publisher":{"@id":"https:\/\/james-mac.com\/#organization"},"image":{"@id":"https:\/\/james-mac.com\/der-juli-geht-zu-ende-am-roten-meer\/#primaryimage"},"thumbnailUrl":"https:\/\/james-mac.com\/wp-content\/uploads\/2023\/07\/JM-Maedels-Galambo-Meditation-Foto-Lutz-4x3-1.jpg","keywords":["2023","\u00c4gypten","Hurghada","Rotes Meer","R\u00fcckblick","Wochenr\u00fcckblick"],"articleSection":["Blog Rotes Meer"],"inLanguage":"en-GB","potentialAction":[{"@type":"CommentAction","name":"Comment","target":["https:\/\/james-mac.com\/der-juli-geht-zu-ende-am-roten-meer\/#respond"]}]},{"@type":"WebPage","@id":"https:\/\/james-mac.com\/der-juli-geht-zu-ende-am-roten-meer\/","url":"https:\/\/james-mac.com\/der-juli-geht-zu-ende-am-roten-meer\/","name":"Der Juli geht zu Ende am Roten Meer - James &amp; Mac Diving Center","isPartOf":{"@id":"https:\/\/james-mac.com\/#website"},"primaryImageOfPage":{"@id":"https:\/\/james-mac.com\/der-juli-geht-zu-ende-am-roten-meer\/#primaryimage"},"image":{"@id":"https:\/\/james-mac.com\/der-juli-geht-zu-ende-am-roten-meer\/#primaryimage"},"thumbnailUrl":"https:\/\/james-mac.com\/wp-content\/uploads\/2023\/07\/JM-Maedels-Galambo-Meditation-Foto-Lutz-4x3-1.jpg","datePublished":"2023-07-29T04:19:00+00:00","dateModified":"2023-07-29T05:01:54+00:00","description":"Der Juli geht zu Ende am Roten Meer. Auch diese Woche blicken wir wieder auf Dinge zur\u00fcck, die in \u00c4gypten und anderswo passiert sind.","breadcrumb":{"@id":"https:\/\/james-mac.com\/der-juli-geht-zu-ende-am-roten-meer\/#breadcrumb"},"inLanguage":"en-GB","potentialAction":[{"@type":"ReadAction","target":["https:\/\/james-mac.com\/der-juli-geht-zu-ende-am-roten-meer\/"]}]},{"@type":"ImageObject","inLanguage":"en-GB","@id":"https:\/\/james-mac.com\/der-juli-geht-zu-ende-am-roten-meer\/#primaryimage","url":"https:\/\/james-mac.com\/wp-content\/uploads\/2023\/07\/JM-Maedels-Galambo-Meditation-Foto-Lutz-4x3-1.jpg","contentUrl":"https:\/\/james-mac.com\/wp-content\/uploads\/2023\/07\/JM-Maedels-Galambo-Meditation-Foto-Lutz-4x3-1.jpg","width":956,"height":717,"caption":"Der Juli geht zu Ende am Roten Meer"},{"@type":"BreadcrumbList","@id":"https:\/\/james-mac.com\/der-juli-geht-zu-ende-am-roten-meer\/#breadcrumb","itemListElement":[{"@type":"ListItem","position":1,"name":"Home","item":"https:\/\/james-mac.com\/"},{"@type":"ListItem","position":2,"name":"Blog Rotes Meer","item":"https:\/\/james-mac.com\/en\/category\/blog-rotes-meer\/"},{"@type":"ListItem","position":3,"name":"Der Juli geht zu Ende am Roten Meer"}]},{"@type":"WebSite","@id":"https:\/\/james-mac.com\/#website","url":"https:\/\/james-mac.com\/","name":"James &amp; Mac Diving Center","description":"Red sea diving since 1987","publisher":{"@id":"https:\/\/james-mac.com\/#organization"},"potentialAction":[{"@type":"SearchAction","target":{"@type":"EntryPoint","urlTemplate":"https:\/\/james-mac.com\/?s={search_term_string}"},"query-input":{"@type":"PropertyValueSpecification","valueRequired":true,"valueName":"search_term_string"}}],"inLanguage":"en-GB"},{"@type":"Organization","@id":"https:\/\/james-mac.com\/#organization","name":"James &amp; Mac","url":"https:\/\/james-mac.com\/","logo":{"@type":"ImageObject","inLanguage":"en-GB","@id":"https:\/\/james-mac.com\/#\/schema\/logo\/image\/","url":"","contentUrl":"","caption":"James & Mac"},"image":{"@id":"https:\/\/james-mac.com\/#\/schema\/logo\/image\/"},"sameAs":["https:\/\/www.facebook.com\/jamesandmac\/","https:\/\/x.com\/James_Mac_HRG","https:\/\/www.instagram.com\/jamesundmacdiving\/","https:\/\/www.youtube.com\/user\/james1987mac"]},{"@type":"Person","@id":"https:\/\/james-mac.com\/#\/schema\/person\/bdad9b5a4498bd11efeed74d2676eee4","name":"Ameli","image":{"@type":"ImageObject","inLanguage":"en-GB","@id":"https:\/\/secure.gravatar.com\/avatar\/815b16a62dd9759f01ae110606d38d9d0fe57f307e2639ca16c1d626d7a6762d?s=96&r=g","url":"https:\/\/secure.gravatar.com\/avatar\/815b16a62dd9759f01ae110606d38d9d0fe57f307e2639ca16c1d626d7a6762d?s=96&r=g","contentUrl":"https:\/\/secure.gravatar.com\/avatar\/815b16a62dd9759f01ae110606d38d9d0fe57f307e2639ca16c1d626d7a6762d?s=96&r=g","caption":"Ameli"},"url":"https:\/\/james-mac.com\/en\/author\/ameli\/"}]}},"_links":{"self":[{"href":"https:\/\/james-mac.com\/en\/wp-json\/wp\/v2\/posts\/39753","targetHints":{"allow":["GET"]}}],"collection":[{"href":"https:\/\/james-mac.com\/en\/wp-json\/wp\/v2\/posts"}],"about":[{"href":"https:\/\/james-mac.com\/en\/wp-json\/wp\/v2\/types\/post"}],"author":[{"embeddable":true,"href":"https:\/\/james-mac.com\/en\/wp-json\/wp\/v2\/users\/4"}],"replies":[{"embeddable":true,"href":"https:\/\/james-mac.com\/en\/wp-json\/wp\/v2\/comments?post=39753"}],"version-history":[{"count":45,"href":"https:\/\/james-mac.com\/en\/wp-json\/wp\/v2\/posts\/39753\/revisions"}],"predecessor-version":[{"id":39843,"href":"https:\/\/james-mac.com\/en\/wp-json\/wp\/v2\/posts\/39753\/revisions\/39843"}],"wp:featuredmedia":[{"embeddable":true,"href":"https:\/\/james-mac.com\/en\/wp-json\/wp\/v2\/media\/39804"}],"wp:attachment":[{"href":"https:\/\/james-mac.com\/en\/wp-json\/wp\/v2\/media?parent=39753"}],"wp:term":[{"taxonomy":"category","embeddable":true,"href":"https:\/\/james-mac.com\/en\/wp-json\/wp\/v2\/categories?post=39753"},{"taxonomy":"post_tag","embeddable":true,"href":"https:\/\/james-mac.com\/en\/wp-json\/wp\/v2\/tags?post=39753"}],"curies":[{"name":"wp","href":"https:\/\/api.w.org\/{rel}","templated":true}]}}