{"id":40994,"date":"2023-09-16T06:39:00","date_gmt":"2023-09-16T04:39:00","guid":{"rendered":"https:\/\/james-mac.com\/?p=40994"},"modified":"2023-09-16T07:04:16","modified_gmt":"2023-09-16T05:04:16","slug":"eine-septemberwoche-am-roten-meer","status":"publish","type":"post","link":"https:\/\/james-mac.com\/en\/eine-septemberwoche-am-roten-meer\/","title":{"rendered":"Eine Septemberwoche am Roten Meer"},"content":{"rendered":"<div data-elementor-type=\"wp-post\" data-elementor-id=\"40994\" class=\"elementor elementor-40994\" data-elementor-post-type=\"post\">\n\t\t\t\t\t\t<section data-particle_enable=\"false\" data-particle-mobile-disabled=\"false\" class=\"elementor-section elementor-top-section elementor-element elementor-element-227703b9 elementor-section-boxed elementor-section-height-default elementor-section-height-default\" data-id=\"227703b9\" data-element_type=\"section\" data-e-type=\"section\">\n\t\t\t\t\t\t<div class=\"elementor-container elementor-column-gap-default\">\n\t\t\t\t\t<div class=\"elementor-column elementor-col-100 elementor-top-column elementor-element elementor-element-f4ad3dd\" data-id=\"f4ad3dd\" data-element_type=\"column\" data-e-type=\"column\">\n\t\t\t<div class=\"elementor-widget-wrap elementor-element-populated\">\n\t\t\t\t\t\t<section data-particle_enable=\"false\" data-particle-mobile-disabled=\"false\" class=\"elementor-section elementor-inner-section elementor-element elementor-element-cc199a4 elementor-section-boxed elementor-section-height-default elementor-section-height-default\" data-id=\"cc199a4\" data-element_type=\"section\" data-e-type=\"section\">\n\t\t\t\t\t\t<div class=\"elementor-container elementor-column-gap-default\">\n\t\t\t\t\t<div class=\"elementor-column elementor-col-100 elementor-inner-column elementor-element elementor-element-fa3966e\" data-id=\"fa3966e\" data-element_type=\"column\" data-e-type=\"column\">\n\t\t\t<div class=\"elementor-widget-wrap elementor-element-populated\">\n\t\t\t\t\r\n\t\t<div class=\"elementor-element elementor-element-2f56543a elementor-post-navigation-borders-yes elementor-widget elementor-widget-post-navigation\" data-id=\"2f56543a\" data-element_type=\"widget\" data-e-type=\"widget\" data-widget_type=\"post-navigation.default\">\n\t\t\t\t<div class=\"elementor-widget-container\">\n\t\t\t\t\t\t\t<div class=\"elementor-post-navigation\" role=\"navigation\" aria-label=\"Post Navigation\">\n\t\t\t<div class=\"elementor-post-navigation__prev elementor-post-navigation__link\">\n\t\t\t\t<a href=\"https:\/\/james-mac.com\/en\/geburtstagsgedicht-fuer-unseren-helle\/\" rel=\"prev\"><span class=\"post-navigation__arrow-wrapper post-navigation__arrow-prev\"><i aria-hidden=\"true\" class=\"fas fa-angle-left\"><\/i><span class=\"elementor-screen-only\">Prev<\/span><\/span><span class=\"elementor-post-navigation__link__prev\"><span class=\"post-navigation__prev--label\">Voriger<\/span><span class=\"post-navigation__prev--title\">Geburtstagsgedicht f\u00fcr unseren Helle<\/span><\/span><\/a>\t\t\t<\/div>\n\t\t\t\t\t\t\t<div class=\"elementor-post-navigation__separator-wrapper\">\n\t\t\t\t\t<div class=\"elementor-post-navigation__separator\"><\/div>\n\t\t\t\t<\/div>\n\t\t\t\t\t\t<div class=\"elementor-post-navigation__next elementor-post-navigation__link\">\n\t\t\t\t<a href=\"https:\/\/james-mac.com\/en\/herzliche-glueckwuensche-an-khaled\/\" rel=\"next\"><span class=\"elementor-post-navigation__link__next\"><span class=\"post-navigation__next--label\">N\u00e4chster<\/span><span class=\"post-navigation__next--title\">Herzliche Gl\u00fcckw\u00fcnsche an Khaled<\/span><\/span><span class=\"post-navigation__arrow-wrapper post-navigation__arrow-next\"><i aria-hidden=\"true\" class=\"fas fa-angle-right\"><\/i><span class=\"elementor-screen-only\">Next<\/span><\/span><\/a>\t\t\t<\/div>\n\t\t<\/div>\n\t\t\t\t\t\t<\/div>\n\t\t\t\t<\/div>\n\t\t\t\t<div class=\"elementor-element elementor-element-50289923 elementor-widget elementor-widget-shortcode\" data-id=\"50289923\" data-element_type=\"widget\" data-e-type=\"widget\" data-widget_type=\"shortcode.default\">\n\t\t\t\t<div class=\"elementor-widget-container\">\n\t\t\t\t\t\t\t<div class=\"elementor-shortcode\"><\/div>\n\t\t\t\t\t\t<\/div>\n\t\t\t\t<\/div>\n\t\t\t\t<div class=\"elementor-element elementor-element-657f44db elementor-widget elementor-widget-spacer\" data-id=\"657f44db\" data-element_type=\"widget\" data-e-type=\"widget\" data-widget_type=\"spacer.default\">\n\t\t\t\t<div class=\"elementor-widget-container\">\n\t\t\t\t\t\t\t<div class=\"elementor-spacer\">\n\t\t\t<div class=\"elementor-spacer-inner\"><\/div>\n\t\t<\/div>\n\t\t\t\t\t\t<\/div>\n\t\t\t\t<\/div>\n\t\t\t\t<div class=\"elementor-element elementor-element-1dd68d7e elementor-widget elementor-widget-heading\" data-id=\"1dd68d7e\" data-element_type=\"widget\" data-e-type=\"widget\" data-widget_type=\"heading.default\">\n\t\t\t\t<div class=\"elementor-widget-container\">\n\t\t\t\t\t<h3 class=\"elementor-heading-title elementor-size-default\">Eine Septemberwoche am Roten Meer<\/h3>\t\t\t\t<\/div>\n\t\t\t\t<\/div>\n\t\t\t\t<div class=\"elementor-element elementor-element-51b9a289 elementor-widget elementor-widget-text-editor\" data-id=\"51b9a289\" data-element_type=\"widget\" data-e-type=\"widget\" data-widget_type=\"text-editor.default\">\n\t\t\t\t<div class=\"elementor-widget-container\">\n\t\t\t\t\t\t\t\t\t<p>Auch in dieser Woche waren unsere Tauchlehrer wieder auf dem Roten Meer unterwegs und hatten von ihren <a href=\"https:\/\/james-mac.com\/en\/taegliche-tauchausfahrten\/\" target=\"_blank\" rel=\"noopener\">Diving Trips<\/a> einiges zu berichten. Bei uns in Hurghada ist immer was los und auch anderswo, nicht nur in \u00c4gypten passierten aufregende Dinge. Hier kommt unser sp\u00e4tsommerlicher Wochenr\u00fcckblick \u00fcber eine Septemberwoche am Roten Meer:<\/p>\t\t\t\t\t\t\t\t<\/div>\n\t\t\t\t<\/div>\n\t\t\t\t<div class=\"elementor-element elementor-element-2280868d elementor-widget elementor-widget-spacer\" data-id=\"2280868d\" data-element_type=\"widget\" data-e-type=\"widget\" data-widget_type=\"spacer.default\">\n\t\t\t\t<div class=\"elementor-widget-container\">\n\t\t\t\t\t\t\t<div class=\"elementor-spacer\">\n\t\t\t<div class=\"elementor-spacer-inner\"><\/div>\n\t\t<\/div>\n\t\t\t\t\t\t<\/div>\n\t\t\t\t<\/div>\n\t\t\t\t<div class=\"elementor-element elementor-element-5a32bfe elementor-widget elementor-widget-html\" data-id=\"5a32bfe\" data-element_type=\"widget\" data-e-type=\"widget\" data-widget_type=\"html.default\">\n\t\t\t\t<div class=\"elementor-widget-container\">\n\t\t\t\t\t<iframe width=\"560\" height=\"550\" src=\"https:\/\/www.youtube.com\/embed\/16V-0q3Ktb0?si=-R8x0QqTDsdXCGcD\" title=\"YouTube video player\" frameborder=\"0\" allow=\"accelerometer; autoplay; clipboard-write; encrypted-media; gyroscope; picture-in-picture; web-share\" allowfullscreen><\/iframe>\t\t\t\t<\/div>\n\t\t\t\t<\/div>\n\t\t\t\t<div class=\"elementor-element elementor-element-5d5e3d0 elementor-widget elementor-widget-spacer\" data-id=\"5d5e3d0\" data-element_type=\"widget\" data-e-type=\"widget\" data-widget_type=\"spacer.default\">\n\t\t\t\t<div class=\"elementor-widget-container\">\n\t\t\t\t\t\t\t<div class=\"elementor-spacer\">\n\t\t\t<div class=\"elementor-spacer-inner\"><\/div>\n\t\t<\/div>\n\t\t\t\t\t\t<\/div>\n\t\t\t\t<\/div>\n\t\t\t\t<div class=\"elementor-element elementor-element-113b441 elementor-widget elementor-widget-heading\" data-id=\"113b441\" data-element_type=\"widget\" data-e-type=\"widget\" data-widget_type=\"heading.default\">\n\t\t\t\t<div class=\"elementor-widget-container\">\n\t\t\t\t\t<h3 class=\"elementor-heading-title elementor-size-default\">Sch\u00f6ne Tauchg\u00e4nge bei teils mystischer Stimmung<\/h3>\t\t\t\t<\/div>\n\t\t\t\t<\/div>\n\t\t\t\t<div class=\"elementor-element elementor-element-ece2189 elementor-widget__width-initial elementor-widget elementor-widget-text-editor\" data-id=\"ece2189\" data-element_type=\"widget\" data-e-type=\"widget\" data-widget_type=\"text-editor.default\">\n\t\t\t\t<div class=\"elementor-widget-container\">\n\t\t\t\t\t\t\t\t\t<p>Wir waren letzte Woche wie \u00fcblich auf dem Roten Meer unterwegs und haben nicht viel vom schlechten Wetter in anderen Landesteilen \u00c4gyptens mitbekommen. Lediglich die Sonne hat sich zwei Tage lang vor uns versteckt, was Unterwasser immer eine leicht mystische Stimmung erzeugt. Das war vor allem an unserem neuen Tauchplatz \u201eShaab Quais Panzer\u201c ganz interessant, denn das Wetter passte vorz\u00fcglich zu den Milit\u00e4robjekten, die die \u00c4gyptische Regierung extra versenkt hat.\u00a0<\/p><p>Am <a href=\"https:\/\/james-mac.com\/en\/ein-grossartiger-samstag-im-roten-meer\/\" target=\"_blank\" rel=\"noopener\">letzten Wochenende<\/a> tummelten wir uns bei etwas Wind rund um Giftun und Abu Ramada. Je nach Lust und Laune machten wir einen sch\u00f6nen Drift bei Ham Ham oder Abu Ramada Plateau\/Gorgonia oder gingen station\u00e4r. Hierf\u00fcr suchten wir uns den Klassiker Shaab Abu Ramada aus. F\u00fcr jeden war wie immer etwas dabei. Zwischen die Inseln gings ebenfalls und hier war ein B\u00fcffelkopf-Papageifisch der absolute Star. Alles in allem war es ein Wochenende wie aus dem Bilderbuch.<\/p><p>Die neue Woche begann<a href=\"https:\/\/james-mac.com\/en\/zum-wochenstart-ententeich-wetter\/\" target=\"_blank\" rel=\"noopener\"> ohne einen Windhauch<\/a> und unsere Boote standen bereits in den Startl\u00f6chern f\u00fcr den Norden. Alle Mann an Bord und schwups &#8211; schon gings Richtung Carless Reef oder nach Shaab Pinky. Besonders am Morgen erscheint dieser Platz in einem tollen Licht. Das Blauwasser ist besonders blau und die Korallen nah am Riff leuchten in allen Farben. Shaab Steeltank ist ebenfalls ein Platz, der ausschlie\u00dflich als Pick Up und bei passendem Wetter angefahren werden kann. Deshalb ist es auch immer ein besonderes Erlebnis, an der imposanten Steilwand entlang zu tauchen.<\/p>\t\t\t\t\t\t\t\t<\/div>\n\t\t\t\t<\/div>\n\t\t\t\t<div class=\"elementor-element elementor-element-cf2a99b elementor-widget elementor-widget-spacer\" data-id=\"cf2a99b\" data-element_type=\"widget\" data-e-type=\"widget\" data-widget_type=\"spacer.default\">\n\t\t\t\t<div class=\"elementor-widget-container\">\n\t\t\t\t\t\t\t<div class=\"elementor-spacer\">\n\t\t\t<div class=\"elementor-spacer-inner\"><\/div>\n\t\t<\/div>\n\t\t\t\t\t\t<\/div>\n\t\t\t\t<\/div>\n\t\t\t\t<div class=\"elementor-element elementor-element-5f71b1f elementor-widget elementor-widget-heading\" data-id=\"5f71b1f\" data-element_type=\"widget\" data-e-type=\"widget\" data-widget_type=\"heading.default\">\n\t\t\t\t<div class=\"elementor-widget-container\">\n\t\t\t\t\t<h3 class=\"elementor-heading-title elementor-size-default\">Abu Nuhas mit Delfinen<\/h3>\t\t\t\t<\/div>\n\t\t\t\t<\/div>\n\t\t\t\t<div class=\"elementor-element elementor-element-2190060 elementor-widget__width-initial elementor-widget elementor-widget-text-editor\" data-id=\"2190060\" data-element_type=\"widget\" data-e-type=\"widget\" data-widget_type=\"text-editor.default\">\n\t\t\t\t<div class=\"elementor-widget-container\">\n\t\t\t\t\t\t\t\t\t<p>Am Dienstag war es an der Zeit, das Wetter zu nutzen, um <a href=\"https:\/\/james-mac.com\/en\/an-einem-herrlich-heissen-tag-aufs-meer\/\" target=\"_blank\" rel=\"noopener\">nach Abu Nuhas<\/a> zu d\u00fcsen. Morgens ging es los und nach knapp drei Stunden mit unserer Bahlul waren wir auch schon am ersten Objekt der Begierde angekommen, der Giannis D. Nicht nur das Wrack selbst, auch die Sichtungen zahlreicher Schnecken entz\u00fcckte die Taucher. Nach einer Schnorchelrunde mit Delfinen und einem Besuch bei der Chrisoula K gings dann entspannt wieder Richtung Heimat.<\/p><p>Zur Wochenmitte machten wir einen Ausflug zu den k\u00fcrzlich versenkten Panzern und Milit\u00e4rfahrzeugen. In der N\u00e4he von Shaab Quais Cave gelegen, kann man sich hier gem\u00fctlich umsehen, bevor man wieder die Korallen- und Fischwelt genie\u00dfen kann.<\/p><p>Auf <a href=\"https:\/\/james-mac.com\/en\/ein-gemuetlicher-ausflug-mit-uebernachtung\/\" target=\"_blank\" rel=\"noopener\">einer Minisafari<\/a> rund um Hurghada segelten wir schlie\u00dflich gem\u00e4chlich dem Wochenende entgegen. Wir entschieden uns, zwischen den Inseln zu starten und statteten Stone Beach und Shaab Dorfa einen Besuch ab. Nat\u00fcrlich auch in der Hoffnung, dem Walhai zu begegnen, der hier letzte Woche die Taucheraugen zum Strahlen brachte. Der war aber anscheinend schon weitergezogen. Das st\u00f6rte uns aber nicht wirklich, wir genossen einfach den Tag und den Nachttauchgang bei Giftun Soraya. Auch der n\u00e4chste Tag war wundersch\u00f6n und so sind wir schon wieder bereit, in eine neue Woche einzutauchen.<\/p>\t\t\t\t\t\t\t\t<\/div>\n\t\t\t\t<\/div>\n\t\t\t\t<div class=\"elementor-element elementor-element-96849f7 elementor-widget elementor-widget-spacer\" data-id=\"96849f7\" data-element_type=\"widget\" data-e-type=\"widget\" data-widget_type=\"spacer.default\">\n\t\t\t\t<div class=\"elementor-widget-container\">\n\t\t\t\t\t\t\t<div class=\"elementor-spacer\">\n\t\t\t<div class=\"elementor-spacer-inner\"><\/div>\n\t\t<\/div>\n\t\t\t\t\t\t<\/div>\n\t\t\t\t<\/div>\n\t\t\t\t<div class=\"elementor-element elementor-element-af6220d elementor-widget elementor-widget-image\" data-id=\"af6220d\" data-element_type=\"widget\" data-e-type=\"widget\" data-widget_type=\"image.default\">\n\t\t\t\t<div class=\"elementor-widget-container\">\n\t\t\t\t\t\t\t\t\t\t\t\t\t\t\t<img fetchpriority=\"high\" decoding=\"async\" width=\"640\" height=\"480\" src=\"https:\/\/james-mac.com\/wp-content\/uploads\/2023\/09\/strand-welle-salah-mohammed-USHv2qUIlR0-unsplash-4x3-1-1024x768.jpg\" class=\"attachment-large size-large wp-image-41035\" alt=\"Eine Septemberwoche am Roten Meer\" srcset=\"https:\/\/james-mac.com\/wp-content\/uploads\/2023\/09\/strand-welle-salah-mohammed-USHv2qUIlR0-unsplash-4x3-1-1024x768.jpg 1024w, https:\/\/james-mac.com\/wp-content\/uploads\/2023\/09\/strand-welle-salah-mohammed-USHv2qUIlR0-unsplash-4x3-1-300x225.jpg 300w, https:\/\/james-mac.com\/wp-content\/uploads\/2023\/09\/strand-welle-salah-mohammed-USHv2qUIlR0-unsplash-4x3-1-768x576.jpg 768w, https:\/\/james-mac.com\/wp-content\/uploads\/2023\/09\/strand-welle-salah-mohammed-USHv2qUIlR0-unsplash-4x3-1-1536x1152.jpg 1536w, https:\/\/james-mac.com\/wp-content\/uploads\/2023\/09\/strand-welle-salah-mohammed-USHv2qUIlR0-unsplash-4x3-1-2048x1536.jpg 2048w, https:\/\/james-mac.com\/wp-content\/uploads\/2023\/09\/strand-welle-salah-mohammed-USHv2qUIlR0-unsplash-4x3-1-16x12.jpg 16w, https:\/\/james-mac.com\/wp-content\/uploads\/2023\/09\/strand-welle-salah-mohammed-USHv2qUIlR0-unsplash-4x3-1-155x116.jpg 155w\" sizes=\"(max-width: 640px) 100vw, 640px\" \/>\t\t\t\t\t\t\t\t\t\t\t\t\t\t\t<\/div>\n\t\t\t\t<\/div>\n\t\t\t\t<div class=\"elementor-element elementor-element-72d076f elementor-widget elementor-widget-spacer\" data-id=\"72d076f\" data-element_type=\"widget\" data-e-type=\"widget\" data-widget_type=\"spacer.default\">\n\t\t\t\t<div class=\"elementor-widget-container\">\n\t\t\t\t\t\t\t<div class=\"elementor-spacer\">\n\t\t\t<div class=\"elementor-spacer-inner\"><\/div>\n\t\t<\/div>\n\t\t\t\t\t\t<\/div>\n\t\t\t\t<\/div>\n\t\t\t\t<div class=\"elementor-element elementor-element-7d4bfbb elementor-widget elementor-widget-heading\" data-id=\"7d4bfbb\" data-element_type=\"widget\" data-e-type=\"widget\" data-widget_type=\"heading.default\">\n\t\t\t\t<div class=\"elementor-widget-container\">\n\t\t\t\t\t<h3 class=\"elementor-heading-title elementor-size-default\">\u00c4gypten blieb weitgehend vom Sturm Daniel verschont<\/h3>\t\t\t\t<\/div>\n\t\t\t\t<\/div>\n\t\t\t\t<div class=\"elementor-element elementor-element-aa57c84 elementor-widget elementor-widget-text-editor\" data-id=\"aa57c84\" data-element_type=\"widget\" data-e-type=\"widget\" data-widget_type=\"text-editor.default\">\n\t\t\t\t<div class=\"elementor-widget-container\">\n\t\t\t\t\t\t\t\t\t<p>Sorge herrschte letzte Woche in \u00c4gypten, als der schreckliche Sturm Daniel \u00fcbers Mittelmeer gezogen war und in Libyen gro\u00dfe Verw\u00fcstungen anrichtete. Man bef\u00fcrchtete, dass der Sturm auch in \u00c4gypten viele Sch\u00e4den anrichten k\u00f6nnte. Doch Gott sei Dank erwiesen sich die Bef\u00fcrchtungen\u00a0<a class=\"c-link\" href=\"https:\/\/english.ahram.org.eg\/News\/508175.aspx\" target=\"_blank\" rel=\"noopener noreferrer\" data-stringify-link=\"https:\/\/english.ahram.org.eg\/News\/508175.aspx\" data-sk=\"tooltip_parent\">gr\u00f6\u00dftenteils als unbegr\u00fcndet<\/a>. Als der Sturm Daniel am Montag \u00c4gypten erreichte, hatte er den gr\u00f6\u00dften Teil seiner St\u00e4rke verloren. Er brachte zwar schlechtes Wetter mit sich, aber nicht die Katastrophe, die er zuvor ausgel\u00f6st hatte.<\/p><p>Daniel \u00fcberquerte \u00c4gypten einen Tag, nachdem er den Nordosten Libyens verw\u00fcstet hatte, wo starke Regenf\u00e4lle\u00a0<a class=\"c-link\" href=\"https:\/\/www.dailynewsegypt.com\/2023\/09\/11\/storm-daniel-kills-150-people-in-eastern-libya-egypt-offers-condolences\/\" target=\"_blank\" rel=\"noopener noreferrer\" data-stringify-link=\"https:\/\/www.dailynewsegypt.com\/2023\/09\/11\/storm-daniel-kills-150-people-in-eastern-libya-egypt-offers-condolences\/\" data-sk=\"tooltip_parent\">zu \u00dcberschwemmungen<\/a> f\u00fchrten, bei denen zahlreiche Menschen starben und Hunderte H\u00e4user besch\u00e4digt oder zerst\u00f6rt wurden. Der inzwischen abgeflachte Sturm brachte einiges an Wind und Staub in den Westen \u00c4gyptens, gefolgt von Regenf\u00e4llen und Gewittern. Er zog anschlie\u00dfend nach Osten und brachte bis Montagabend m\u00e4\u00dfige Niederschl\u00e4ge nach Alexandria, an die Nordk\u00fcste und ins Nildelta. Am Dienstag gab es Wind und\u00a0<a class=\"c-link\" href=\"https:\/\/www.egypttoday.com\/Article\/1\/126881\/Siwa-Oasis-witnesses-turbulent-weather-as-Storm-Daniel-approaches-to\" target=\"_blank\" rel=\"noopener noreferrer\" data-stringify-link=\"https:\/\/www.egypttoday.com\/Article\/1\/126881\/Siwa-Oasis-witnesses-turbulent-weather-as-Storm-Daniel-approaches-to\" data-sk=\"tooltip_parent\">leichten Regen<\/a>\u00a0in Port Said, Damietta, dem Nordsinai, der Suezkanalzone und im Gro\u00dfraum Kairo.<\/p><p>Bei uns hier am Roten Meer war es am Dienstag anfangs etwas windig, der Wind legte sich aber bis Mittag komplett. Die Sonne war den ganzen Tag nicht zu sehen, da sie hinter einer dicken Schicht Sand in der Luft verborgen blieb. Im Laufe des Tages wurde es immer w\u00e4rmer und vor allem schw\u00fcler. So blieb es auch den ganzen Abend und die gesamte Nacht. Am Mittwoch waren ebenfalls noch Ausl\u00e4ufer der Wetterfront zu sp\u00fcren. \u00dcber Nacht zog dann ein frischer Nordwind auf und blies den Sand einfach weg. Inzwischen scheint die Sonne wieder und wir genie\u00dfen das leicht windige und warme Wetter hier am Roten Meer.<\/p><p>Wenn ihr euch \u00fcber das Wetter hier bei uns immer aktuell informieren wollt, klickt doch einfach mal unsere Webcams an! Auf der\u00a0<a class=\"c-link\" href=\"https:\/\/james-mac.com\/en\/unsere-tauchbasis-webcams-hurghada\/\" target=\"_blank\" rel=\"noopener noreferrer\" data-stringify-link=\"https:\/\/james-mac.com\/unsere-tauchbasis-webcams-hurghada\/\" data-sk=\"tooltip_parent\">jeweiligen Seite<\/a>\u00a0findet ihr auch direkt die Tastenkombis zum Aktualisieren der Bilder!<\/p>\t\t\t\t\t\t\t\t<\/div>\n\t\t\t\t<\/div>\n\t\t\t\t<div class=\"elementor-element elementor-element-b431e0a elementor-widget elementor-widget-spacer\" data-id=\"b431e0a\" data-element_type=\"widget\" data-e-type=\"widget\" data-widget_type=\"spacer.default\">\n\t\t\t\t<div class=\"elementor-widget-container\">\n\t\t\t\t\t\t\t<div class=\"elementor-spacer\">\n\t\t\t<div class=\"elementor-spacer-inner\"><\/div>\n\t\t<\/div>\n\t\t\t\t\t\t<\/div>\n\t\t\t\t<\/div>\n\t\t\t\t<div class=\"elementor-element elementor-element-da068cb elementor-widget elementor-widget-image\" data-id=\"da068cb\" data-element_type=\"widget\" data-e-type=\"widget\" data-widget_type=\"image.default\">\n\t\t\t\t<div class=\"elementor-widget-container\">\n\t\t\t\t\t\t\t\t\t\t\t\t\t\t\t<img decoding=\"async\" width=\"640\" height=\"480\" src=\"https:\/\/james-mac.com\/wp-content\/uploads\/2021\/04\/Aegyptisches-Museum-Kairo-4x3-1-1024x768.jpg\" class=\"attachment-large size-large wp-image-18063\" alt=\"Unser R\u00fcckblick aus Hurghada zum Wochenende\" srcset=\"https:\/\/james-mac.com\/wp-content\/uploads\/2021\/04\/Aegyptisches-Museum-Kairo-4x3-1-1024x768.jpg 1024w, https:\/\/james-mac.com\/wp-content\/uploads\/2021\/04\/Aegyptisches-Museum-Kairo-4x3-1-300x225.jpg 300w, https:\/\/james-mac.com\/wp-content\/uploads\/2021\/04\/Aegyptisches-Museum-Kairo-4x3-1-768x576.jpg 768w, https:\/\/james-mac.com\/wp-content\/uploads\/2021\/04\/Aegyptisches-Museum-Kairo-4x3-1-1536x1152.jpg 1536w, https:\/\/james-mac.com\/wp-content\/uploads\/2021\/04\/Aegyptisches-Museum-Kairo-4x3-1-2048x1536.jpg 2048w, https:\/\/james-mac.com\/wp-content\/uploads\/2021\/04\/Aegyptisches-Museum-Kairo-4x3-1-16x12.jpg 16w, https:\/\/james-mac.com\/wp-content\/uploads\/2021\/04\/Aegyptisches-Museum-Kairo-4x3-1-155x116.jpg 155w\" sizes=\"(max-width: 640px) 100vw, 640px\" \/>\t\t\t\t\t\t\t\t\t\t\t\t\t\t\t<\/div>\n\t\t\t\t<\/div>\n\t\t\t\t<div class=\"elementor-element elementor-element-13ceb87c elementor-widget elementor-widget-spacer\" data-id=\"13ceb87c\" data-element_type=\"widget\" data-e-type=\"widget\" data-widget_type=\"spacer.default\">\n\t\t\t\t<div class=\"elementor-widget-container\">\n\t\t\t\t\t\t\t<div class=\"elementor-spacer\">\n\t\t\t<div class=\"elementor-spacer-inner\"><\/div>\n\t\t<\/div>\n\t\t\t\t\t\t<\/div>\n\t\t\t\t<\/div>\n\t\t\t\t<div class=\"elementor-element elementor-element-389c9a69 elementor-widget elementor-widget-heading\" data-id=\"389c9a69\" data-element_type=\"widget\" data-e-type=\"widget\" data-widget_type=\"heading.default\">\n\t\t\t\t<div class=\"elementor-widget-container\">\n\t\t\t\t\t<h3 class=\"elementor-heading-title elementor-size-default\">Neue Dauerausstellung im \u00c4gyptischen Museum mit deutscher Unterst\u00fctzung<\/h3>\t\t\t\t<\/div>\n\t\t\t\t<\/div>\n\t\t\t\t<div class=\"elementor-element elementor-element-655c917 elementor-widget elementor-widget-text-editor\" data-id=\"655c917\" data-element_type=\"widget\" data-e-type=\"widget\" data-widget_type=\"text-editor.default\">\n\t\t\t\t<div class=\"elementor-widget-container\">\n\t\t\t\t\t\t\t\t\t<p>Im \u201ealten\u201c \u00c4gyptischen Museum am Tahrir Platz in Kairo ist seit Kurzem eine neue hochinteressante <a class=\"c-link\" href=\"https:\/\/see.news\/new-perminant-exhibit-inaugurated-at-egyptian-museum-in-tahrir\" target=\"_blank\" rel=\"noopener noreferrer\" data-stringify-link=\"https:\/\/see.news\/new-perminant-exhibit-inaugurated-at-egyptian-museum-in-tahrir\" data-sk=\"tooltip_parent\">Dauerausstellung<\/a> mit dem Titel \u201eFarbige Szenen aus dem Tempel von Wadi al-Sebua von K\u00f6nig Amenhotep III.\u201c zu sehen. Der ramessidische Tempel von Wadi al-Sebua war den G\u00f6ttern Amun-Ra und Ra-Horakhty geweiht.<\/p><p>Die Ausstellung ist eine Zusammenarbeit zwischen dem \u00c4gyptischen Museum, der Universit\u00e4t M\u00fcnchen und dem Museum Hildesheim in Deutschland. An der Ausstellungser\u00f6ffnung nahmen der Generaldirektor des \u00c4gyptischen Museums, der Direktor des Deutschen Arch\u00e4ologischen Instituts in Kairo und weitere Arch\u00e4ologie-Professoren \u00e4gyptischer und deutscher Universit\u00e4ten teil. Die Ausstellung ist ein Teil der seit vielen Jahren bestehenden Zusammenarbeit zwischen dem Obersten Rat f\u00fcr Altert\u00fcmer und Deutschland.<\/p><p>Seit Jahren l\u00e4uft ein erfolgreiches Forschungsprojekt, das die arch\u00e4ologische Untersuchung und Restaurierung von sieben arch\u00e4ologischen Tafeln aus dem Tempel von K\u00f6nig Amenhotep III. in <a class=\"c-link\" href=\"https:\/\/egymonuments.gov.eg\/archaeological-sites\/temples-of-wadi-al-sebua\/\" target=\"_blank\" rel=\"noopener noreferrer\" data-stringify-link=\"https:\/\/egymonuments.gov.eg\/archaeological-sites\/temples-of-wadi-al-sebua\/\" data-sk=\"tooltip_parent\">Wadi al-Sebua<\/a>\u00a0umfasst. Der Tempel selbst wurde im Rahmen der Kampagne zur Rettung nubischer Denkm\u00e4ler gerettet. Die damals gefundenen Tafeln wurden in das \u00c4gyptische Museum in Kairo gebracht. Dort bewahrte man sie bis 2010 im Keller auf. Vor einiger Zeit hatte das \u00c4gyptische Museum dann begonnen, mit dem Hildesheimer Museum zu kooperieren, um die seltenen St\u00fccke zu untersuchen, zu restaurieren und zu pflegen, damit sie wieder ausgestellt werden konnten.<\/p><p>Die Tempel von Wadi al-Sebua erhielten ihren Namen aufgrund des von Sphinxen ges\u00e4umten Zugangs zu den Tempelvorh\u00f6fen. Im Rahmen der Internationalen Kampagne\u00a0<a class=\"c-link\" href=\"https:\/\/de.wikipedia.org\/wiki\/Nubische_Denkm%C3%A4ler_von_Abu_Simbel_bis_Philae\" target=\"_blank\" rel=\"noopener noreferrer\" data-stringify-link=\"https:\/\/de.wikipedia.org\/wiki\/Nubische_Denkm\u00e4ler_von_Abu_Simbel_bis_Philae\" data-sk=\"tooltip_parent\">zur Rettung der Denkm\u00e4ler<\/a> Nubiens hat man die Tempel in Wadi al-Sebua zusammen mit Abu Simbel, Philae, Amada und anderen nubischen arch\u00e4ologischen St\u00e4tten in den 1960er-Jahren um 4 Kilometer versetzt. Grund daf\u00fcr war der Bau des Assuan-Staudamms. W\u00e4ren die Tempel nicht versetzt worden, h\u00e4tte der Staudamm alle Tempel komplett geflutet und verschluckt. Alle diese Tempel wurden 1979 als Teil der nubischen Denkm\u00e4ler in die Liste des UNESCO-Weltkulturerbes aufgenommen.<\/p>\t\t\t\t\t\t\t\t<\/div>\n\t\t\t\t<\/div>\n\t\t\t\t<div class=\"elementor-element elementor-element-bdd6361 elementor-widget elementor-widget-spacer\" data-id=\"bdd6361\" data-element_type=\"widget\" data-e-type=\"widget\" data-widget_type=\"spacer.default\">\n\t\t\t\t<div class=\"elementor-widget-container\">\n\t\t\t\t\t\t\t<div class=\"elementor-spacer\">\n\t\t\t<div class=\"elementor-spacer-inner\"><\/div>\n\t\t<\/div>\n\t\t\t\t\t\t<\/div>\n\t\t\t\t<\/div>\n\t\t\t\t<div class=\"elementor-element elementor-element-50df9ab elementor-widget elementor-widget-html\" data-id=\"50df9ab\" data-element_type=\"widget\" data-e-type=\"widget\" data-widget_type=\"html.default\">\n\t\t\t\t<div class=\"elementor-widget-container\">\n\t\t\t\t\t<iframe width=\"560\" height=\"550\u00df\" src=\"https:\/\/www.youtube.com\/embed\/ghoor8da1lc?si=JZPLnCBivvqvkrx1\" title=\"YouTube video player\" frameborder=\"0\" allow=\"accelerometer; autoplay; clipboard-write; encrypted-media; gyroscope; picture-in-picture; web-share\" allowfullscreen><\/iframe>\t\t\t\t<\/div>\n\t\t\t\t<\/div>\n\t\t\t\t<div class=\"elementor-element elementor-element-681304c elementor-widget elementor-widget-spacer\" data-id=\"681304c\" data-element_type=\"widget\" data-e-type=\"widget\" data-widget_type=\"spacer.default\">\n\t\t\t\t<div class=\"elementor-widget-container\">\n\t\t\t\t\t\t\t<div class=\"elementor-spacer\">\n\t\t\t<div class=\"elementor-spacer-inner\"><\/div>\n\t\t<\/div>\n\t\t\t\t\t\t<\/div>\n\t\t\t\t<\/div>\n\t\t\t\t<div class=\"elementor-element elementor-element-4556563b elementor-widget elementor-widget-heading\" data-id=\"4556563b\" data-element_type=\"widget\" data-e-type=\"widget\" data-widget_type=\"heading.default\">\n\t\t\t\t<div class=\"elementor-widget-container\">\n\t\t\t\t\t<h3 class=\"elementor-heading-title elementor-size-default\">Neue Schnellbahn soll Verkehr in Alexandria entlasten<\/h3>\t\t\t\t<\/div>\n\t\t\t\t<\/div>\n\t\t\t\t<div class=\"elementor-element elementor-element-bafc2a9 elementor-widget elementor-widget-text-editor\" data-id=\"bafc2a9\" data-element_type=\"widget\" data-e-type=\"widget\" data-widget_type=\"text-editor.default\">\n\t\t\t\t<div class=\"elementor-widget-container\">\n\t\t\t\t\t\t\t\t\t<p>Vergangene Woche wurde offiziell bekannt gegeben, dass alle Voraussetzungen f\u00fcr die erste Phase einer neuen Schnellbahnlinie in Alexandria unter Dach und Fach sind. Das \u00c4gyptische Orascom Construction Konsortium und das franz\u00f6sische Unternehmen Colas Rail haben die Vertr\u00e4ge f\u00fcr den Bau <a class=\"c-link\" href=\"https:\/\/egyptindependent.com\/orascom-to-construct-new-metro-project-in-alexandria-worth-1-3-billion-euros\/?fbclid=IwAR04B5CV4yUsLufp5Z8vyYEW5asC0o6Rph0D8xbPUnzPMX4u3VuD4I75fNo\" target=\"_blank\" rel=\"noopener noreferrer\" data-stringify-link=\"https:\/\/egyptindependent.com\/orascom-to-construct-new-metro-project-in-alexandria-worth-1-3-billion-euros\/?fbclid=IwAR04B5CV4yUsLufp5Z8vyYEW5asC0o6Rph0D8xbPUnzPMX4u3VuD4I75fNo\" data-sk=\"tooltip_parent\">eines neuen Metro-Systems<\/a>\u00a0mit elektrischem Antrieb unterschrieben. Orascom Construction und Colas Rail haben bereits in der Vergangenheit bei anderen Projekten in \u00c4gypten zusammengearbeitet. Mit der neuen Schnellbahn sollen mehr Menschen in Alexandria effizient, sicher und umweltfreundlich an ihr Ziel kommen als jemals zuvor.<\/p><p><a class=\"c-link\" href=\"https:\/\/english.ahram.org.eg\/NewsContent\/1\/1235\/507917\/Egypt\/Urban--Transport\/FrenchEgyptian-consortium-to-convert-Alexandria-Me.aspx\" target=\"_blank\" rel=\"noopener noreferrer\" data-stringify-link=\"https:\/\/english.ahram.org.eg\/NewsContent\/1\/1235\/507917\/Egypt\/Urban--Transport\/FrenchEgyptian-consortium-to-convert-Alexandria-Me.aspx\" data-sk=\"tooltip_parent\">Das Projekt<\/a>\u00a0stellt einen wichtigen Meilenstein f\u00fcr die Modernisierung eines Verkehrssystems in Alexandria dar. Der gesamte Auftragswert f\u00fcr das Gro\u00dfprojekt bel\u00e4uft sich auf rund 1,3 Mrd. EUR. Die Finanzierung wird von der Europ\u00e4ischen Investitionsbank (EIB), der Europ\u00e4ischen Bank f\u00fcr Wiederaufbau und Entwicklung (EBWE), der Agence fran\u00e7aise de d\u00e9veloppement (AFD) und der Asiatischen Investitionsbank f\u00fcr Infrastruktur (AIIB) sichergestellt.<\/p><p>Das die erste Phase des Schnellbahn-Projekts soll eine L\u00e4nge von 21,7 km umfassen. 20 Stationen inklusive f\u00fcnf neuer Bahnh\u00f6fe soll die Linie beinhalten, die den Misr-Bahnhof im Stadtzentrum von Alexandria mit der nord\u00f6stlichen <a class=\"c-link\" href=\"https:\/\/de.wikipedia.org\/wiki\/Abukir\" target=\"_blank\" rel=\"noopener noreferrer\" data-stringify-link=\"https:\/\/de.wikipedia.org\/wiki\/Abukir\" data-sk=\"tooltip_parent\">Stadt Abu Qir<\/a>\u00a0verbinden. Die Strecke verl\u00e4uft parallel zur Mittelmeerk\u00fcste, zur Corniche und zu den bereits bestehenden Raml-Linien der Alexandria Tram.<\/p><p>Im Rahmen der umfassenden Modernisierung werden alle Z\u00fcge der alten Strecke auf Strom umgestellt. Die H\u00f6chstgeschwindigkeit der Z\u00fcge soll 100 km pro Stunde betragen statt der derzeitigen 25 km. Die neue Bahn soll st\u00fcndlich 60 000 Fahrg\u00e4ste in beide Richtungen bef\u00f6rdern, wobei die Fahrtzeit von Anfang bis Ende 25 statt 50 Minuten betr\u00e4gt. Durch die neue Linie soll das historische Stra\u00dfenbahnsystem entlastet und die stetigen Verkehrsstaus zu verringert werden.<\/p><p>Die erneuerte und erweiterte Strecke soll auch eine Anbindung an das noch im Bau befindliche landesweite Schnellbahnsystem bekommen, das Alamein im Nordwesten des Landes mit Sokhna im S\u00fcdosten am Roten Meer verbinden soll.<\/p>\t\t\t\t\t\t\t\t<\/div>\n\t\t\t\t<\/div>\n\t\t\t\t<div class=\"elementor-element elementor-element-d43694b elementor-widget elementor-widget-spacer\" data-id=\"d43694b\" data-element_type=\"widget\" data-e-type=\"widget\" data-widget_type=\"spacer.default\">\n\t\t\t\t<div class=\"elementor-widget-container\">\n\t\t\t\t\t\t\t<div class=\"elementor-spacer\">\n\t\t\t<div class=\"elementor-spacer-inner\"><\/div>\n\t\t<\/div>\n\t\t\t\t\t\t<\/div>\n\t\t\t\t<\/div>\n\t\t\t\t<div class=\"elementor-element elementor-element-b337408 elementor-widget elementor-widget-heading\" data-id=\"b337408\" data-element_type=\"widget\" data-e-type=\"widget\" data-widget_type=\"heading.default\">\n\t\t\t\t<div class=\"elementor-widget-container\">\n\t\t\t\t\t<h3 class=\"elementor-heading-title elementor-size-default\">Eine Septemberwoche am Roten Meer<\/h3>\t\t\t\t<\/div>\n\t\t\t\t<\/div>\n\t\t\t\t<div class=\"elementor-element elementor-element-69fa36c3 elementor-widget elementor-widget-text-editor\" data-id=\"69fa36c3\" data-element_type=\"widget\" data-e-type=\"widget\" data-widget_type=\"text-editor.default\">\n\t\t\t\t<div class=\"elementor-widget-container\">\n\t\t\t\t\t\t\t\t\t<p>Das war: eine Septemberwoche am Roten Meer. N\u00e4chste Woche gibt es wieder aktuelle Neuigkeiten von \u00c4gypten und anderswo <a href=\"https:\/\/james-mac.com\/en\/news-3\/\" target=\"_blank\" rel=\"noopener\">zu berichten<\/a>, wir halten euch auf dem Laufenden!<\/p>\t\t\t\t\t\t\t\t<\/div>\n\t\t\t\t<\/div>\n\t\t\t\t<div class=\"elementor-element elementor-element-4151c811 elementor-widget elementor-widget-text-editor\" data-id=\"4151c811\" data-element_type=\"widget\" data-e-type=\"widget\" data-widget_type=\"text-editor.default\">\n\t\t\t\t<div class=\"elementor-widget-container\">\n\t\t\t\t\t\t\t\t\t<p>Eine Septemberwoche am Roten Meer, James &amp; Mac Diving Center \u2013 Fotonachweise: James &amp; Mac, Pixabay, Verena Eisner<\/p>\t\t\t\t\t\t\t\t<\/div>\n\t\t\t\t<\/div>\n\t\t\t\t\t<\/div>\n\t\t<\/div>\n\t\t\t\t\t<\/div>\n\t\t<\/section>\n\t\t\t\t\t<\/div>\n\t\t<\/div>\n\t\t\t\t\t<\/div>\n\t\t<\/section>\n\t\t\t\t<\/div>","protected":false},"excerpt":{"rendered":"<p>Eine Septemberwoche am Roten Meer Auch in dieser Woche waren unsere Tauchlehrer wieder auf dem Roten Meer unterwegs und hatten von ihren Tauchausfahrten einiges zu berichten. Bei uns in Hurghada ist immer was los und auch anderswo, nicht nur in \u00c4gypten passierten aufregende Dinge. Hier kommt unser sp\u00e4tsommerlicher Wochenr\u00fcckblick \u00fcber eine Septemberwoche am Roten Meer: Sch\u00f6ne Tauchg\u00e4nge bei teils mystischer Stimmung Wir waren letzte Woche wie \u00fcblich auf dem Roten Meer unterwegs und haben nicht viel vom schlechten Wetter in&hellip;<\/p>","protected":false},"author":4,"featured_media":41014,"comment_status":"open","ping_status":"closed","sticky":false,"template":"","format":"standard","meta":{"footnotes":""},"categories":[1],"tags":[984,136,170,135,413,355],"class_list":["post-40994","post","type-post","status-publish","format-standard","has-post-thumbnail","hentry","category-blog-rotes-meer","tag-984","tag-aegypten","tag-hurghada","tag-rotes-meer","tag-rueckblick","tag-wochenrueckblick","post-has-thumbnail"],"yoast_head":"<!-- This site is optimized with the Yoast SEO plugin v27.4 - https:\/\/yoast.com\/product\/yoast-seo-wordpress\/ -->\n<title>Eine Septemberwoche am Roten Meer - James &amp; Mac Diving Center<\/title>\n<meta name=\"description\" content=\"Eine Septemberwoche am Roten Meer. Auch diese Woche blicken wir wieder auf Dinge zur\u00fcck, die in \u00c4gypten und anderswo passiert sind.\" \/>\n<meta name=\"robots\" content=\"index, follow, max-snippet:-1, max-image-preview:large, max-video-preview:-1\" \/>\n<link rel=\"canonical\" href=\"https:\/\/james-mac.com\/en\/eine-septemberwoche-am-roten-meer\/\" \/>\n<meta property=\"og:locale\" content=\"en_GB\" \/>\n<meta property=\"og:type\" content=\"article\" \/>\n<meta property=\"og:title\" content=\"Eine Septemberwoche am Roten Meer - James &amp; Mac Diving Center\" \/>\n<meta property=\"og:description\" content=\"Eine Septemberwoche am Roten Meer. Auch diese Woche blicken wir wieder auf Dinge zur\u00fcck, die in \u00c4gypten und anderswo passiert sind.\" \/>\n<meta property=\"og:url\" content=\"https:\/\/james-mac.com\/en\/eine-septemberwoche-am-roten-meer\/\" \/>\n<meta property=\"og:site_name\" content=\"James &amp; Mac Diving Center\" \/>\n<meta property=\"article:publisher\" content=\"https:\/\/www.facebook.com\/jamesandmac\/\" \/>\n<meta property=\"article:published_time\" content=\"2023-09-16T04:39:00+00:00\" \/>\n<meta property=\"article:modified_time\" content=\"2023-09-16T05:04:16+00:00\" \/>\n<meta property=\"og:image\" content=\"https:\/\/james-mac.com\/wp-content\/uploads\/2023\/09\/Abu-Mingar-Sandbank-Berg-Foto-Karin-4x3-1-scaled.jpg\" \/>\n\t<meta property=\"og:image:width\" content=\"2560\" \/>\n\t<meta property=\"og:image:height\" content=\"1920\" \/>\n\t<meta property=\"og:image:type\" content=\"image\/jpeg\" \/>\n<meta name=\"author\" content=\"Ameli\" \/>\n<meta name=\"twitter:card\" content=\"summary_large_image\" \/>\n<meta name=\"twitter:creator\" content=\"@James_Mac_HRG\" \/>\n<meta name=\"twitter:site\" content=\"@James_Mac_HRG\" \/>\n<meta name=\"twitter:label1\" content=\"Written by\" \/>\n\t<meta name=\"twitter:data1\" content=\"Ameli\" \/>\n\t<meta name=\"twitter:label2\" content=\"Estimated reading time\" \/>\n\t<meta name=\"twitter:data2\" content=\"9 minutes\" \/>\n<script type=\"application\/ld+json\" class=\"yoast-schema-graph\">{\"@context\":\"https:\\\/\\\/schema.org\",\"@graph\":[{\"@type\":\"Article\",\"@id\":\"https:\\\/\\\/james-mac.com\\\/eine-septemberwoche-am-roten-meer\\\/#article\",\"isPartOf\":{\"@id\":\"https:\\\/\\\/james-mac.com\\\/eine-septemberwoche-am-roten-meer\\\/\"},\"author\":{\"name\":\"Ameli\",\"@id\":\"https:\\\/\\\/james-mac.com\\\/#\\\/schema\\\/person\\\/bdad9b5a4498bd11efeed74d2676eee4\"},\"headline\":\"Eine Septemberwoche am Roten Meer\",\"datePublished\":\"2023-09-16T04:39:00+00:00\",\"dateModified\":\"2023-09-16T05:04:16+00:00\",\"mainEntityOfPage\":{\"@id\":\"https:\\\/\\\/james-mac.com\\\/eine-septemberwoche-am-roten-meer\\\/\"},\"wordCount\":1572,\"commentCount\":0,\"publisher\":{\"@id\":\"https:\\\/\\\/james-mac.com\\\/#organization\"},\"image\":{\"@id\":\"https:\\\/\\\/james-mac.com\\\/eine-septemberwoche-am-roten-meer\\\/#primaryimage\"},\"thumbnailUrl\":\"https:\\\/\\\/james-mac.com\\\/wp-content\\\/uploads\\\/2023\\\/09\\\/Abu-Mingar-Sandbank-Berg-Foto-Karin-4x3-1-scaled.jpg\",\"keywords\":[\"2023\",\"\u00c4gypten\",\"Hurghada\",\"Rotes Meer\",\"R\u00fcckblick\",\"Wochenr\u00fcckblick\"],\"articleSection\":[\"Blog Rotes Meer\"],\"inLanguage\":\"en-GB\",\"potentialAction\":[{\"@type\":\"CommentAction\",\"name\":\"Comment\",\"target\":[\"https:\\\/\\\/james-mac.com\\\/eine-septemberwoche-am-roten-meer\\\/#respond\"]}]},{\"@type\":\"WebPage\",\"@id\":\"https:\\\/\\\/james-mac.com\\\/eine-septemberwoche-am-roten-meer\\\/\",\"url\":\"https:\\\/\\\/james-mac.com\\\/eine-septemberwoche-am-roten-meer\\\/\",\"name\":\"Eine Septemberwoche am Roten Meer - James &amp; Mac Diving Center\",\"isPartOf\":{\"@id\":\"https:\\\/\\\/james-mac.com\\\/#website\"},\"primaryImageOfPage\":{\"@id\":\"https:\\\/\\\/james-mac.com\\\/eine-septemberwoche-am-roten-meer\\\/#primaryimage\"},\"image\":{\"@id\":\"https:\\\/\\\/james-mac.com\\\/eine-septemberwoche-am-roten-meer\\\/#primaryimage\"},\"thumbnailUrl\":\"https:\\\/\\\/james-mac.com\\\/wp-content\\\/uploads\\\/2023\\\/09\\\/Abu-Mingar-Sandbank-Berg-Foto-Karin-4x3-1-scaled.jpg\",\"datePublished\":\"2023-09-16T04:39:00+00:00\",\"dateModified\":\"2023-09-16T05:04:16+00:00\",\"description\":\"Eine Septemberwoche am Roten Meer. Auch diese Woche blicken wir wieder auf Dinge zur\u00fcck, die in \u00c4gypten und anderswo passiert sind.\",\"breadcrumb\":{\"@id\":\"https:\\\/\\\/james-mac.com\\\/eine-septemberwoche-am-roten-meer\\\/#breadcrumb\"},\"inLanguage\":\"en-GB\",\"potentialAction\":[{\"@type\":\"ReadAction\",\"target\":[\"https:\\\/\\\/james-mac.com\\\/eine-septemberwoche-am-roten-meer\\\/\"]}]},{\"@type\":\"ImageObject\",\"inLanguage\":\"en-GB\",\"@id\":\"https:\\\/\\\/james-mac.com\\\/eine-septemberwoche-am-roten-meer\\\/#primaryimage\",\"url\":\"https:\\\/\\\/james-mac.com\\\/wp-content\\\/uploads\\\/2023\\\/09\\\/Abu-Mingar-Sandbank-Berg-Foto-Karin-4x3-1-scaled.jpg\",\"contentUrl\":\"https:\\\/\\\/james-mac.com\\\/wp-content\\\/uploads\\\/2023\\\/09\\\/Abu-Mingar-Sandbank-Berg-Foto-Karin-4x3-1-scaled.jpg\",\"width\":2560,\"height\":1920,\"caption\":\"Eine Septemberwoche am Roten Meer\"},{\"@type\":\"BreadcrumbList\",\"@id\":\"https:\\\/\\\/james-mac.com\\\/eine-septemberwoche-am-roten-meer\\\/#breadcrumb\",\"itemListElement\":[{\"@type\":\"ListItem\",\"position\":1,\"name\":\"Home\",\"item\":\"https:\\\/\\\/james-mac.com\\\/\"},{\"@type\":\"ListItem\",\"position\":2,\"name\":\"Blog Rotes Meer\",\"item\":\"https:\\\/\\\/james-mac.com\\\/en\\\/category\\\/blog-rotes-meer\\\/\"},{\"@type\":\"ListItem\",\"position\":3,\"name\":\"Eine Septemberwoche am Roten Meer\"}]},{\"@type\":\"WebSite\",\"@id\":\"https:\\\/\\\/james-mac.com\\\/#website\",\"url\":\"https:\\\/\\\/james-mac.com\\\/\",\"name\":\"James &amp; Mac Diving Center\",\"description\":\"Red sea diving since 1987\",\"publisher\":{\"@id\":\"https:\\\/\\\/james-mac.com\\\/#organization\"},\"potentialAction\":[{\"@type\":\"SearchAction\",\"target\":{\"@type\":\"EntryPoint\",\"urlTemplate\":\"https:\\\/\\\/james-mac.com\\\/?s={search_term_string}\"},\"query-input\":{\"@type\":\"PropertyValueSpecification\",\"valueRequired\":true,\"valueName\":\"search_term_string\"}}],\"inLanguage\":\"en-GB\"},{\"@type\":\"Organization\",\"@id\":\"https:\\\/\\\/james-mac.com\\\/#organization\",\"name\":\"James & Mac\",\"url\":\"https:\\\/\\\/james-mac.com\\\/\",\"logo\":{\"@type\":\"ImageObject\",\"inLanguage\":\"en-GB\",\"@id\":\"https:\\\/\\\/james-mac.com\\\/#\\\/schema\\\/logo\\\/image\\\/\",\"url\":\"\",\"contentUrl\":\"\",\"caption\":\"James & Mac\"},\"image\":{\"@id\":\"https:\\\/\\\/james-mac.com\\\/#\\\/schema\\\/logo\\\/image\\\/\"},\"sameAs\":[\"https:\\\/\\\/www.facebook.com\\\/jamesandmac\\\/\",\"https:\\\/\\\/x.com\\\/James_Mac_HRG\",\"https:\\\/\\\/www.instagram.com\\\/jamesundmacdiving\\\/\",\"https:\\\/\\\/www.youtube.com\\\/user\\\/james1987mac\"]},{\"@type\":\"Person\",\"@id\":\"https:\\\/\\\/james-mac.com\\\/#\\\/schema\\\/person\\\/bdad9b5a4498bd11efeed74d2676eee4\",\"name\":\"Ameli\",\"image\":{\"@type\":\"ImageObject\",\"inLanguage\":\"en-GB\",\"@id\":\"https:\\\/\\\/secure.gravatar.com\\\/avatar\\\/815b16a62dd9759f01ae110606d38d9d0fe57f307e2639ca16c1d626d7a6762d?s=96&r=g\",\"url\":\"https:\\\/\\\/secure.gravatar.com\\\/avatar\\\/815b16a62dd9759f01ae110606d38d9d0fe57f307e2639ca16c1d626d7a6762d?s=96&r=g\",\"contentUrl\":\"https:\\\/\\\/secure.gravatar.com\\\/avatar\\\/815b16a62dd9759f01ae110606d38d9d0fe57f307e2639ca16c1d626d7a6762d?s=96&r=g\",\"caption\":\"Ameli\"},\"url\":\"https:\\\/\\\/james-mac.com\\\/en\\\/author\\\/ameli\\\/\"}]}<\/script>\n<!-- \/ Yoast SEO plugin. -->","yoast_head_json":{"title":"Eine Septemberwoche am Roten Meer - James &amp; Mac Diving Center","description":"Eine Septemberwoche am Roten Meer. Auch diese Woche blicken wir wieder auf Dinge zur\u00fcck, die in \u00c4gypten und anderswo passiert sind.","robots":{"index":"index","follow":"follow","max-snippet":"max-snippet:-1","max-image-preview":"max-image-preview:large","max-video-preview":"max-video-preview:-1"},"canonical":"https:\/\/james-mac.com\/en\/eine-septemberwoche-am-roten-meer\/","og_locale":"en_GB","og_type":"article","og_title":"Eine Septemberwoche am Roten Meer - James &amp; Mac Diving Center","og_description":"Eine Septemberwoche am Roten Meer. Auch diese Woche blicken wir wieder auf Dinge zur\u00fcck, die in \u00c4gypten und anderswo passiert sind.","og_url":"https:\/\/james-mac.com\/en\/eine-septemberwoche-am-roten-meer\/","og_site_name":"James &amp; Mac Diving Center","article_publisher":"https:\/\/www.facebook.com\/jamesandmac\/","article_published_time":"2023-09-16T04:39:00+00:00","article_modified_time":"2023-09-16T05:04:16+00:00","og_image":[{"width":2560,"height":1920,"url":"https:\/\/james-mac.com\/wp-content\/uploads\/2023\/09\/Abu-Mingar-Sandbank-Berg-Foto-Karin-4x3-1-scaled.jpg","type":"image\/jpeg"}],"author":"Ameli","twitter_card":"summary_large_image","twitter_creator":"@James_Mac_HRG","twitter_site":"@James_Mac_HRG","twitter_misc":{"Written by":"Ameli","Estimated reading time":"9 minutes"},"schema":{"@context":"https:\/\/schema.org","@graph":[{"@type":"Article","@id":"https:\/\/james-mac.com\/eine-septemberwoche-am-roten-meer\/#article","isPartOf":{"@id":"https:\/\/james-mac.com\/eine-septemberwoche-am-roten-meer\/"},"author":{"name":"Ameli","@id":"https:\/\/james-mac.com\/#\/schema\/person\/bdad9b5a4498bd11efeed74d2676eee4"},"headline":"Eine Septemberwoche am Roten Meer","datePublished":"2023-09-16T04:39:00+00:00","dateModified":"2023-09-16T05:04:16+00:00","mainEntityOfPage":{"@id":"https:\/\/james-mac.com\/eine-septemberwoche-am-roten-meer\/"},"wordCount":1572,"commentCount":0,"publisher":{"@id":"https:\/\/james-mac.com\/#organization"},"image":{"@id":"https:\/\/james-mac.com\/eine-septemberwoche-am-roten-meer\/#primaryimage"},"thumbnailUrl":"https:\/\/james-mac.com\/wp-content\/uploads\/2023\/09\/Abu-Mingar-Sandbank-Berg-Foto-Karin-4x3-1-scaled.jpg","keywords":["2023","\u00c4gypten","Hurghada","Rotes Meer","R\u00fcckblick","Wochenr\u00fcckblick"],"articleSection":["Blog Rotes Meer"],"inLanguage":"en-GB","potentialAction":[{"@type":"CommentAction","name":"Comment","target":["https:\/\/james-mac.com\/eine-septemberwoche-am-roten-meer\/#respond"]}]},{"@type":"WebPage","@id":"https:\/\/james-mac.com\/eine-septemberwoche-am-roten-meer\/","url":"https:\/\/james-mac.com\/eine-septemberwoche-am-roten-meer\/","name":"Eine Septemberwoche am Roten Meer - James &amp; Mac Diving Center","isPartOf":{"@id":"https:\/\/james-mac.com\/#website"},"primaryImageOfPage":{"@id":"https:\/\/james-mac.com\/eine-septemberwoche-am-roten-meer\/#primaryimage"},"image":{"@id":"https:\/\/james-mac.com\/eine-septemberwoche-am-roten-meer\/#primaryimage"},"thumbnailUrl":"https:\/\/james-mac.com\/wp-content\/uploads\/2023\/09\/Abu-Mingar-Sandbank-Berg-Foto-Karin-4x3-1-scaled.jpg","datePublished":"2023-09-16T04:39:00+00:00","dateModified":"2023-09-16T05:04:16+00:00","description":"Eine Septemberwoche am Roten Meer. Auch diese Woche blicken wir wieder auf Dinge zur\u00fcck, die in \u00c4gypten und anderswo passiert sind.","breadcrumb":{"@id":"https:\/\/james-mac.com\/eine-septemberwoche-am-roten-meer\/#breadcrumb"},"inLanguage":"en-GB","potentialAction":[{"@type":"ReadAction","target":["https:\/\/james-mac.com\/eine-septemberwoche-am-roten-meer\/"]}]},{"@type":"ImageObject","inLanguage":"en-GB","@id":"https:\/\/james-mac.com\/eine-septemberwoche-am-roten-meer\/#primaryimage","url":"https:\/\/james-mac.com\/wp-content\/uploads\/2023\/09\/Abu-Mingar-Sandbank-Berg-Foto-Karin-4x3-1-scaled.jpg","contentUrl":"https:\/\/james-mac.com\/wp-content\/uploads\/2023\/09\/Abu-Mingar-Sandbank-Berg-Foto-Karin-4x3-1-scaled.jpg","width":2560,"height":1920,"caption":"Eine Septemberwoche am Roten Meer"},{"@type":"BreadcrumbList","@id":"https:\/\/james-mac.com\/eine-septemberwoche-am-roten-meer\/#breadcrumb","itemListElement":[{"@type":"ListItem","position":1,"name":"Home","item":"https:\/\/james-mac.com\/"},{"@type":"ListItem","position":2,"name":"Blog Rotes Meer","item":"https:\/\/james-mac.com\/en\/category\/blog-rotes-meer\/"},{"@type":"ListItem","position":3,"name":"Eine Septemberwoche am Roten Meer"}]},{"@type":"WebSite","@id":"https:\/\/james-mac.com\/#website","url":"https:\/\/james-mac.com\/","name":"James &amp; Mac Diving Center","description":"Red sea diving since 1987","publisher":{"@id":"https:\/\/james-mac.com\/#organization"},"potentialAction":[{"@type":"SearchAction","target":{"@type":"EntryPoint","urlTemplate":"https:\/\/james-mac.com\/?s={search_term_string}"},"query-input":{"@type":"PropertyValueSpecification","valueRequired":true,"valueName":"search_term_string"}}],"inLanguage":"en-GB"},{"@type":"Organization","@id":"https:\/\/james-mac.com\/#organization","name":"James &amp; Mac","url":"https:\/\/james-mac.com\/","logo":{"@type":"ImageObject","inLanguage":"en-GB","@id":"https:\/\/james-mac.com\/#\/schema\/logo\/image\/","url":"","contentUrl":"","caption":"James & Mac"},"image":{"@id":"https:\/\/james-mac.com\/#\/schema\/logo\/image\/"},"sameAs":["https:\/\/www.facebook.com\/jamesandmac\/","https:\/\/x.com\/James_Mac_HRG","https:\/\/www.instagram.com\/jamesundmacdiving\/","https:\/\/www.youtube.com\/user\/james1987mac"]},{"@type":"Person","@id":"https:\/\/james-mac.com\/#\/schema\/person\/bdad9b5a4498bd11efeed74d2676eee4","name":"Ameli","image":{"@type":"ImageObject","inLanguage":"en-GB","@id":"https:\/\/secure.gravatar.com\/avatar\/815b16a62dd9759f01ae110606d38d9d0fe57f307e2639ca16c1d626d7a6762d?s=96&r=g","url":"https:\/\/secure.gravatar.com\/avatar\/815b16a62dd9759f01ae110606d38d9d0fe57f307e2639ca16c1d626d7a6762d?s=96&r=g","contentUrl":"https:\/\/secure.gravatar.com\/avatar\/815b16a62dd9759f01ae110606d38d9d0fe57f307e2639ca16c1d626d7a6762d?s=96&r=g","caption":"Ameli"},"url":"https:\/\/james-mac.com\/en\/author\/ameli\/"}]}},"_links":{"self":[{"href":"https:\/\/james-mac.com\/en\/wp-json\/wp\/v2\/posts\/40994","targetHints":{"allow":["GET"]}}],"collection":[{"href":"https:\/\/james-mac.com\/en\/wp-json\/wp\/v2\/posts"}],"about":[{"href":"https:\/\/james-mac.com\/en\/wp-json\/wp\/v2\/types\/post"}],"author":[{"embeddable":true,"href":"https:\/\/james-mac.com\/en\/wp-json\/wp\/v2\/users\/4"}],"replies":[{"embeddable":true,"href":"https:\/\/james-mac.com\/en\/wp-json\/wp\/v2\/comments?post=40994"}],"version-history":[{"count":45,"href":"https:\/\/james-mac.com\/en\/wp-json\/wp\/v2\/posts\/40994\/revisions"}],"predecessor-version":[{"id":41061,"href":"https:\/\/james-mac.com\/en\/wp-json\/wp\/v2\/posts\/40994\/revisions\/41061"}],"wp:featuredmedia":[{"embeddable":true,"href":"https:\/\/james-mac.com\/en\/wp-json\/wp\/v2\/media\/41014"}],"wp:attachment":[{"href":"https:\/\/james-mac.com\/en\/wp-json\/wp\/v2\/media?parent=40994"}],"wp:term":[{"taxonomy":"category","embeddable":true,"href":"https:\/\/james-mac.com\/en\/wp-json\/wp\/v2\/categories?post=40994"},{"taxonomy":"post_tag","embeddable":true,"href":"https:\/\/james-mac.com\/en\/wp-json\/wp\/v2\/tags?post=40994"}],"curies":[{"name":"wp","href":"https:\/\/api.w.org\/{rel}","templated":true}]}}