{"id":43375,"date":"2023-12-09T06:30:00","date_gmt":"2023-12-09T05:30:00","guid":{"rendered":"https:\/\/james-mac.com\/?p=43375"},"modified":"2023-12-09T07:23:54","modified_gmt":"2023-12-09T06:23:54","slug":"die-erste-adventswoche-am-roten-meer","status":"publish","type":"post","link":"https:\/\/james-mac.com\/en\/die-erste-adventswoche-am-roten-meer\/","title":{"rendered":"Die erste Adventswoche am Roten Meer"},"content":{"rendered":"<div data-elementor-type=\"wp-post\" data-elementor-id=\"43375\" class=\"elementor elementor-43375\" data-elementor-post-type=\"post\">\n\t\t\t\t\t\t<section data-particle_enable=\"false\" data-particle-mobile-disabled=\"false\" class=\"elementor-section elementor-top-section elementor-element elementor-element-227703b9 elementor-section-boxed elementor-section-height-default elementor-section-height-default\" data-id=\"227703b9\" data-element_type=\"section\" data-e-type=\"section\">\n\t\t\t\t\t\t<div class=\"elementor-container elementor-column-gap-default\">\n\t\t\t\t\t<div class=\"elementor-column elementor-col-100 elementor-top-column elementor-element elementor-element-f4ad3dd\" data-id=\"f4ad3dd\" data-element_type=\"column\" data-e-type=\"column\">\n\t\t\t<div class=\"elementor-widget-wrap elementor-element-populated\">\n\t\t\t\t\t\t<section data-particle_enable=\"false\" data-particle-mobile-disabled=\"false\" class=\"elementor-section elementor-inner-section elementor-element elementor-element-cc199a4 elementor-section-boxed elementor-section-height-default elementor-section-height-default\" data-id=\"cc199a4\" data-element_type=\"section\" data-e-type=\"section\">\n\t\t\t\t\t\t<div class=\"elementor-container elementor-column-gap-default\">\n\t\t\t\t\t<div class=\"elementor-column elementor-col-100 elementor-inner-column elementor-element elementor-element-fa3966e\" data-id=\"fa3966e\" data-element_type=\"column\" data-e-type=\"column\">\n\t\t\t<div class=\"elementor-widget-wrap elementor-element-populated\">\n\t\t\t\t\r\n\t\t<div class=\"elementor-element elementor-element-2f56543a elementor-post-navigation-borders-yes elementor-widget elementor-widget-post-navigation\" data-id=\"2f56543a\" data-element_type=\"widget\" data-e-type=\"widget\" data-widget_type=\"post-navigation.default\">\n\t\t\t\t<div class=\"elementor-widget-container\">\n\t\t\t\t\t\t\t<div class=\"elementor-post-navigation\" role=\"navigation\" aria-label=\"Post Navigation\">\n\t\t\t<div class=\"elementor-post-navigation__prev elementor-post-navigation__link\">\n\t\t\t\t<a href=\"https:\/\/james-mac.com\/en\/ein-herzliches-happy-birthday-fuer-nicole\/\" rel=\"prev\"><span class=\"post-navigation__arrow-wrapper post-navigation__arrow-prev\"><i aria-hidden=\"true\" class=\"fas fa-angle-left\"><\/i><span class=\"elementor-screen-only\">Prev<\/span><\/span><span class=\"elementor-post-navigation__link__prev\"><span class=\"post-navigation__prev--label\">Voriger<\/span><span class=\"post-navigation__prev--title\">Ein herzliches Happy Birthday f\u00fcr Nicole<\/span><\/span><\/a>\t\t\t<\/div>\n\t\t\t\t\t\t\t<div class=\"elementor-post-navigation__separator-wrapper\">\n\t\t\t\t\t<div class=\"elementor-post-navigation__separator\"><\/div>\n\t\t\t\t<\/div>\n\t\t\t\t\t\t<div class=\"elementor-post-navigation__next elementor-post-navigation__link\">\n\t\t\t\t<a href=\"https:\/\/james-mac.com\/en\/zum-geburtstag-alles-liebe-fuer-sabina\/\" rel=\"next\"><span class=\"elementor-post-navigation__link__next\"><span class=\"post-navigation__next--label\">N\u00e4chster<\/span><span class=\"post-navigation__next--title\">Zum Geburtstag alles Liebe f\u00fcr Sabina<\/span><\/span><span class=\"post-navigation__arrow-wrapper post-navigation__arrow-next\"><i aria-hidden=\"true\" class=\"fas fa-angle-right\"><\/i><span class=\"elementor-screen-only\">Next<\/span><\/span><\/a>\t\t\t<\/div>\n\t\t<\/div>\n\t\t\t\t\t\t<\/div>\n\t\t\t\t<\/div>\n\t\t\t\t<div class=\"elementor-element elementor-element-50289923 elementor-widget elementor-widget-shortcode\" data-id=\"50289923\" data-element_type=\"widget\" data-e-type=\"widget\" data-widget_type=\"shortcode.default\">\n\t\t\t\t<div class=\"elementor-widget-container\">\n\t\t\t\t\t\t\t<div class=\"elementor-shortcode\"><\/div>\n\t\t\t\t\t\t<\/div>\n\t\t\t\t<\/div>\n\t\t\t\t<div class=\"elementor-element elementor-element-657f44db elementor-widget elementor-widget-spacer\" data-id=\"657f44db\" data-element_type=\"widget\" data-e-type=\"widget\" data-widget_type=\"spacer.default\">\n\t\t\t\t<div class=\"elementor-widget-container\">\n\t\t\t\t\t\t\t<div class=\"elementor-spacer\">\n\t\t\t<div class=\"elementor-spacer-inner\"><\/div>\n\t\t<\/div>\n\t\t\t\t\t\t<\/div>\n\t\t\t\t<\/div>\n\t\t\t\t<div class=\"elementor-element elementor-element-1dd68d7e elementor-widget elementor-widget-heading\" data-id=\"1dd68d7e\" data-element_type=\"widget\" data-e-type=\"widget\" data-widget_type=\"heading.default\">\n\t\t\t\t<div class=\"elementor-widget-container\">\n\t\t\t\t\t<h3 class=\"elementor-heading-title elementor-size-default\">Die erste Adventswoche am Roten Meer<\/h3>\t\t\t\t<\/div>\n\t\t\t\t<\/div>\n\t\t\t\t<div class=\"elementor-element elementor-element-51b9a289 elementor-widget elementor-widget-text-editor\" data-id=\"51b9a289\" data-element_type=\"widget\" data-e-type=\"widget\" data-widget_type=\"text-editor.default\">\n\t\t\t\t<div class=\"elementor-widget-container\">\n\t\t\t\t\t\t\t\t\t<p>Auch in dieser Woche waren unsere Tauchlehrer wieder auf dem Roten Meer unterwegs und hatten von ihren <a href=\"https:\/\/james-mac.com\/en\/taegliche-tauchausfahrten\/\" target=\"_blank\" rel=\"noopener\">Diving Trips<\/a> einiges zu berichten. Bei uns in Hurghada ist immer was los und auch anderswo, nicht nur in \u00c4gypten passierten aufregende Dinge. Hier kommt unser Wochenr\u00fcckblick \u00fcber die erste Adventswoche am Roten Meer:<\/p>\t\t\t\t\t\t\t\t<\/div>\n\t\t\t\t<\/div>\n\t\t\t\t<div class=\"elementor-element elementor-element-2280868d elementor-widget elementor-widget-spacer\" data-id=\"2280868d\" data-element_type=\"widget\" data-e-type=\"widget\" data-widget_type=\"spacer.default\">\n\t\t\t\t<div class=\"elementor-widget-container\">\n\t\t\t\t\t\t\t<div class=\"elementor-spacer\">\n\t\t\t<div class=\"elementor-spacer-inner\"><\/div>\n\t\t<\/div>\n\t\t\t\t\t\t<\/div>\n\t\t\t\t<\/div>\n\t\t\t\t<div class=\"elementor-element elementor-element-db33d68 elementor-widget elementor-widget-video\" data-id=\"db33d68\" data-element_type=\"widget\" data-e-type=\"widget\" data-settings=\"{&quot;video_type&quot;:&quot;hosted&quot;,&quot;start&quot;:2,&quot;controls&quot;:&quot;yes&quot;}\" data-widget_type=\"video.default\">\n\t\t\t\t<div class=\"elementor-widget-container\">\n\t\t\t\t\t\t\t<div class=\"e-hosted-video elementor-wrapper elementor-open-inline\">\n\t\t\t\t\t<video class=\"elementor-video\" src=\"https:\/\/james-mac.com\/wp-content\/uploads\/2023\/12\/Mola-Mola-Dez-23.mp4#t=2\" controls=\"\" preload=\"metadata\" controlslist=\"nodownload\" poster=\"https:\/\/james-mac.com\/wp-content\/uploads\/2023\/12\/Mondfisch-Nahaufnahme-Foto-Sebastian-4x3-1.jpg\"><\/video>\n\t\t\t\t<\/div>\n\t\t\t\t\t\t<\/div>\n\t\t\t\t<\/div>\n\t\t\t\t<div class=\"elementor-element elementor-element-5d5e3d0 elementor-widget elementor-widget-spacer\" data-id=\"5d5e3d0\" data-element_type=\"widget\" data-e-type=\"widget\" data-widget_type=\"spacer.default\">\n\t\t\t\t<div class=\"elementor-widget-container\">\n\t\t\t\t\t\t\t<div class=\"elementor-spacer\">\n\t\t\t<div class=\"elementor-spacer-inner\"><\/div>\n\t\t<\/div>\n\t\t\t\t\t\t<\/div>\n\t\t\t\t<\/div>\n\t\t\t\t<div class=\"elementor-element elementor-element-113b441 elementor-widget elementor-widget-heading\" data-id=\"113b441\" data-element_type=\"widget\" data-e-type=\"widget\" data-widget_type=\"heading.default\">\n\t\t\t\t<div class=\"elementor-widget-container\">\n\t\t\t\t\t<h3 class=\"elementor-heading-title elementor-size-default\">Viele Richen Sichtungen und sch\u00f6ne Touren im Norden und S\u00fcden<\/h3>\t\t\t\t<\/div>\n\t\t\t\t<\/div>\n\t\t\t\t<div class=\"elementor-element elementor-element-ece2189 elementor-widget__width-initial elementor-widget elementor-widget-text-editor\" data-id=\"ece2189\" data-element_type=\"widget\" data-e-type=\"widget\" data-widget_type=\"text-editor.default\">\n\t\t\t\t<div class=\"elementor-widget-container\">\n\t\t\t\t\t\t\t\t\t<p>Auch in der ersten Adventswoche konnten wir uns \u00fcber das Wetter in \u00c4gypten nicht beklagen. Temperaturen um die 30 \u00b0C, wenig Wind und gelegentlich mal eine Wolke am Himmel, besser kann es fast nicht sein. F\u00fcr uns Grund genug, mit unserer Bahlul auf gro\u00dfe Fahrt zu gehen. Und das hat sich gelohnt! Ob im Norden oder im S\u00fcden, \u00fcberall gab es was zu entdecken und zu erleben.<\/p><p>Am vergangenen Samstag lie\u00dfen wir es erstmal ruhig angehen. Unser Tauchkurs machte seine ersten Freiwassererfahrungen auf dem Magawish Plateau, andere erkundeten die sch\u00f6nen flachen Pl\u00e4tze von Shaab Eshta und Shaab Tiffany. Wieder andere waren <a href=\"https:\/\/james-mac.com\/en\/auch-ohne-haie-ein-superschoener-tauchtag\/\" target=\"_blank\" rel=\"noopener\">bei Gorgonia<\/a> zwar auf die Suche nach Haien, freuten sich dann aber genauso \u00fcber die Adlerrochen, die ihnen unterwegs begegneten.<\/p><p>Auch am Sonntag ging es sehr entspannt zu am Roten Meer. Wind gab es keinen und so war die Bahn frei f\u00fcr den Norden. Bei Umm Gamar, in Shaab Rur und am Carless Reef gab es viele Fische und wenig andere Taucher. Traumhafte Bedingungen also, die wir in jeder Hinsicht ausnutzten. Besonderes Gl\u00fcck hatten unsere G\u00e4ste bei der Einsteigertour. In Fanadir gesellte sich <a href=\"https:\/\/james-mac.com\/en\/ein-teuflisch-guter-tag-unterwasser\/\" target=\"_blank\" rel=\"noopener\">ein Geigenrochen<\/a> zu den Federschw\u00e4nzen. F\u00fcr uns ist das jedes Mal ein ganz besonderes Ereignis!<\/p>\t\t\t\t\t\t\t\t<\/div>\n\t\t\t\t<\/div>\n\t\t\t\t<div class=\"elementor-element elementor-element-cf2a99b elementor-widget elementor-widget-spacer\" data-id=\"cf2a99b\" data-element_type=\"widget\" data-e-type=\"widget\" data-widget_type=\"spacer.default\">\n\t\t\t\t<div class=\"elementor-widget-container\">\n\t\t\t\t\t\t\t<div class=\"elementor-spacer\">\n\t\t\t<div class=\"elementor-spacer-inner\"><\/div>\n\t\t<\/div>\n\t\t\t\t\t\t<\/div>\n\t\t\t\t<\/div>\n\t\t\t\t<div class=\"elementor-element elementor-element-5f71b1f elementor-widget elementor-widget-heading\" data-id=\"5f71b1f\" data-element_type=\"widget\" data-e-type=\"widget\" data-widget_type=\"heading.default\">\n\t\t\t\t<div class=\"elementor-widget-container\">\n\t\t\t\t\t<h3 class=\"elementor-heading-title elementor-size-default\">Delfine, Mola Molas und spannende Touren mit der Bahlul<\/h3>\t\t\t\t<\/div>\n\t\t\t\t<\/div>\n\t\t\t\t<div class=\"elementor-element elementor-element-2190060 elementor-widget__width-initial elementor-widget elementor-widget-text-editor\" data-id=\"2190060\" data-element_type=\"widget\" data-e-type=\"widget\" data-widget_type=\"text-editor.default\">\n\t\t\t\t<div class=\"elementor-widget-container\">\n\t\t\t\t\t\t\t\t\t<p>Am Montag startete unsere Bahlul richtig durch. Eine Fahrt <a href=\"https:\/\/james-mac.com\/en\/mit-guter-laune-unterwegs-zur-thistlegorm\/\" target=\"_blank\" rel=\"noopener\">zur Thistlegorm<\/a> stand an, also machten sich unsere G\u00e4ste samt Guides bereits um 5.30 Uhr morgens auf den Weg. Der Weg \u00fcber die Stra\u00dfe von Gubal war kein Problem und nach vier Stunden kreisten unsere Wrackfans bereits um die Thistlegorm. Einmal innen und einmal au\u00dfen, erforschten sie das alte Kriegsschiff. Zwei Tauchg\u00e4nge und viele gl\u00fcckliche Gesichter sp\u00e4ter, gings dann auch schon wieder Richtung Heimathafen.<\/p><p>Kaum wieder zu Hause, einmal vollgetankt und neu beladen, zog unser Flaggschiff am n\u00e4chsten Morgen schon wieder los. Diesmal ging die Reise in den S\u00fcden mit dem ersten Ziel Abu Kafan. Wir erkundeten erst die Nordseite und dann die S\u00fcdseite. Wie bei jedem Ausflug nach Abu Kafan, waren alle begeistert und erstaunt \u00fcber die Korallenvielfalt und den Blick in die Tiefe des Drop Offs. Zum Nachttauchen und \u00fcbernachten ging es nach Shaab Sheer, einem kleinen und sehr feinen Platz in der N\u00e4he.<\/p><p>Fr\u00fch am n\u00e4chsten Morgen d\u00fcste die Bahlul dann Richtung Panorama Reef zum Early Morning Dive. An der Ostseite des Riffs trafen wir auf Fischschw\u00e4rme, und eine imposante Landschaft. Das echte Highlight folgte dann sp\u00e4ter. Sowohl beim zweiten Tauchgang am Panorama Reef als auch beim letzten Tauchgang in Ras Disha hatten unsere Minisafarig\u00e4ste das unbeschreibliche Gl\u00fcck, gleich <a href=\"https:\/\/james-mac.com\/en\/heute-waren-die-drop-offs-die-highlights\/\" target=\"_blank\" rel=\"noopener\">drei Mondfische<\/a> anzutreffen. Einfach nur toll!<\/p><p>Und weil es sch\u00f6n war, gings am Donnerstag noch einmal in den Norden. Wo waren wir diese Woche noch nicht? Richtig &#8211; in <a href=\"https:\/\/james-mac.com\/en\/mit-musik-und-guter-laune-nach-abu-nuhas\/\" target=\"_blank\" rel=\"noopener\">Abu Nuhas<\/a>! Gesagt, getan, sprangen wir einmal bei der Giannis D und einmal bei der Chrisoula K ins k\u00fchle Nass. Die Tauchg\u00e4nge machten allen viel Spa\u00df, innen und au\u00dfen gab es viel zu bestaunen. Anschlie\u00dfend gings beim Mittagessen wieder Richtung Hurghada. Das war es aus dieser Woche und wir freuen uns auf die n\u00e4chste!<\/p>\t\t\t\t\t\t\t\t<\/div>\n\t\t\t\t<\/div>\n\t\t\t\t<div class=\"elementor-element elementor-element-96849f7 elementor-widget elementor-widget-spacer\" data-id=\"96849f7\" data-element_type=\"widget\" data-e-type=\"widget\" data-widget_type=\"spacer.default\">\n\t\t\t\t<div class=\"elementor-widget-container\">\n\t\t\t\t\t\t\t<div class=\"elementor-spacer\">\n\t\t\t<div class=\"elementor-spacer-inner\"><\/div>\n\t\t<\/div>\n\t\t\t\t\t\t<\/div>\n\t\t\t\t<\/div>\n\t\t\t\t<div class=\"elementor-element elementor-element-10b1cb0 elementor-widget elementor-widget-image\" data-id=\"10b1cb0\" data-element_type=\"widget\" data-e-type=\"widget\" data-widget_type=\"image.default\">\n\t\t\t\t<div class=\"elementor-widget-container\">\n\t\t\t\t\t\t\t\t\t\t\t\t\t\t\t<img fetchpriority=\"high\" decoding=\"async\" width=\"640\" height=\"480\" src=\"https:\/\/james-mac.com\/wp-content\/uploads\/2023\/12\/Delfine-Paerchen-Oberflaeche-Foto-JM-4x3-1-1024x768.jpg\" class=\"attachment-large size-large wp-image-43296\" alt=\"Die erste Adventswoche am Roten Meer\" srcset=\"https:\/\/james-mac.com\/wp-content\/uploads\/2023\/12\/Delfine-Paerchen-Oberflaeche-Foto-JM-4x3-1-1024x768.jpg 1024w, https:\/\/james-mac.com\/wp-content\/uploads\/2023\/12\/Delfine-Paerchen-Oberflaeche-Foto-JM-4x3-1-300x225.jpg 300w, https:\/\/james-mac.com\/wp-content\/uploads\/2023\/12\/Delfine-Paerchen-Oberflaeche-Foto-JM-4x3-1-768x576.jpg 768w, https:\/\/james-mac.com\/wp-content\/uploads\/2023\/12\/Delfine-Paerchen-Oberflaeche-Foto-JM-4x3-1-1536x1152.jpg 1536w, https:\/\/james-mac.com\/wp-content\/uploads\/2023\/12\/Delfine-Paerchen-Oberflaeche-Foto-JM-4x3-1-2048x1536.jpg 2048w, https:\/\/james-mac.com\/wp-content\/uploads\/2023\/12\/Delfine-Paerchen-Oberflaeche-Foto-JM-4x3-1-16x12.jpg 16w, https:\/\/james-mac.com\/wp-content\/uploads\/2023\/12\/Delfine-Paerchen-Oberflaeche-Foto-JM-4x3-1-155x116.jpg 155w\" sizes=\"(max-width: 640px) 100vw, 640px\" \/>\t\t\t\t\t\t\t\t\t\t\t\t\t\t\t<\/div>\n\t\t\t\t<\/div>\n\t\t\t\t<div class=\"elementor-element elementor-element-72d076f elementor-widget elementor-widget-spacer\" data-id=\"72d076f\" data-element_type=\"widget\" data-e-type=\"widget\" data-widget_type=\"spacer.default\">\n\t\t\t\t<div class=\"elementor-widget-container\">\n\t\t\t\t\t\t\t<div class=\"elementor-spacer\">\n\t\t\t<div class=\"elementor-spacer-inner\"><\/div>\n\t\t<\/div>\n\t\t\t\t\t\t<\/div>\n\t\t\t\t<\/div>\n\t\t\t\t<div class=\"elementor-element elementor-element-7d4bfbb elementor-widget elementor-widget-heading\" data-id=\"7d4bfbb\" data-element_type=\"widget\" data-e-type=\"widget\" data-widget_type=\"heading.default\">\n\t\t\t\t<div class=\"elementor-widget-container\">\n\t\t\t\t\t<h3 class=\"elementor-heading-title elementor-size-default\">Netflix produziert einen Film \u00fcber die Gro\u00dfen T\u00fcmmler in \u00c4gypten\n<\/h3>\t\t\t\t<\/div>\n\t\t\t\t<\/div>\n\t\t\t\t<div class=\"elementor-element elementor-element-aa57c84 elementor-widget elementor-widget-text-editor\" data-id=\"aa57c84\" data-element_type=\"widget\" data-e-type=\"widget\" data-widget_type=\"text-editor.default\">\n\t\t\t\t<div class=\"elementor-widget-container\">\n\t\t\t\t\t\t\t\t\t<p>Letzte Woche wurde bekannt, dass die Streaming Plattform Netflix im Roten Meer\u00a0<a class=\"c-link\" href=\"https:\/\/egyptindependent.com\/netflix-to-produce-film-on-egypts-bottlenose-dolphins\/?fbclid=IwAR11flPoiXRzgCV-MuFSdh-oNAjE_fpMjq3AB2VWvWYV3vixwZ-lx6Lk-kw\" target=\"_blank\" rel=\"noopener noreferrer\" data-stringify-link=\"https:\/\/egyptindependent.com\/netflix-to-produce-film-on-egypts-bottlenose-dolphins\/?fbclid=IwAR11flPoiXRzgCV-MuFSdh-oNAjE_fpMjq3AB2VWvWYV3vixwZ-lx6Lk-kw\" data-sk=\"tooltip_parent\">einen Dokumentarfilm<\/a>\u00a0\u00fcber die hier ans\u00e4ssigen Delfine drehen will. Die \u00e4gyptische Meeresschutzbeh\u00f6rde im Roten Meer hat Netflix und ein spezialisiertes Team von Fotografen und Technikern eingeladen, um einen Film \u00fcber das Leben der Indopazifischen Gro\u00dfen T\u00fcmmler in Hurghada zu drehen. Das n\u00f6rdliche Rote Meer ist eines der drei gro\u00dfen Gebiete weltweit, in denen Indopazifische T\u00fcmmler zu Hause sind.<\/p><p>Die Dreharbeiten werden 18 Tage lang in Gebieten stattfinden, in denen diese Delfine leben. Hierbei wird das Filmteam von einem internationalen Delfin-Experten begleitet. Der 75-min\u00fctige\u00a0<a class=\"c-link\" href=\"https:\/\/www.egypt-business.com\/web\/details\/2348-netflix-to-produce-film-on-egypts-bottlenose-dolphins\/430741\" target=\"_blank\" rel=\"noopener noreferrer\" data-stringify-link=\"https:\/\/www.egypt-business.com\/web\/details\/2348-netflix-to-produce-film-on-egypts-bottlenose-dolphins\/430741\" data-sk=\"tooltip_parent\">Dokumentarfilm<\/a>\u00a0soll 2024 auf Netflix in vier Teilen ausgestrahlt werden. Das Netflix-Team hat sich mit der Naturschutzabteilung des Umweltministeriums \u00fcber die Reservate am Roten Meer abgestimmt und die erforderlichen Genehmigungen vom staatlichen Informationsdienst eingeholt. Bei allen Genehmigungsverfahren wurden die Bestimmungen im Zusammenhang mit den Reservaten und dem Fotografieren von Delfinen eingehalten.<\/p><p>Der Direktor\u00a0<a class=\"c-link\" href=\"https:\/\/beta.sis.gov.eg\/en\/egypt\/tourism\/environmental-tourism\/red-sea-northern-islands-reserve\/\" target=\"_blank\" rel=\"noopener noreferrer\" data-stringify-link=\"https:\/\/beta.sis.gov.eg\/en\/egypt\/tourism\/environmental-tourism\/red-sea-northern-islands-reserve\/\" data-sk=\"tooltip_parent\">des Schutzgebiets<\/a>, Ahmed Ghallab, best\u00e4tigte, dass es sich bei der Auswahl der Standorte des Northern Islands Reserve um Gebiete handelt, in denen in der Regel t\u00e4glich Delfine anzutreffen sind. Der Film werde dazu beitragen, den internationalen Tourismus in \u00c4gypten zu f\u00f6rdern, insbesondere den \u00d6kotourismus im Roten Meer. Er erl\u00e4uterte, dass das Gebiet eines der wichtigsten Gebiete f\u00fcr die biologische Vielfalt in den Reservaten ist und t\u00e4glich von Hunderten von Touristen besucht wird.Ghallab wies darauf hin, dass es strenge Regeln gibt, die jeder, der Delfine beobachten will, befolgen muss.\u00a0<\/p><p>Dazu geh\u00f6rt, dass man die Tiere nicht bel\u00e4stigt und ein Abstand von 50 Metern eingehalten werden muss. Die Dauer der Delfinbeobachtung sollte 20 Minuten nicht \u00fcberschreiten. Da die Delfine sehr empfindlich auf Ger\u00e4usche reagieren, sollten laute Ger\u00e4usche wie Rufe, Hupen, Pfeifen und Klatschen vermieden werden. Viele Menschen kommen nach \u00c4gypten, um Delfine in den verschiedenen Gebieten zu beobachten.<span class=\"c-message__edited_label\" dir=\"ltr\" data-sk=\"tooltip_parent\">\u00a0<\/span><\/p>\t\t\t\t\t\t\t\t<\/div>\n\t\t\t\t<\/div>\n\t\t\t\t<div class=\"elementor-element elementor-element-b431e0a elementor-widget elementor-widget-spacer\" data-id=\"b431e0a\" data-element_type=\"widget\" data-e-type=\"widget\" data-widget_type=\"spacer.default\">\n\t\t\t\t<div class=\"elementor-widget-container\">\n\t\t\t\t\t\t\t<div class=\"elementor-spacer\">\n\t\t\t<div class=\"elementor-spacer-inner\"><\/div>\n\t\t<\/div>\n\t\t\t\t\t\t<\/div>\n\t\t\t\t<\/div>\n\t\t\t\t<div class=\"elementor-element elementor-element-31ae92d elementor-widget elementor-widget-html\" data-id=\"31ae92d\" data-element_type=\"widget\" data-e-type=\"widget\" data-widget_type=\"html.default\">\n\t\t\t\t<div class=\"elementor-widget-container\">\n\t\t\t\t\t<iframe width=\"560\" height=\"550\" src=\"https:\/\/www.youtube.com\/embed\/XMhss9qyDdU?si=7Df4o_rcV3qkhrLW\" title=\"YouTube video player\" frameborder=\"0\" allow=\"accelerometer; autoplay; clipboard-write; encrypted-media; gyroscope; picture-in-picture; web-share\" allowfullscreen><\/iframe>\t\t\t\t<\/div>\n\t\t\t\t<\/div>\n\t\t\t\t<div class=\"elementor-element elementor-element-13ceb87c elementor-widget elementor-widget-spacer\" data-id=\"13ceb87c\" data-element_type=\"widget\" data-e-type=\"widget\" data-widget_type=\"spacer.default\">\n\t\t\t\t<div class=\"elementor-widget-container\">\n\t\t\t\t\t\t\t<div class=\"elementor-spacer\">\n\t\t\t<div class=\"elementor-spacer-inner\"><\/div>\n\t\t<\/div>\n\t\t\t\t\t\t<\/div>\n\t\t\t\t<\/div>\n\t\t\t\t<div class=\"elementor-element elementor-element-389c9a69 elementor-widget elementor-widget-heading\" data-id=\"389c9a69\" data-element_type=\"widget\" data-e-type=\"widget\" data-widget_type=\"heading.default\">\n\t\t\t\t<div class=\"elementor-widget-container\">\n\t\t\t\t\t<h3 class=\"elementor-heading-title elementor-size-default\">\u00c4gypten schlie\u00dft Abkommen \u00fcber gr\u00fcne Energie auf der COP28<\/h3>\t\t\t\t<\/div>\n\t\t\t\t<\/div>\n\t\t\t\t<div class=\"elementor-element elementor-element-655c917 elementor-widget elementor-widget-text-editor\" data-id=\"655c917\" data-element_type=\"widget\" data-e-type=\"widget\" data-widget_type=\"text-editor.default\">\n\t\t\t\t<div class=\"elementor-widget-container\">\n\t\t\t\t\t\t\t\t\t<p>Nachdem \u00c4gypten im letzten Jahr Gastgeber der UN-Klimakonferenz COP27 war, findet die\u00a0<a class=\"c-link\" href=\"https:\/\/unfccc.int\/\" target=\"_blank\" rel=\"noopener noreferrer\" data-stringify-link=\"https:\/\/unfccc.int\/\" data-sk=\"tooltip_parent\">28. Ausgabe<\/a>\u00a0gerade in Dubai und den Vereinigten Arabischen Emiraten statt. \u00c4gypten nimmt ebenfalls wieder daran teil. Auch Pr\u00e4sident El-Sisi reiste nach Dubai, um teilzunehmen. Drei Projekte f\u00fcr mehr gr\u00fcne Energie stehen auf der Agenda. Mit der Unterzeichnung dreier wichtiger Partnerschaften haben \u00c4gyptens Pl\u00e4ne, mehr umweltfreundliche Energie zu verwenden, erneut einen gro\u00dfen Schritt nach vorn gemacht.<\/p><p>Eines\u00a0<a class=\"c-link\" href=\"https:\/\/www.dailynewsegypt.com\/2023\/12\/04\/cop28-egypt-inks-green-energy-deals-methanol-ammonia-1gw-solar-with-storage\/\" target=\"_blank\" rel=\"noopener noreferrer\" data-stringify-link=\"https:\/\/www.dailynewsegypt.com\/2023\/12\/04\/cop28-egypt-inks-green-energy-deals-methanol-ammonia-1gw-solar-with-storage\/\" data-sk=\"tooltip_parent\">der Projekte<\/a>\u00a0befasst sich mit gr\u00fcnem Methanol f\u00fcr Schiffe: Das Projekt zielt auf die Wirtschaftszone des Suezkanals ab. Hier soll eine neue Anlage j\u00e4hrlich bis zu 200.000 Tonnen gr\u00fcnes Methanol produzieren. Dieser saubere Kraftstoff soll Schiffe antreiben, die Emissionen reduzieren und zu den \u00e4gyptischen Nachhaltigkeitszielen im Seeverkehr beitragen. Das zweite Projekt konzentriert sich auf die Produktion von gr\u00fcnem Ammoniak in Damietta. Dadurch wird die Kohlenstoffabscheidung verbessert und der \u00dcbergang \u00c4gyptens zu einer gr\u00fcnen Wirtschaft beschleunigt.<\/p><p>Eine regionale Premiere stellt ein 1-GW-Solarenergieprojekt dar, bei dem die BESS-Technologie (Batterie-Energiespeicher) zum Einsatz kommt. Dieses Projekt ist das erste seiner Art in \u00c4gypten und das gr\u00f6\u00dfte in der Region. Es soll als Aush\u00e4ngeschild f\u00fcr das Engagement des Landes in Sachen erneuerbare Energien unter Beweis stellen.<\/p><p>In ihrer Rede betonte Ministerin Al-Mashat, wie wichtig diese Partnerschaften f\u00fcr die F\u00f6rderung des gr\u00fcnen Wandels sind. Die Ministerin betonte die Dringlichkeit des \u00dcbergangs zu nachhaltigen, kohlenstoffarmen Energiesystemen. Sie zitierte alarmierende Statistiken des UN-Umweltprogramms: Fossile Brennstoffe dominieren nach wie vor die Energieerzeugung und tragen erheblich zu den Treibhausgasemissionen bei. Abschlie\u00dfend hob Minister Al-Mashat die Bem\u00fchungen des\u00a0<a class=\"c-link\" href=\"https:\/\/www.bmz.de\/en\/news\/press-releases\/us-germany-and-egypt-agree-on-ambitious-climate-cooperation-127946\" target=\"_blank\" rel=\"noopener noreferrer\" data-stringify-link=\"https:\/\/www.bmz.de\/en\/news\/press-releases\/us-germany-and-egypt-agree-on-ambitious-climate-cooperation-127946\" data-sk=\"tooltip_parent\">NWFE-Programms<\/a> zur Mobilisierung gr\u00fcner Investitionen und zur Erleichterung der Finanzierung der \u00e4gyptischen Energiewende hervor. Zusammen mit dem Schwerpunkt auf gr\u00fcnem Wasserstoff zeichnen diese Bem\u00fchungen ein vielversprechendes Bild f\u00fcr \u00c4gyptens gr\u00fcne Zukunft. Das Land m\u00f6chte sich dem Trend anschlie\u00dfen und bis 2030 einen Anteil von 42 % erneuerbarer Energien erreichen.<\/p>\t\t\t\t\t\t\t\t<\/div>\n\t\t\t\t<\/div>\n\t\t\t\t<div class=\"elementor-element elementor-element-bdd6361 elementor-widget elementor-widget-spacer\" data-id=\"bdd6361\" data-element_type=\"widget\" data-e-type=\"widget\" data-widget_type=\"spacer.default\">\n\t\t\t\t<div class=\"elementor-widget-container\">\n\t\t\t\t\t\t\t<div class=\"elementor-spacer\">\n\t\t\t<div class=\"elementor-spacer-inner\"><\/div>\n\t\t<\/div>\n\t\t\t\t\t\t<\/div>\n\t\t\t\t<\/div>\n\t\t\t\t<div class=\"elementor-element elementor-element-f56a872 elementor-widget elementor-widget-html\" data-id=\"f56a872\" data-element_type=\"widget\" data-e-type=\"widget\" data-widget_type=\"html.default\">\n\t\t\t\t<div class=\"elementor-widget-container\">\n\t\t\t\t\t<iframe width=\"560\" height=\"550\" src=\"https:\/\/www.youtube.com\/embed\/Lrblq2cjpp4?si=SUyUzOhOPQqOTYGZ\" title=\"YouTube video player\" frameborder=\"0\" allow=\"accelerometer; autoplay; clipboard-write; encrypted-media; gyroscope; picture-in-picture; web-share\" allowfullscreen><\/iframe>\t\t\t\t<\/div>\n\t\t\t\t<\/div>\n\t\t\t\t<div class=\"elementor-element elementor-element-681304c elementor-widget elementor-widget-spacer\" data-id=\"681304c\" data-element_type=\"widget\" data-e-type=\"widget\" data-widget_type=\"spacer.default\">\n\t\t\t\t<div class=\"elementor-widget-container\">\n\t\t\t\t\t\t\t<div class=\"elementor-spacer\">\n\t\t\t<div class=\"elementor-spacer-inner\"><\/div>\n\t\t<\/div>\n\t\t\t\t\t\t<\/div>\n\t\t\t\t<\/div>\n\t\t\t\t<div class=\"elementor-element elementor-element-4556563b elementor-widget elementor-widget-heading\" data-id=\"4556563b\" data-element_type=\"widget\" data-e-type=\"widget\" data-widget_type=\"heading.default\">\n\t\t\t\t<div class=\"elementor-widget-container\">\n\t\t\t\t\t<h3 class=\"elementor-heading-title elementor-size-default\">Feierliche Er\u00f6ffnung der Gro\u00dfen Treppe des \u00c4gyptischen Museums<\/h3>\t\t\t\t<\/div>\n\t\t\t\t<\/div>\n\t\t\t\t<div class=\"elementor-element elementor-element-bafc2a9 elementor-widget elementor-widget-text-editor\" data-id=\"bafc2a9\" data-element_type=\"widget\" data-e-type=\"widget\" data-widget_type=\"text-editor.default\">\n\t\t\t\t<div class=\"elementor-widget-container\">\n\t\t\t\t\t\t\t\t\t<p>Obwohl man die offizielle und feierliche Er\u00f6ffnung des Gro\u00dfen \u00c4gyptischen Museums auf n\u00e4chstes Jahr verschoben hat, tut sich inzwischen fast w\u00f6chentlich etwas und das Museum \u00f6ffnet bereits nach und nach seine Tore f\u00fcr die \u00d6ffentlichkeit. Letzte Woche gab es wieder ein Soft Opening, diesmal wurde\u00a0<a class=\"c-link\" href=\"https:\/\/english.ahram.org.eg\/News\/513165.aspx\" target=\"_blank\" rel=\"noopener noreferrer\" data-stringify-link=\"https:\/\/english.ahram.org.eg\/News\/513165.aspx\" data-sk=\"tooltip_parent\">die Gro\u00dfe Treppe<\/a>\u00a0im Museum f\u00fcr die \u00d6ffentlichkeit zug\u00e4nglich gemacht. Bei der Treppe handelt es sich um eine vertikale Galerie und sie ist der wichtigste Weg im Museum. Sie f\u00fchrt die Besucher \u00fcber Treppen, Fahrst\u00fchle und Aufz\u00fcge zu den verschiedenen Etagen und endet mit einem Panoramablick auf die Pyramiden von Gizeh.<\/p><p>Der gesamte Raum, in dem\u00a0<a class=\"c-link\" href=\"https:\/\/english.news.cn\/20231201\/6c4a83a2ff724119828fdc4852d6a1ef\/c.html\" target=\"_blank\" rel=\"noopener noreferrer\" data-stringify-link=\"https:\/\/english.news.cn\/20231201\/6c4a83a2ff724119828fdc4852d6a1ef\/c.html\" data-sk=\"tooltip_parent\">die Treppe<\/a>\u00a0sich befindet, ist etwa 6500 qm gro\u00df. Gro\u00dfe Statuen und andere Gegenst\u00e4nde, die mit dem Alten \u00c4gypten in Verbindung stehen, beeindrucken die Besucher durch ihre Gr\u00f6\u00dfe und Pracht. Sie sind in verschiedenen, aber verwandten Themenbereichen ausgestellt, darunter K\u00f6nigsbild, K\u00f6nige und G\u00f6tter. Zu den bedeutendsten Artefakten, die auf der Treppe ausgestellt sind, geh\u00f6ren die Kolosse aus rotem Granit von K\u00f6nig Seti I., K\u00f6nigin Hatschepsut und dem r\u00f6mischen Kaiser Caracalla sowie eine Reihe von Ausstellungsgegenst\u00e4nden, die verschiedenen alt\u00e4gyptischen K\u00f6nigen gewidmet sind. Auf der Treppe sind auch Kolosse alt\u00e4gyptischer Gottheiten ausgestellt, wie die von Ptah, Sekhmet, Re-Hur-Akhti und der griechischen Gottheit Serapis.<\/p><p>Die Gro\u00dfe Treppe ist ab sofort Teil der Anfang M\u00e4rz dieses Jahres gestarteten Museumsf\u00fchrungen. Die F\u00fchrungen, die man im Vorfeld online vorbuchen kann, erm\u00f6glichen den Besuchern den Zugang zu den G\u00e4rten und dem kommerziellen Bereich, welcher Restaurants, Caf\u00e9s und Gesch\u00e4fte umfasst. Zu den zug\u00e4nglichen Bereichen geh\u00f6rt auch die beeindruckende Tutanchamun-Ausstellung. Individuelle Besichtigungen sind am Tor des <a class=\"c-link\" href=\"https:\/\/www.visit-gem.com\/en\/home\" target=\"_blank\" rel=\"noopener noreferrer\" data-stringify-link=\"https:\/\/www.visit-gem.com\/en\/home\" data-sk=\"tooltip_parent\">GEM<\/a>\u00a0an der Cairo-Alexandria Road von 9 Uhr bis 18 Uhr m\u00f6glich. Die Eintrittskarten k\u00f6nnen an der Pforte per Kartenzahlung gekauft werden. Der Rest des Museums bleibt bis zur offiziellen Er\u00f6ffnung des Museums geschlossen.<\/p>\t\t\t\t\t\t\t\t<\/div>\n\t\t\t\t<\/div>\n\t\t\t\t<div class=\"elementor-element elementor-element-d43694b elementor-widget elementor-widget-spacer\" data-id=\"d43694b\" data-element_type=\"widget\" data-e-type=\"widget\" data-widget_type=\"spacer.default\">\n\t\t\t\t<div class=\"elementor-widget-container\">\n\t\t\t\t\t\t\t<div class=\"elementor-spacer\">\n\t\t\t<div class=\"elementor-spacer-inner\"><\/div>\n\t\t<\/div>\n\t\t\t\t\t\t<\/div>\n\t\t\t\t<\/div>\n\t\t\t\t<div class=\"elementor-element elementor-element-b337408 elementor-widget elementor-widget-heading\" data-id=\"b337408\" data-element_type=\"widget\" data-e-type=\"widget\" data-widget_type=\"heading.default\">\n\t\t\t\t<div class=\"elementor-widget-container\">\n\t\t\t\t\t<h3 class=\"elementor-heading-title elementor-size-default\">Die erste Adventswoche am Roten Meer<\/h3>\t\t\t\t<\/div>\n\t\t\t\t<\/div>\n\t\t\t\t<div class=\"elementor-element elementor-element-69fa36c3 elementor-widget elementor-widget-text-editor\" data-id=\"69fa36c3\" data-element_type=\"widget\" data-e-type=\"widget\" data-widget_type=\"text-editor.default\">\n\t\t\t\t<div class=\"elementor-widget-container\">\n\t\t\t\t\t\t\t\t\t<p>Das war unser Wochenr\u00fcckblick \u00fcber die erste Adventswoche am Roten Meer. N\u00e4chste Woche gibt es wieder aktuelle Neuigkeiten von \u00c4gypten und anderswo <a href=\"https:\/\/james-mac.com\/en\/news-3\/\" target=\"_blank\" rel=\"noopener\">zu berichten<\/a>, wir halten euch auf dem Laufenden!<\/p>\t\t\t\t\t\t\t\t<\/div>\n\t\t\t\t<\/div>\n\t\t\t\t<div class=\"elementor-element elementor-element-4151c811 elementor-widget elementor-widget-text-editor\" data-id=\"4151c811\" data-element_type=\"widget\" data-e-type=\"widget\" data-widget_type=\"text-editor.default\">\n\t\t\t\t<div class=\"elementor-widget-container\">\n\t\t\t\t\t\t\t\t\t<p>Die erste Adventswoche am Roten Meer, James &amp; Mac Diving Center \u2013 Fotonachweise: James &amp; Mac, Pixabay<\/p>\t\t\t\t\t\t\t\t<\/div>\n\t\t\t\t<\/div>\n\t\t\t\t\t<\/div>\n\t\t<\/div>\n\t\t\t\t\t<\/div>\n\t\t<\/section>\n\t\t\t\t\t<\/div>\n\t\t<\/div>\n\t\t\t\t\t<\/div>\n\t\t<\/section>\n\t\t\t\t<\/div>","protected":false},"excerpt":{"rendered":"<p>Die erste Adventswoche am Roten Meer Auch in dieser Woche waren unsere Tauchlehrer wieder auf dem Roten Meer unterwegs und hatten von ihren Tauchausfahrten einiges zu berichten. Bei uns in Hurghada ist immer was los und auch anderswo, nicht nur in \u00c4gypten passierten aufregende Dinge. Hier kommt unser Wochenr\u00fcckblick \u00fcber die erste Adventswoche am Roten Meer: https:\/\/james-mac.com\/wp-content\/uploads\/2023\/12\/Mola-Mola-Dez-23.mp4#t=2 Viele Richen Sichtungen und sch\u00f6ne Touren im Norden und S\u00fcden Auch in der ersten Adventswoche konnten wir uns \u00fcber das Wetter in \u00c4gypten&hellip;<\/p>","protected":false},"author":4,"featured_media":43441,"comment_status":"open","ping_status":"closed","sticky":false,"template":"","format":"standard","meta":{"footnotes":""},"categories":[1],"tags":[984,136,170,135,413,355],"class_list":["post-43375","post","type-post","status-publish","format-standard","has-post-thumbnail","hentry","category-blog-rotes-meer","tag-984","tag-aegypten","tag-hurghada","tag-rotes-meer","tag-rueckblick","tag-wochenrueckblick","post-has-thumbnail"],"yoast_head":"<!-- This site is optimized with the Yoast SEO plugin v27.5 - https:\/\/yoast.com\/product\/yoast-seo-wordpress\/ -->\n<title>Die erste Adventswoche am Roten Meer - James &amp; Mac Diving Center<\/title>\n<meta name=\"description\" content=\"Die erste Adventswoche am Roten Meer. Auch diese Woche blicken wir wieder auf Dinge zur\u00fcck, die in \u00c4gypten und anderswo passiert sind.\" \/>\n<meta name=\"robots\" content=\"index, follow, max-snippet:-1, max-image-preview:large, max-video-preview:-1\" \/>\n<link rel=\"canonical\" href=\"https:\/\/james-mac.com\/en\/die-erste-adventswoche-am-roten-meer\/\" \/>\n<meta property=\"og:locale\" content=\"en_GB\" \/>\n<meta property=\"og:type\" content=\"article\" \/>\n<meta property=\"og:title\" content=\"Die erste Adventswoche am Roten Meer - James &amp; Mac Diving Center\" \/>\n<meta property=\"og:description\" content=\"Die erste Adventswoche am Roten Meer. Auch diese Woche blicken wir wieder auf Dinge zur\u00fcck, die in \u00c4gypten und anderswo passiert sind.\" \/>\n<meta property=\"og:url\" content=\"https:\/\/james-mac.com\/en\/die-erste-adventswoche-am-roten-meer\/\" \/>\n<meta property=\"og:site_name\" content=\"James &amp; Mac Diving Center\" \/>\n<meta property=\"article:publisher\" content=\"https:\/\/www.facebook.com\/jamesandmac\/\" \/>\n<meta property=\"article:published_time\" content=\"2023-12-09T05:30:00+00:00\" \/>\n<meta property=\"article:modified_time\" content=\"2023-12-09T06:23:54+00:00\" \/>\n<meta property=\"og:image\" content=\"https:\/\/james-mac.com\/wp-content\/uploads\/2023\/12\/JM-Gruppe-Wael-Kat-Lally-Dez-23-Foto-Crew-4x3-1.jpg\" \/>\n\t<meta property=\"og:image:width\" content=\"2000\" \/>\n\t<meta property=\"og:image:height\" content=\"1500\" \/>\n\t<meta property=\"og:image:type\" content=\"image\/jpeg\" \/>\n<meta name=\"author\" content=\"Ameli\" \/>\n<meta name=\"twitter:card\" content=\"summary_large_image\" \/>\n<meta name=\"twitter:creator\" content=\"@James_Mac_HRG\" \/>\n<meta name=\"twitter:site\" content=\"@James_Mac_HRG\" \/>\n<meta name=\"twitter:label1\" content=\"Written by\" \/>\n\t<meta name=\"twitter:data1\" content=\"Ameli\" \/>\n\t<meta name=\"twitter:label2\" content=\"Estimated reading time\" \/>\n\t<meta name=\"twitter:data2\" content=\"9 minutes\" \/>\n<script type=\"application\/ld+json\" class=\"yoast-schema-graph\">{\"@context\":\"https:\\\/\\\/schema.org\",\"@graph\":[{\"@type\":\"Article\",\"@id\":\"https:\\\/\\\/james-mac.com\\\/die-erste-adventswoche-am-roten-meer\\\/#article\",\"isPartOf\":{\"@id\":\"https:\\\/\\\/james-mac.com\\\/die-erste-adventswoche-am-roten-meer\\\/\"},\"author\":{\"name\":\"Ameli\",\"@id\":\"https:\\\/\\\/james-mac.com\\\/#\\\/schema\\\/person\\\/bdad9b5a4498bd11efeed74d2676eee4\"},\"headline\":\"Die erste Adventswoche am Roten Meer\",\"datePublished\":\"2023-12-09T05:30:00+00:00\",\"dateModified\":\"2023-12-09T06:23:54+00:00\",\"mainEntityOfPage\":{\"@id\":\"https:\\\/\\\/james-mac.com\\\/die-erste-adventswoche-am-roten-meer\\\/\"},\"wordCount\":1659,\"commentCount\":0,\"publisher\":{\"@id\":\"https:\\\/\\\/james-mac.com\\\/#organization\"},\"image\":{\"@id\":\"https:\\\/\\\/james-mac.com\\\/die-erste-adventswoche-am-roten-meer\\\/#primaryimage\"},\"thumbnailUrl\":\"https:\\\/\\\/james-mac.com\\\/wp-content\\\/uploads\\\/2023\\\/12\\\/JM-Gruppe-Wael-Kat-Lally-Dez-23-Foto-Crew-4x3-1.jpg\",\"keywords\":[\"2023\",\"\u00c4gypten\",\"Hurghada\",\"Rotes Meer\",\"R\u00fcckblick\",\"Wochenr\u00fcckblick\"],\"articleSection\":[\"Blog Rotes Meer\"],\"inLanguage\":\"en-GB\",\"potentialAction\":[{\"@type\":\"CommentAction\",\"name\":\"Comment\",\"target\":[\"https:\\\/\\\/james-mac.com\\\/die-erste-adventswoche-am-roten-meer\\\/#respond\"]}]},{\"@type\":\"WebPage\",\"@id\":\"https:\\\/\\\/james-mac.com\\\/die-erste-adventswoche-am-roten-meer\\\/\",\"url\":\"https:\\\/\\\/james-mac.com\\\/die-erste-adventswoche-am-roten-meer\\\/\",\"name\":\"Die erste Adventswoche am Roten Meer - James &amp; Mac Diving Center\",\"isPartOf\":{\"@id\":\"https:\\\/\\\/james-mac.com\\\/#website\"},\"primaryImageOfPage\":{\"@id\":\"https:\\\/\\\/james-mac.com\\\/die-erste-adventswoche-am-roten-meer\\\/#primaryimage\"},\"image\":{\"@id\":\"https:\\\/\\\/james-mac.com\\\/die-erste-adventswoche-am-roten-meer\\\/#primaryimage\"},\"thumbnailUrl\":\"https:\\\/\\\/james-mac.com\\\/wp-content\\\/uploads\\\/2023\\\/12\\\/JM-Gruppe-Wael-Kat-Lally-Dez-23-Foto-Crew-4x3-1.jpg\",\"datePublished\":\"2023-12-09T05:30:00+00:00\",\"dateModified\":\"2023-12-09T06:23:54+00:00\",\"description\":\"Die erste Adventswoche am Roten Meer. Auch diese Woche blicken wir wieder auf Dinge zur\u00fcck, die in \u00c4gypten und anderswo passiert sind.\",\"breadcrumb\":{\"@id\":\"https:\\\/\\\/james-mac.com\\\/die-erste-adventswoche-am-roten-meer\\\/#breadcrumb\"},\"inLanguage\":\"en-GB\",\"potentialAction\":[{\"@type\":\"ReadAction\",\"target\":[\"https:\\\/\\\/james-mac.com\\\/die-erste-adventswoche-am-roten-meer\\\/\"]}]},{\"@type\":\"ImageObject\",\"inLanguage\":\"en-GB\",\"@id\":\"https:\\\/\\\/james-mac.com\\\/die-erste-adventswoche-am-roten-meer\\\/#primaryimage\",\"url\":\"https:\\\/\\\/james-mac.com\\\/wp-content\\\/uploads\\\/2023\\\/12\\\/JM-Gruppe-Wael-Kat-Lally-Dez-23-Foto-Crew-4x3-1.jpg\",\"contentUrl\":\"https:\\\/\\\/james-mac.com\\\/wp-content\\\/uploads\\\/2023\\\/12\\\/JM-Gruppe-Wael-Kat-Lally-Dez-23-Foto-Crew-4x3-1.jpg\",\"width\":2000,\"height\":1500,\"caption\":\"Die erste Adventswoche am Roten Meer\"},{\"@type\":\"BreadcrumbList\",\"@id\":\"https:\\\/\\\/james-mac.com\\\/die-erste-adventswoche-am-roten-meer\\\/#breadcrumb\",\"itemListElement\":[{\"@type\":\"ListItem\",\"position\":1,\"name\":\"Home\",\"item\":\"https:\\\/\\\/james-mac.com\\\/\"},{\"@type\":\"ListItem\",\"position\":2,\"name\":\"Blog Rotes Meer\",\"item\":\"https:\\\/\\\/james-mac.com\\\/en\\\/category\\\/blog-rotes-meer\\\/\"},{\"@type\":\"ListItem\",\"position\":3,\"name\":\"Die erste Adventswoche am Roten Meer\"}]},{\"@type\":\"WebSite\",\"@id\":\"https:\\\/\\\/james-mac.com\\\/#website\",\"url\":\"https:\\\/\\\/james-mac.com\\\/\",\"name\":\"James &amp; Mac Diving Center\",\"description\":\"Red sea diving since 1987\",\"publisher\":{\"@id\":\"https:\\\/\\\/james-mac.com\\\/#organization\"},\"potentialAction\":[{\"@type\":\"SearchAction\",\"target\":{\"@type\":\"EntryPoint\",\"urlTemplate\":\"https:\\\/\\\/james-mac.com\\\/?s={search_term_string}\"},\"query-input\":{\"@type\":\"PropertyValueSpecification\",\"valueRequired\":true,\"valueName\":\"search_term_string\"}}],\"inLanguage\":\"en-GB\"},{\"@type\":\"Organization\",\"@id\":\"https:\\\/\\\/james-mac.com\\\/#organization\",\"name\":\"James & Mac\",\"url\":\"https:\\\/\\\/james-mac.com\\\/\",\"logo\":{\"@type\":\"ImageObject\",\"inLanguage\":\"en-GB\",\"@id\":\"https:\\\/\\\/james-mac.com\\\/#\\\/schema\\\/logo\\\/image\\\/\",\"url\":\"\",\"contentUrl\":\"\",\"caption\":\"James & Mac\"},\"image\":{\"@id\":\"https:\\\/\\\/james-mac.com\\\/#\\\/schema\\\/logo\\\/image\\\/\"},\"sameAs\":[\"https:\\\/\\\/www.facebook.com\\\/jamesandmac\\\/\",\"https:\\\/\\\/x.com\\\/James_Mac_HRG\",\"https:\\\/\\\/www.instagram.com\\\/jamesundmacdiving\\\/\",\"https:\\\/\\\/www.youtube.com\\\/user\\\/james1987mac\"]},{\"@type\":\"Person\",\"@id\":\"https:\\\/\\\/james-mac.com\\\/#\\\/schema\\\/person\\\/bdad9b5a4498bd11efeed74d2676eee4\",\"name\":\"Ameli\",\"image\":{\"@type\":\"ImageObject\",\"inLanguage\":\"en-GB\",\"@id\":\"https:\\\/\\\/secure.gravatar.com\\\/avatar\\\/815b16a62dd9759f01ae110606d38d9d0fe57f307e2639ca16c1d626d7a6762d?s=96&r=g\",\"url\":\"https:\\\/\\\/secure.gravatar.com\\\/avatar\\\/815b16a62dd9759f01ae110606d38d9d0fe57f307e2639ca16c1d626d7a6762d?s=96&r=g\",\"contentUrl\":\"https:\\\/\\\/secure.gravatar.com\\\/avatar\\\/815b16a62dd9759f01ae110606d38d9d0fe57f307e2639ca16c1d626d7a6762d?s=96&r=g\",\"caption\":\"Ameli\"},\"url\":\"https:\\\/\\\/james-mac.com\\\/en\\\/author\\\/ameli\\\/\"}]}<\/script>\n<!-- \/ Yoast SEO plugin. -->","yoast_head_json":{"title":"Die erste Adventswoche am Roten Meer - James &amp; Mac Diving Center","description":"Die erste Adventswoche am Roten Meer. Auch diese Woche blicken wir wieder auf Dinge zur\u00fcck, die in \u00c4gypten und anderswo passiert sind.","robots":{"index":"index","follow":"follow","max-snippet":"max-snippet:-1","max-image-preview":"max-image-preview:large","max-video-preview":"max-video-preview:-1"},"canonical":"https:\/\/james-mac.com\/en\/die-erste-adventswoche-am-roten-meer\/","og_locale":"en_GB","og_type":"article","og_title":"Die erste Adventswoche am Roten Meer - James &amp; Mac Diving Center","og_description":"Die erste Adventswoche am Roten Meer. Auch diese Woche blicken wir wieder auf Dinge zur\u00fcck, die in \u00c4gypten und anderswo passiert sind.","og_url":"https:\/\/james-mac.com\/en\/die-erste-adventswoche-am-roten-meer\/","og_site_name":"James &amp; Mac Diving Center","article_publisher":"https:\/\/www.facebook.com\/jamesandmac\/","article_published_time":"2023-12-09T05:30:00+00:00","article_modified_time":"2023-12-09T06:23:54+00:00","og_image":[{"width":2000,"height":1500,"url":"https:\/\/james-mac.com\/wp-content\/uploads\/2023\/12\/JM-Gruppe-Wael-Kat-Lally-Dez-23-Foto-Crew-4x3-1.jpg","type":"image\/jpeg"}],"author":"Ameli","twitter_card":"summary_large_image","twitter_creator":"@James_Mac_HRG","twitter_site":"@James_Mac_HRG","twitter_misc":{"Written by":"Ameli","Estimated reading time":"9 minutes"},"schema":{"@context":"https:\/\/schema.org","@graph":[{"@type":"Article","@id":"https:\/\/james-mac.com\/die-erste-adventswoche-am-roten-meer\/#article","isPartOf":{"@id":"https:\/\/james-mac.com\/die-erste-adventswoche-am-roten-meer\/"},"author":{"name":"Ameli","@id":"https:\/\/james-mac.com\/#\/schema\/person\/bdad9b5a4498bd11efeed74d2676eee4"},"headline":"Die erste Adventswoche am Roten Meer","datePublished":"2023-12-09T05:30:00+00:00","dateModified":"2023-12-09T06:23:54+00:00","mainEntityOfPage":{"@id":"https:\/\/james-mac.com\/die-erste-adventswoche-am-roten-meer\/"},"wordCount":1659,"commentCount":0,"publisher":{"@id":"https:\/\/james-mac.com\/#organization"},"image":{"@id":"https:\/\/james-mac.com\/die-erste-adventswoche-am-roten-meer\/#primaryimage"},"thumbnailUrl":"https:\/\/james-mac.com\/wp-content\/uploads\/2023\/12\/JM-Gruppe-Wael-Kat-Lally-Dez-23-Foto-Crew-4x3-1.jpg","keywords":["2023","\u00c4gypten","Hurghada","Rotes Meer","R\u00fcckblick","Wochenr\u00fcckblick"],"articleSection":["Blog Rotes Meer"],"inLanguage":"en-GB","potentialAction":[{"@type":"CommentAction","name":"Comment","target":["https:\/\/james-mac.com\/die-erste-adventswoche-am-roten-meer\/#respond"]}]},{"@type":"WebPage","@id":"https:\/\/james-mac.com\/die-erste-adventswoche-am-roten-meer\/","url":"https:\/\/james-mac.com\/die-erste-adventswoche-am-roten-meer\/","name":"Die erste Adventswoche am Roten Meer - James &amp; Mac Diving Center","isPartOf":{"@id":"https:\/\/james-mac.com\/#website"},"primaryImageOfPage":{"@id":"https:\/\/james-mac.com\/die-erste-adventswoche-am-roten-meer\/#primaryimage"},"image":{"@id":"https:\/\/james-mac.com\/die-erste-adventswoche-am-roten-meer\/#primaryimage"},"thumbnailUrl":"https:\/\/james-mac.com\/wp-content\/uploads\/2023\/12\/JM-Gruppe-Wael-Kat-Lally-Dez-23-Foto-Crew-4x3-1.jpg","datePublished":"2023-12-09T05:30:00+00:00","dateModified":"2023-12-09T06:23:54+00:00","description":"Die erste Adventswoche am Roten Meer. Auch diese Woche blicken wir wieder auf Dinge zur\u00fcck, die in \u00c4gypten und anderswo passiert sind.","breadcrumb":{"@id":"https:\/\/james-mac.com\/die-erste-adventswoche-am-roten-meer\/#breadcrumb"},"inLanguage":"en-GB","potentialAction":[{"@type":"ReadAction","target":["https:\/\/james-mac.com\/die-erste-adventswoche-am-roten-meer\/"]}]},{"@type":"ImageObject","inLanguage":"en-GB","@id":"https:\/\/james-mac.com\/die-erste-adventswoche-am-roten-meer\/#primaryimage","url":"https:\/\/james-mac.com\/wp-content\/uploads\/2023\/12\/JM-Gruppe-Wael-Kat-Lally-Dez-23-Foto-Crew-4x3-1.jpg","contentUrl":"https:\/\/james-mac.com\/wp-content\/uploads\/2023\/12\/JM-Gruppe-Wael-Kat-Lally-Dez-23-Foto-Crew-4x3-1.jpg","width":2000,"height":1500,"caption":"Die erste Adventswoche am Roten Meer"},{"@type":"BreadcrumbList","@id":"https:\/\/james-mac.com\/die-erste-adventswoche-am-roten-meer\/#breadcrumb","itemListElement":[{"@type":"ListItem","position":1,"name":"Home","item":"https:\/\/james-mac.com\/"},{"@type":"ListItem","position":2,"name":"Blog Rotes Meer","item":"https:\/\/james-mac.com\/en\/category\/blog-rotes-meer\/"},{"@type":"ListItem","position":3,"name":"Die erste Adventswoche am Roten Meer"}]},{"@type":"WebSite","@id":"https:\/\/james-mac.com\/#website","url":"https:\/\/james-mac.com\/","name":"James &amp; Mac Diving Center","description":"Red sea diving since 1987","publisher":{"@id":"https:\/\/james-mac.com\/#organization"},"potentialAction":[{"@type":"SearchAction","target":{"@type":"EntryPoint","urlTemplate":"https:\/\/james-mac.com\/?s={search_term_string}"},"query-input":{"@type":"PropertyValueSpecification","valueRequired":true,"valueName":"search_term_string"}}],"inLanguage":"en-GB"},{"@type":"Organization","@id":"https:\/\/james-mac.com\/#organization","name":"James &amp; Mac","url":"https:\/\/james-mac.com\/","logo":{"@type":"ImageObject","inLanguage":"en-GB","@id":"https:\/\/james-mac.com\/#\/schema\/logo\/image\/","url":"","contentUrl":"","caption":"James & Mac"},"image":{"@id":"https:\/\/james-mac.com\/#\/schema\/logo\/image\/"},"sameAs":["https:\/\/www.facebook.com\/jamesandmac\/","https:\/\/x.com\/James_Mac_HRG","https:\/\/www.instagram.com\/jamesundmacdiving\/","https:\/\/www.youtube.com\/user\/james1987mac"]},{"@type":"Person","@id":"https:\/\/james-mac.com\/#\/schema\/person\/bdad9b5a4498bd11efeed74d2676eee4","name":"Ameli","image":{"@type":"ImageObject","inLanguage":"en-GB","@id":"https:\/\/secure.gravatar.com\/avatar\/815b16a62dd9759f01ae110606d38d9d0fe57f307e2639ca16c1d626d7a6762d?s=96&r=g","url":"https:\/\/secure.gravatar.com\/avatar\/815b16a62dd9759f01ae110606d38d9d0fe57f307e2639ca16c1d626d7a6762d?s=96&r=g","contentUrl":"https:\/\/secure.gravatar.com\/avatar\/815b16a62dd9759f01ae110606d38d9d0fe57f307e2639ca16c1d626d7a6762d?s=96&r=g","caption":"Ameli"},"url":"https:\/\/james-mac.com\/en\/author\/ameli\/"}]}},"_links":{"self":[{"href":"https:\/\/james-mac.com\/en\/wp-json\/wp\/v2\/posts\/43375","targetHints":{"allow":["GET"]}}],"collection":[{"href":"https:\/\/james-mac.com\/en\/wp-json\/wp\/v2\/posts"}],"about":[{"href":"https:\/\/james-mac.com\/en\/wp-json\/wp\/v2\/types\/post"}],"author":[{"embeddable":true,"href":"https:\/\/james-mac.com\/en\/wp-json\/wp\/v2\/users\/4"}],"replies":[{"embeddable":true,"href":"https:\/\/james-mac.com\/en\/wp-json\/wp\/v2\/comments?post=43375"}],"version-history":[{"count":61,"href":"https:\/\/james-mac.com\/en\/wp-json\/wp\/v2\/posts\/43375\/revisions"}],"predecessor-version":[{"id":43440,"href":"https:\/\/james-mac.com\/en\/wp-json\/wp\/v2\/posts\/43375\/revisions\/43440"}],"wp:featuredmedia":[{"embeddable":true,"href":"https:\/\/james-mac.com\/en\/wp-json\/wp\/v2\/media\/43441"}],"wp:attachment":[{"href":"https:\/\/james-mac.com\/en\/wp-json\/wp\/v2\/media?parent=43375"}],"wp:term":[{"taxonomy":"category","embeddable":true,"href":"https:\/\/james-mac.com\/en\/wp-json\/wp\/v2\/categories?post=43375"},{"taxonomy":"post_tag","embeddable":true,"href":"https:\/\/james-mac.com\/en\/wp-json\/wp\/v2\/tags?post=43375"}],"curies":[{"name":"wp","href":"https:\/\/api.w.org\/{rel}","templated":true}]}}