{"id":47336,"date":"2024-06-15T07:22:33","date_gmt":"2024-06-15T05:22:33","guid":{"rendered":"https:\/\/james-mac.com\/?p=47336"},"modified":"2024-06-15T07:27:21","modified_gmt":"2024-06-15T05:27:21","slug":"eine-windstille-woche-am-roten-meer","status":"publish","type":"post","link":"https:\/\/james-mac.com\/en\/eine-windstille-woche-am-roten-meer\/","title":{"rendered":"Eine windstille Woche am Roten Meer"},"content":{"rendered":"<div data-elementor-type=\"wp-post\" data-elementor-id=\"47336\" class=\"elementor elementor-47336\" data-elementor-post-type=\"post\">\n\t\t\t\t\t\t<section data-particle_enable=\"false\" data-particle-mobile-disabled=\"false\" class=\"elementor-section elementor-top-section elementor-element elementor-element-227703b9 elementor-section-boxed elementor-section-height-default elementor-section-height-default\" data-id=\"227703b9\" data-element_type=\"section\" data-e-type=\"section\">\n\t\t\t\t\t\t<div class=\"elementor-container elementor-column-gap-default\">\n\t\t\t\t\t<div class=\"elementor-column elementor-col-100 elementor-top-column elementor-element elementor-element-f4ad3dd\" data-id=\"f4ad3dd\" data-element_type=\"column\" data-e-type=\"column\">\n\t\t\t<div class=\"elementor-widget-wrap elementor-element-populated\">\n\t\t\t\t\t\t<section data-particle_enable=\"false\" data-particle-mobile-disabled=\"false\" class=\"elementor-section elementor-inner-section elementor-element elementor-element-cc199a4 elementor-section-boxed elementor-section-height-default elementor-section-height-default\" data-id=\"cc199a4\" data-element_type=\"section\" data-e-type=\"section\">\n\t\t\t\t\t\t<div class=\"elementor-container elementor-column-gap-default\">\n\t\t\t\t\t<div class=\"elementor-column elementor-col-100 elementor-inner-column elementor-element elementor-element-fa3966e\" data-id=\"fa3966e\" data-element_type=\"column\" data-e-type=\"column\">\n\t\t\t<div class=\"elementor-widget-wrap elementor-element-populated\">\n\t\t\t\t\r\n\t\t<div class=\"elementor-element elementor-element-2f56543a elementor-post-navigation-borders-yes elementor-widget elementor-widget-post-navigation\" data-id=\"2f56543a\" data-element_type=\"widget\" data-e-type=\"widget\" data-widget_type=\"post-navigation.default\">\n\t\t\t\t<div class=\"elementor-widget-container\">\n\t\t\t\t\t\t\t<div class=\"elementor-post-navigation\" role=\"navigation\" aria-label=\"Post Navigation\">\n\t\t\t<div class=\"elementor-post-navigation__prev elementor-post-navigation__link\">\n\t\t\t\t<a href=\"https:\/\/james-mac.com\/en\/viele-liebe-geburtstagsgruesse-an-ute\/\" rel=\"prev\"><span class=\"post-navigation__arrow-wrapper post-navigation__arrow-prev\"><i aria-hidden=\"true\" class=\"fas fa-angle-left\"><\/i><span class=\"elementor-screen-only\">Prev<\/span><\/span><span class=\"elementor-post-navigation__link__prev\"><span class=\"post-navigation__prev--label\">Voriger<\/span><span class=\"post-navigation__prev--title\">Viele liebe Geburtstagsgr\u00fc\u00dfe an Ute<\/span><\/span><\/a>\t\t\t<\/div>\n\t\t\t\t\t\t\t<div class=\"elementor-post-navigation__separator-wrapper\">\n\t\t\t\t\t<div class=\"elementor-post-navigation__separator\"><\/div>\n\t\t\t\t<\/div>\n\t\t\t\t\t\t<div class=\"elementor-post-navigation__next elementor-post-navigation__link\">\n\t\t\t\t<a href=\"https:\/\/james-mac.com\/en\/unser-rueckblick-auf-eine-sommerliche-woche\/\" rel=\"next\"><span class=\"elementor-post-navigation__link__next\"><span class=\"post-navigation__next--label\">N\u00e4chster<\/span><span class=\"post-navigation__next--title\">Unser R\u00fcckblick auf eine sommerliche Woche<\/span><\/span><span class=\"post-navigation__arrow-wrapper post-navigation__arrow-next\"><i aria-hidden=\"true\" class=\"fas fa-angle-right\"><\/i><span class=\"elementor-screen-only\">Next<\/span><\/span><\/a>\t\t\t<\/div>\n\t\t<\/div>\n\t\t\t\t\t\t<\/div>\n\t\t\t\t<\/div>\n\t\t\t\t<div class=\"elementor-element elementor-element-50289923 elementor-widget elementor-widget-shortcode\" data-id=\"50289923\" data-element_type=\"widget\" data-e-type=\"widget\" data-widget_type=\"shortcode.default\">\n\t\t\t\t<div class=\"elementor-widget-container\">\n\t\t\t\t\t\t\t<div class=\"elementor-shortcode\"><\/div>\n\t\t\t\t\t\t<\/div>\n\t\t\t\t<\/div>\n\t\t\t\t<div class=\"elementor-element elementor-element-657f44db elementor-widget elementor-widget-spacer\" data-id=\"657f44db\" data-element_type=\"widget\" data-e-type=\"widget\" data-widget_type=\"spacer.default\">\n\t\t\t\t<div class=\"elementor-widget-container\">\n\t\t\t\t\t\t\t<div class=\"elementor-spacer\">\n\t\t\t<div class=\"elementor-spacer-inner\"><\/div>\n\t\t<\/div>\n\t\t\t\t\t\t<\/div>\n\t\t\t\t<\/div>\n\t\t\t\t<div class=\"elementor-element elementor-element-1dd68d7e elementor-widget elementor-widget-heading\" data-id=\"1dd68d7e\" data-element_type=\"widget\" data-e-type=\"widget\" data-widget_type=\"heading.default\">\n\t\t\t\t<div class=\"elementor-widget-container\">\n\t\t\t\t\t<h3 class=\"elementor-heading-title elementor-size-default\">Eine windstille Woche am Roten Meer<\/h3>\t\t\t\t<\/div>\n\t\t\t\t<\/div>\n\t\t\t\t<div class=\"elementor-element elementor-element-51b9a289 elementor-widget elementor-widget-text-editor\" data-id=\"51b9a289\" data-element_type=\"widget\" data-e-type=\"widget\" data-widget_type=\"text-editor.default\">\n\t\t\t\t<div class=\"elementor-widget-container\">\n\t\t\t\t\t\t\t\t\t<p>Auch in dieser Woche waren unsere Tauchlehrer wieder auf dem Roten Meer unterwegs und hatten von ihren <a href=\"https:\/\/james-mac.com\/en\/taegliche-tauchausfahrten\/\" target=\"_blank\" rel=\"noopener\">Diving Trips<\/a> einiges zu berichten. Bei uns in Hurghada ist immer was los und auch anderswo, nicht nur in \u00c4gypten passierten aufregende Dinge. Hier ist unser R\u00fcckblick auf eine windstille Woche am Roten Meer:<\/p>\t\t\t\t\t\t\t\t<\/div>\n\t\t\t\t<\/div>\n\t\t\t\t<div class=\"elementor-element elementor-element-2280868d elementor-widget elementor-widget-spacer\" data-id=\"2280868d\" data-element_type=\"widget\" data-e-type=\"widget\" data-widget_type=\"spacer.default\">\n\t\t\t\t<div class=\"elementor-widget-container\">\n\t\t\t\t\t\t\t<div class=\"elementor-spacer\">\n\t\t\t<div class=\"elementor-spacer-inner\"><\/div>\n\t\t<\/div>\n\t\t\t\t\t\t<\/div>\n\t\t\t\t<\/div>\n\t\t\t\t<div class=\"elementor-element elementor-element-b97505a elementor-widget elementor-widget-image\" data-id=\"b97505a\" data-element_type=\"widget\" data-e-type=\"widget\" data-widget_type=\"image.default\">\n\t\t\t\t<div class=\"elementor-widget-container\">\n\t\t\t\t\t\t\t\t\t\t\t\t\t\t\t<img fetchpriority=\"high\" decoding=\"async\" width=\"640\" height=\"480\" src=\"https:\/\/james-mac.com\/wp-content\/uploads\/2024\/05\/KORALLENBLOCK-FOTO-KAT-4x3-1-1024x768.jpg\" class=\"attachment-large size-large wp-image-46870\" alt=\"Korallen\" srcset=\"https:\/\/james-mac.com\/wp-content\/uploads\/2024\/05\/KORALLENBLOCK-FOTO-KAT-4x3-1-1024x768.jpg 1024w, https:\/\/james-mac.com\/wp-content\/uploads\/2024\/05\/KORALLENBLOCK-FOTO-KAT-4x3-1-300x225.jpg 300w, https:\/\/james-mac.com\/wp-content\/uploads\/2024\/05\/KORALLENBLOCK-FOTO-KAT-4x3-1-768x576.jpg 768w, https:\/\/james-mac.com\/wp-content\/uploads\/2024\/05\/KORALLENBLOCK-FOTO-KAT-4x3-1-1536x1152.jpg 1536w, https:\/\/james-mac.com\/wp-content\/uploads\/2024\/05\/KORALLENBLOCK-FOTO-KAT-4x3-1-2048x1536.jpg 2048w, https:\/\/james-mac.com\/wp-content\/uploads\/2024\/05\/KORALLENBLOCK-FOTO-KAT-4x3-1-16x12.jpg 16w, https:\/\/james-mac.com\/wp-content\/uploads\/2024\/05\/KORALLENBLOCK-FOTO-KAT-4x3-1-155x116.jpg 155w\" sizes=\"(max-width: 640px) 100vw, 640px\" \/>\t\t\t\t\t\t\t\t\t\t\t\t\t\t\t<\/div>\n\t\t\t\t<\/div>\n\t\t\t\t<div class=\"elementor-element elementor-element-5d5e3d0 elementor-widget elementor-widget-spacer\" data-id=\"5d5e3d0\" data-element_type=\"widget\" data-e-type=\"widget\" data-widget_type=\"spacer.default\">\n\t\t\t\t<div class=\"elementor-widget-container\">\n\t\t\t\t\t\t\t<div class=\"elementor-spacer\">\n\t\t\t<div class=\"elementor-spacer-inner\"><\/div>\n\t\t<\/div>\n\t\t\t\t\t\t<\/div>\n\t\t\t\t<\/div>\n\t\t\t\t<div class=\"elementor-element elementor-element-113b441 elementor-widget elementor-widget-heading\" data-id=\"113b441\" data-element_type=\"widget\" data-e-type=\"widget\" data-widget_type=\"heading.default\">\n\t\t\t\t<div class=\"elementor-widget-container\">\n\t\t\t\t\t<h3 class=\"elementor-heading-title elementor-size-default\">Das Wasser erreicht langsam sommerliche Temperaturen<\/h3>\t\t\t\t<\/div>\n\t\t\t\t<\/div>\n\t\t\t\t<div class=\"elementor-element elementor-element-ece2189 elementor-widget__width-initial elementor-widget elementor-widget-text-editor\" data-id=\"ece2189\" data-element_type=\"widget\" data-e-type=\"widget\" data-widget_type=\"text-editor.default\">\n\t\t\t\t<div class=\"elementor-widget-container\">\n\t\t\t\t\t\t\t\t\t<p>Hier bei uns in Hurghada freuen wir uns im Augenblick jeden Tag \u00fcber das blaue Meer und die steigenden Wassertemperaturen. Erstmalig hat es in der vergangenen Woche die 27 Grad Marke \u00fcberschritten, Tendenz steigend. F\u00fcr die Tauchlehrer hei\u00dft das, der Winteranzug kann endg\u00fcltig eingemottet werden und wir tauchen schon im 5 mm Anzug. Noch ein paar Wochen und dieser wird dann gegen einen Shorty ausgetauscht. Wind hatten wir in der letzten Woche kaum und so standen uns alle Optionen offen. Das haben wir nat\u00fcrlich ausgenutzt.<\/p><p>Am vergangenen Wochenende hatten wir hierzu schon Gelegenheit, denn ganz ohne Welle konnten wir mal wieder <a href=\"https:\/\/james-mac.com\/en\/heute-gab-es-viel-neues-zu-entdecken\/\" target=\"_blank\" rel=\"noopener\">ein paar neue Tauchpl\u00e4tze<\/a> ausprobieren. So sprangen wir irgendwo in der N\u00e4he von Abu Galawa von Bord und erkundeten einen sch\u00f6nen Korallengarten. Auch in der N\u00e4he von Fanadir waren wir wieder abseits der bekannten Pfade unterwegs. Wir tauchten weit oberhalb von Fanadir Foc und weit unterhalb von Fanadir Dacht Dacht. Hier waren alle restlos begeistert von der unber\u00fchrten Korallenvielfalt.\u00a0<\/p><p>F\u00fcr unseren Sonntagsausflug hatten wir zwar keinen Wind gebucht, doch den gabs gratis dazu. Es war ein letztes Aufb\u00e4umen, bevor er sich dann verabschiedete. Wir entschieden uns deshalb kurzerhand, die sch\u00f6nen Tauchpl\u00e4tze bei den Giftun Inseln aufzusuchen. Der Favorit war nat\u00fcrlich Ham Ham. Unsere erfahrenen Taucher schauten mal, ob das Moschee-Fenster noch da ist und der Rest schwebte \u00fcbers Plateau und an der Riffwand entlang zum Boot. Auch Fanadir stand auf dem Programm und hier gab es wie immer viel zu entdecken.<\/p>\t\t\t\t\t\t\t\t<\/div>\n\t\t\t\t<\/div>\n\t\t\t\t<div class=\"elementor-element elementor-element-210a1f1 elementor-widget elementor-widget-spacer\" data-id=\"210a1f1\" data-element_type=\"widget\" data-e-type=\"widget\" data-widget_type=\"spacer.default\">\n\t\t\t\t<div class=\"elementor-widget-container\">\n\t\t\t\t\t\t\t<div class=\"elementor-spacer\">\n\t\t\t<div class=\"elementor-spacer-inner\"><\/div>\n\t\t<\/div>\n\t\t\t\t\t\t<\/div>\n\t\t\t\t<\/div>\n\t\t\t\t<div class=\"elementor-element elementor-element-33ab67f elementor-widget elementor-widget-heading\" data-id=\"33ab67f\" data-element_type=\"widget\" data-e-type=\"widget\" data-widget_type=\"heading.default\">\n\t\t\t\t<div class=\"elementor-widget-container\">\n\t\t\t\t\t<h3 class=\"elementor-heading-title elementor-size-default\">Ein sch\u00f6ner Ausflug nach Abu Kafan<\/h3>\t\t\t\t<\/div>\n\t\t\t\t<\/div>\n\t\t\t\t<div class=\"elementor-element elementor-element-94ca78b elementor-widget__width-initial elementor-widget elementor-widget-text-editor\" data-id=\"94ca78b\" data-element_type=\"widget\" data-e-type=\"widget\" data-widget_type=\"text-editor.default\">\n\t\t\t\t<div class=\"elementor-widget-container\">\n\t\t\t\t\t\t\t\t\t<p>In die neue Woche starteten wir diesmal ganz fr\u00fch, denn bereits um 6.00 Uhr ging es los mit unserer Bahlul Richtung Safaga nach Abu Kafan. Hier machten wir am Vormittag einen One Way zum S\u00fcdplateau. Am Nachmittag tauchten wir beim Panorama Reef ab. Hier gings vom Nordplateau auf die Westseite. Vorbei an bunten Weich- und Hartkorallen kamen wir schlie\u00dflich mit vielen Bildern auf den Kameras wieder an der Bahlul an.<\/p><p>Einen <a href=\"https:\/\/james-mac.com\/en\/bootstausch-auf-dem-weg-zum-carless-reef\/\" target=\"_blank\" rel=\"noopener\">spannenden Tauchtag<\/a> hatten einige von uns am Dienstag. Petra war samt ihrer Gruppe auf der Scharara unterwegs Richtung Carless Reef, als die Maschine pl\u00f6tzlich ihren Dienst verweigerte. Doch Hilfe war schon in Sicht. Die Basi, ein Schiff unserer Schwesterbasis Blue Water Dive Resort, nahm uns an die Leine und schleppte die Scharara in die Lagune von Fanous. Gleichzeitig machte sich die Bahlul vom Hafen aus auf den Weg und bereits kurze Zeit sp\u00e4ter konnten unsere Tauchg\u00e4ste ihre Reise zum Tauchplatz fortsetzen. So hatten alle nicht nur zwei sch\u00f6ne Tauchg\u00e4nge, sondern auch was zu erz\u00e4hlen.<\/p><p>Zur Wochenmitte hatten wir uns vorgenommen, mal wieder f\u00fcr etwas mehr Sauberkeit im Roten Meer zu sorgen. Nach den beiden regul\u00e4ren Tauchg\u00e4ngen machten unsere flei\u00dfigen G\u00e4ste nochmal bei Magawish Halt, um einen Unterwasser Clean Up durchzuf\u00fchren. Mit sage und schreibe 13 S\u00e4cken voll mit M\u00fcll bewaffnet kamen sie abends wieder an unserer Jetty an.\u00a0<\/p><p>Kurz vor dem Wochenende w\u00fcnschten sich unsere Tauchg\u00e4ste noch einmal <a href=\"https:\/\/james-mac.com\/en\/eine-runde-mit-delfinen-vor-dem-tauchen\/\" target=\"_blank\" rel=\"noopener\">Delfine in Shaab Helua<\/a>. Hier sprangen wir f\u00fcr zwei Tauchg\u00e4nge ins Wasser. Delfine gabs beim Tauchen diesmal zwar nicht, aber daf\u00fcr viele andere sch\u00f6ne Dinge. Das bedeute aber nicht, dass unsere grauen Freunde gar nicht anwesend waren. Sie hatten nur mehr Lust, mit den G\u00e4sten zu schnorcheln und so verbrachten alle die Mittagespause im Wasser. Mit diesen sch\u00f6nen Erlebnissen starteten wir langsam aber sich in eine neue Tauchwoche.<\/p>\t\t\t\t\t\t\t\t<\/div>\n\t\t\t\t<\/div>\n\t\t\t\t<div class=\"elementor-element elementor-element-96849f7 elementor-widget elementor-widget-spacer\" data-id=\"96849f7\" data-element_type=\"widget\" data-e-type=\"widget\" data-widget_type=\"spacer.default\">\n\t\t\t\t<div class=\"elementor-widget-container\">\n\t\t\t\t\t\t\t<div class=\"elementor-spacer\">\n\t\t\t<div class=\"elementor-spacer-inner\"><\/div>\n\t\t<\/div>\n\t\t\t\t\t\t<\/div>\n\t\t\t\t<\/div>\n\t\t\t\t<div class=\"elementor-element elementor-element-33f8500 elementor-widget elementor-widget-html\" data-id=\"33f8500\" data-element_type=\"widget\" data-e-type=\"widget\" data-widget_type=\"html.default\">\n\t\t\t\t<div class=\"elementor-widget-container\">\n\t\t\t\t\t<iframe width=\"560\" height=\"550\" src=\"https:\/\/www.youtube.com\/embed\/eT92KQSFeP4?si=tG6si9dX9R9BBF7r\" title=\"YouTube video player\" frameborder=\"0\" allow=\"accelerometer; autoplay; clipboard-write; encrypted-media; gyroscope; picture-in-picture; web-share\" referrerpolicy=\"strict-origin-when-cross-origin\" allowfullscreen><\/iframe>\t\t\t\t<\/div>\n\t\t\t\t<\/div>\n\t\t\t\t<div class=\"elementor-element elementor-element-72d076f elementor-widget elementor-widget-spacer\" data-id=\"72d076f\" data-element_type=\"widget\" data-e-type=\"widget\" data-widget_type=\"spacer.default\">\n\t\t\t\t<div class=\"elementor-widget-container\">\n\t\t\t\t\t\t\t<div class=\"elementor-spacer\">\n\t\t\t<div class=\"elementor-spacer-inner\"><\/div>\n\t\t<\/div>\n\t\t\t\t\t\t<\/div>\n\t\t\t\t<\/div>\n\t\t\t\t<div class=\"elementor-element elementor-element-7d4bfbb elementor-widget elementor-widget-heading\" data-id=\"7d4bfbb\" data-element_type=\"widget\" data-e-type=\"widget\" data-widget_type=\"heading.default\">\n\t\t\t\t<div class=\"elementor-widget-container\">\n\t\t\t\t\t<h3 class=\"elementor-heading-title elementor-size-default\">\u00c4gyptens Projekt zur Wiederherstellung von Korallenriffen im Roten Meer erzielt einen Durchbruch<\/h3>\t\t\t\t<\/div>\n\t\t\t\t<\/div>\n\t\t\t\t<div class=\"elementor-element elementor-element-aa57c84 elementor-widget elementor-widget-text-editor\" data-id=\"aa57c84\" data-element_type=\"widget\" data-e-type=\"widget\" data-widget_type=\"text-editor.default\">\n\t\t\t\t<div class=\"elementor-widget-container\">\n\t\t\t\t\t\t\t\t\t<p>Seit fast 10 Jahren l\u00e4uft bereits ein experimentelles Projekt zur Herstellung zerst\u00f6rter Korallenriffe im Roten Meer. Dieses Projekt ist das erste seiner Art in der Rotes Meer-Region, das \u00fcber die Studien- und \u00dcberwachungsphase hinaus in die Phase der aktiven Beteiligung an der L\u00f6sung von Umweltproblemen \u00fcbergegangen ist. Es soll der Sanierung der gesch\u00e4digten Korallenriffe (nicht nur) im Roten Meer dienen.<\/p><p>K\u00fcrzlich konnten die Umweltforscher der Abu Salam Environmental Association und des\u00a0<a class=\"c-link\" href=\"https:\/\/beta.sis.gov.eg\/en\/egypt\/tourism\/environmental-tourism\/red-sea-northern-islands-reserve\/\" target=\"_blank\" rel=\"noopener noreferrer\" data-stringify-link=\"https:\/\/beta.sis.gov.eg\/en\/egypt\/tourism\/environmental-tourism\/red-sea-northern-islands-reserve\/\" data-sk=\"tooltip_parent\">Red Sea Northern Island Reserves<\/a> in wissenschaftlicher Zusammenarbeit mit der Abteilung f\u00fcr Meereswissenschaften an der wissenschaftlichen Fakult\u00e4t der Al-Azhar-Universit\u00e4t nun den Erfolg des Projekts bekannt geben. Die Wissenschaftler bezeichneten das Projekt als eines der erfolgreichsten Umweltprojekte zur Wiederherstellung und Wiederbepflanzung von Korallenriffen auf nat\u00fcrliche Weise aller Zeiten. Bei der k\u00fcrzlichen Inspektion der angepflanzten Korallen konnte das Wachstum vieler Arten von Hart- und Weichkorallen auf den Pflanzgittern sowie das Auftauchen vieler anderer Meeresbewohner und bunter Fische ringsherum beobachtet werden.<\/p><p>Die erfolgreiche\u00a0<a class=\"c-link\" href=\"https:\/\/www.egyptindependent.com\/egypts-red-sea-coral-reef-restoration-project-achieves-breakthrough-in-middle-east\/\" target=\"_blank\" rel=\"noopener noreferrer\" data-stringify-link=\"https:\/\/www.egyptindependent.com\/egypts-red-sea-coral-reef-restoration-project-achieves-breakthrough-in-middle-east\/\" data-sk=\"tooltip_parent\">nat\u00fcrliche Wiederherstellung<\/a>\u00a0von Korallenriffen hat den Umweltforschern etliche neue M\u00f6glichkeiten er\u00f6ffnet. Gleichzeitig konnte die absolute Notwendigkeit unterstrichen werden, Gebiete mit gesch\u00e4digten Korallenriffen wiederherzustellen. Ziel des Projekts war und ist die Wiederherstellung von Korallenriffen, indem k\u00fcnstliche Oberfl\u00e4chen aus umweltvertr\u00e4glichen Materialien geschaffen werden.\u00a0<a class=\"c-link\" href=\"https:\/\/www.zdf.de\/nachrichten\/politik\/ausland\/kuenstliches-korallenriff-oekosystem-riff-umweltschutz-100.html#xtor=CS5-281\" target=\"_blank\" rel=\"noopener noreferrer\" data-stringify-link=\"https:\/\/www.zdf.de\/nachrichten\/politik\/ausland\/kuenstliches-korallenriff-oekosystem-riff-umweltschutz-100.html#xtor=CS5-281\" data-sk=\"tooltip_parent\">Diese<\/a> m\u00fcssen f\u00fcr die Aufnahme von Korallenlarven und deren nat\u00fcrliches Wachstum geeignet sein.<\/p><p>In Hurghada zielt das Projekt zun\u00e4chst auf die Sanierung von drei Gebieten mit gesch\u00e4digten Korallenriffen ab, Makadi Bay, Abu Soma und Abu Mingar Lighthouse. In den drei Gebieten wurden Modelle installiert, in denen man erfolgreich Weich- und Steinkorallenlarven gez\u00fcchtet hat. Diese wuchsen im Laufe der Zeit zur richtigen Korallen heran. Der Erfolg des Sanierungs- und Bepflanzungsexperiments ermutigt zur Einrichtung neuer Korallenriff-Pflanzstellen in anderen gesch\u00e4digten Gebieten. Ein weiteres Ziel des Projekts ist es, den Sch\u00e4digungen durch den Wassersporttourismus im Roten Meer entgegenzuwirken. Auch in <a class=\"c-link\" href=\"https:\/\/www.arabnews.com\/node\/2499221\/saudi-arabia\" target=\"_blank\" rel=\"noopener noreferrer\" data-stringify-link=\"https:\/\/www.arabnews.com\/node\/2499221\/saudi-arabia\" data-sk=\"tooltip_parent\">Saudi-Arabien<\/a>\u00a0laufen bereits Projekte dieser Art.<\/p>\t\t\t\t\t\t\t\t<\/div>\n\t\t\t\t<\/div>\n\t\t\t\t<div class=\"elementor-element elementor-element-b431e0a elementor-widget elementor-widget-spacer\" data-id=\"b431e0a\" data-element_type=\"widget\" data-e-type=\"widget\" data-widget_type=\"spacer.default\">\n\t\t\t\t<div class=\"elementor-widget-container\">\n\t\t\t\t\t\t\t<div class=\"elementor-spacer\">\n\t\t\t<div class=\"elementor-spacer-inner\"><\/div>\n\t\t<\/div>\n\t\t\t\t\t\t<\/div>\n\t\t\t\t<\/div>\n\t\t\t\t<div class=\"elementor-element elementor-element-61c006b elementor-widget elementor-widget-html\" data-id=\"61c006b\" data-element_type=\"widget\" data-e-type=\"widget\" data-widget_type=\"html.default\">\n\t\t\t\t<div class=\"elementor-widget-container\">\n\t\t\t\t\t<iframe width=\"560\" height=\"550\" src=\"https:\/\/www.youtube.com\/embed\/3KA1P3U5ob0?si=ysSclK6ECSSsqLNy\" title=\"YouTube video player\" frameborder=\"0\" allow=\"accelerometer; autoplay; clipboard-write; encrypted-media; gyroscope; picture-in-picture; web-share\" referrerpolicy=\"strict-origin-when-cross-origin\" allowfullscreen><\/iframe>\t\t\t\t<\/div>\n\t\t\t\t<\/div>\n\t\t\t\t<div class=\"elementor-element elementor-element-13ceb87c elementor-widget elementor-widget-spacer\" data-id=\"13ceb87c\" data-element_type=\"widget\" data-e-type=\"widget\" data-widget_type=\"spacer.default\">\n\t\t\t\t<div class=\"elementor-widget-container\">\n\t\t\t\t\t\t\t<div class=\"elementor-spacer\">\n\t\t\t<div class=\"elementor-spacer-inner\"><\/div>\n\t\t<\/div>\n\t\t\t\t\t\t<\/div>\n\t\t\t\t<\/div>\n\t\t\t\t<div class=\"elementor-element elementor-element-389c9a69 elementor-widget elementor-widget-heading\" data-id=\"389c9a69\" data-element_type=\"widget\" data-e-type=\"widget\" data-widget_type=\"heading.default\">\n\t\t\t\t<div class=\"elementor-widget-container\">\n\t\t\t\t\t<h3 class=\"elementor-heading-title elementor-size-default\">Treffen mit Botschaftern wegen der FTI Insolvenz<\/h3>\t\t\t\t<\/div>\n\t\t\t\t<\/div>\n\t\t\t\t<div class=\"elementor-element elementor-element-655c917 elementor-widget elementor-widget-text-editor\" data-id=\"655c917\" data-element_type=\"widget\" data-e-type=\"widget\" data-widget_type=\"text-editor.default\">\n\t\t\t\t<div class=\"elementor-widget-container\">\n\t\t\t\t\t\t\t\t\t<p>Der Konkurs des gro\u00dfen europ\u00e4ischen Reiseveranstalters FTI betrifft auch viele deutsche und \u00f6sterreichische Urlauber am Roten Meer. Nun gab es Anfang letzter Woche\u00a0<a class=\"c-link\" href=\"https:\/\/english.ahram.org.eg\/NewsContent\/1\/1238\/525243\/Egypt\/Tourism\/Tourism-ministry-probes-fate-of-German-tourism-com.aspx\" target=\"_blank\" rel=\"noopener noreferrer\" data-stringify-link=\"https:\/\/english.ahram.org.eg\/NewsContent\/1\/1238\/525243\/Egypt\/Tourism\/Tourism-ministry-probes-fate-of-German-tourism-com.aspx\" data-sk=\"tooltip_parent\">ein Treffen<\/a>\u00a0des \u00e4gyptischen Ministers f\u00fcr Tourismus und Altert\u00fcmer mit dem deutschen und dem \u00f6sterreichischen Botschafter, um das weitere Vorgehen zu er\u00f6rtern.<\/p><p>Nach Angaben des Tourismusministeriums traf sich der \u00e4gyptische Minister mit dem deutschen Botschafter Frank Hartmann und dem \u00f6sterreichischen Botschafter Georg Postinger. Ziel des Gespr\u00e4chs war es sicherzustellen, dass die Touristen, die \u00fcber FTI gebucht haben, die von ihnen bezahlten Leistungen erhalten. Weiterhin sollen die \u00e4gyptischen Hotels und Tourismusunternehmen entsch\u00e4digt werden. Der deutsche Botschafter hat best\u00e4tigt, dass das Unternehmen gegen Insolvenz versichert ist. Das bedeutet, dass alle den \u00e4gyptischen Unternehmen geschuldeten Kosten gedeckt seien.<\/p><p>Bei dem Treffen wurde auch besprochen, dass die Zentralverwaltung f\u00fcr Hotelbetriebe, Gesch\u00e4fte und Tourismusaktivit\u00e4ten des \u00e4gyptischen Ministeriums die Situation der FTI-Touristen am Roten Meer und anderswo pr\u00fcft. Zum Zeitpunkt der Insolvenz sch\u00e4tze man, dass sich etwa 11.000 Touristen in \u00c4gypten aufhalten, die mit FTI in Verbindung standen. Diese Zahl hat man jedoch dem Ministerium zufolge inzwischen auf weniger als 5.000 korrigiert. Bei dem Treffen wurden auch die Bem\u00fchungen der \u00e4gyptischen Tourismusbeh\u00f6rde um den Schutz der\u00a0<a class=\"c-link\" href=\"https:\/\/www.touristik-aktuell.de\/nachrichten\/veranstalter\/news\/datum\/2024\/06\/07\/fti-insolvenz-das-problem-mit-gaesten-im-zielgebiet\/\" target=\"_blank\" rel=\"noopener noreferrer\" data-stringify-link=\"https:\/\/www.touristik-aktuell.de\/nachrichten\/veranstalter\/news\/datum\/2024\/06\/07\/fti-insolvenz-das-problem-mit-gaesten-im-zielgebiet\/\" data-sk=\"tooltip_parent\">Rechte von Touristen<\/a>, Hotels und \u00e4gyptischen Unternehmen, er\u00f6rtert, die Vertr\u00e4ge mit FTI hatten.<\/p><p>Inzwischen hat es mehrere virtuelle Konferenzen mit europ\u00e4ischen Partnern aus der Reisebranche hervorgehoben gegeben. W\u00e4hrend des Treffens forderte der Minister die Botschafter auf, die notwendigen Verfahren zu beschleunigen. Dadurch w\u00e4re die Deutsche Reiseversicherung eher in der Lage, alle Schulden gegen\u00fcber \u00e4gyptischen Hotels und Tourismusunternehmen zu begleichen, die G\u00e4ste im Rahmen der FTI-Reiseprogramme haben. Bisher verl\u00e4uft der Urlaub der Reisenden, die \u00fcber FTI gebucht haben, weitgehend reibungslos. Bis auf\u00a0<a class=\"c-link\" href=\"https:\/\/www.rtl.de\/leben\/reisen\/tumulte-nach-fti-pleite-enrico-42-berichtet-aus-dem-chaos-hotel-in-aegypten-id1650203.html\" target=\"_blank\" rel=\"noopener noreferrer\" data-stringify-link=\"https:\/\/www.rtl.de\/leben\/reisen\/tumulte-nach-fti-pleite-enrico-42-berichtet-aus-dem-chaos-hotel-in-aegypten-id1650203.html\" data-sk=\"tooltip_parent\">einige Ausnahmen<\/a>\u00a0gibt es keine Schwierigkeiten in den Hotels und die G\u00e4ste k\u00f6nnen ihren Urlaub uneingeschr\u00e4nkt genie\u00dfen.<span class=\"c-message__edited_label\" dir=\"ltr\" data-sk=\"tooltip_parent\">\u00a0<\/span><\/p>\t\t\t\t\t\t\t\t<\/div>\n\t\t\t\t<\/div>\n\t\t\t\t<div class=\"elementor-element elementor-element-bdd6361 elementor-widget elementor-widget-spacer\" data-id=\"bdd6361\" data-element_type=\"widget\" data-e-type=\"widget\" data-widget_type=\"spacer.default\">\n\t\t\t\t<div class=\"elementor-widget-container\">\n\t\t\t\t\t\t\t<div class=\"elementor-spacer\">\n\t\t\t<div class=\"elementor-spacer-inner\"><\/div>\n\t\t<\/div>\n\t\t\t\t\t\t<\/div>\n\t\t\t\t<\/div>\n\t\t\t\t<div class=\"elementor-element elementor-element-f34d21a elementor-widget elementor-widget-image\" data-id=\"f34d21a\" data-element_type=\"widget\" data-e-type=\"widget\" data-widget_type=\"image.default\">\n\t\t\t\t<div class=\"elementor-widget-container\">\n\t\t\t\t\t\t\t\t\t\t\t\t\t\t\t<img decoding=\"async\" width=\"640\" height=\"480\" src=\"https:\/\/james-mac.com\/wp-content\/uploads\/2024\/06\/rawan-yasser-tOlA5AuxQa0-unsplash-strasse-wueste-auto-43-1024x768.jpg\" class=\"attachment-large size-large wp-image-47348\" alt=\"Eine windstille Woche am Roten Meer\" srcset=\"https:\/\/james-mac.com\/wp-content\/uploads\/2024\/06\/rawan-yasser-tOlA5AuxQa0-unsplash-strasse-wueste-auto-43-1024x768.jpg 1024w, https:\/\/james-mac.com\/wp-content\/uploads\/2024\/06\/rawan-yasser-tOlA5AuxQa0-unsplash-strasse-wueste-auto-43-300x225.jpg 300w, https:\/\/james-mac.com\/wp-content\/uploads\/2024\/06\/rawan-yasser-tOlA5AuxQa0-unsplash-strasse-wueste-auto-43-768x576.jpg 768w, https:\/\/james-mac.com\/wp-content\/uploads\/2024\/06\/rawan-yasser-tOlA5AuxQa0-unsplash-strasse-wueste-auto-43-1536x1152.jpg 1536w, https:\/\/james-mac.com\/wp-content\/uploads\/2024\/06\/rawan-yasser-tOlA5AuxQa0-unsplash-strasse-wueste-auto-43-2048x1536.jpg 2048w, https:\/\/james-mac.com\/wp-content\/uploads\/2024\/06\/rawan-yasser-tOlA5AuxQa0-unsplash-strasse-wueste-auto-43-16x12.jpg 16w, https:\/\/james-mac.com\/wp-content\/uploads\/2024\/06\/rawan-yasser-tOlA5AuxQa0-unsplash-strasse-wueste-auto-43-155x116.jpg 155w\" sizes=\"(max-width: 640px) 100vw, 640px\" \/>\t\t\t\t\t\t\t\t\t\t\t\t\t\t\t<\/div>\n\t\t\t\t<\/div>\n\t\t\t\t<div class=\"elementor-element elementor-element-681304c elementor-widget elementor-widget-spacer\" data-id=\"681304c\" data-element_type=\"widget\" data-e-type=\"widget\" data-widget_type=\"spacer.default\">\n\t\t\t\t<div class=\"elementor-widget-container\">\n\t\t\t\t\t\t\t<div class=\"elementor-spacer\">\n\t\t\t<div class=\"elementor-spacer-inner\"><\/div>\n\t\t<\/div>\n\t\t\t\t\t\t<\/div>\n\t\t\t\t<\/div>\n\t\t\t\t<div class=\"elementor-element elementor-element-4556563b elementor-widget elementor-widget-heading\" data-id=\"4556563b\" data-element_type=\"widget\" data-e-type=\"widget\" data-widget_type=\"heading.default\">\n\t\t\t\t<div class=\"elementor-widget-container\">\n\t\t\t\t\t<h3 class=\"elementor-heading-title elementor-size-default\">\u00c4gyptens Stra\u00dfen werden immer besser<\/h3>\t\t\t\t<\/div>\n\t\t\t\t<\/div>\n\t\t\t\t<div class=\"elementor-element elementor-element-bafc2a9 elementor-widget elementor-widget-text-editor\" data-id=\"bafc2a9\" data-element_type=\"widget\" data-e-type=\"widget\" data-widget_type=\"text-editor.default\">\n\t\t\t\t<div class=\"elementor-widget-container\">\n\t\t\t\t\t\t\t\t\t<p>Noch vor wenigen Jahren konnten die \u00e4gyptischen Stra\u00dfen h\u00f6flich ausgedr\u00fcckt als abenteuerlich bezeichnen. Einige Hauptverkehrswege waren bereits auf europ\u00e4ischem Niveau ausgebaut, andere hingegen erinnerten an eine W\u00fcstenpiste. Das hat sich inzwischen\u00a0<a class=\"c-link\" href=\"https:\/\/www.egypttoday.com\/Article\/1\/132837\/Egypt-jumps-100-places-in-global-road-quality-index-ranking\" target=\"_blank\" rel=\"noopener noreferrer\" data-stringify-link=\"https:\/\/www.egypttoday.com\/Article\/1\/132837\/Egypt-jumps-100-places-in-global-road-quality-index-ranking\" data-sk=\"tooltip_parent\">grundlegend ge\u00e4ndert<\/a>. Ein Hauptaugenmerk \u00c4gyptens lag in den vergangenen Jahren auf dem Ausbau des Stra\u00dfensystems. Und das hat sich gelohnt! \u00c4gypten ist im weltweiten Stra\u00dfenqualit\u00e4tsindex um beeindruckende 100 Pl\u00e4tze aufgestiegen und liegt derzeit auf Rang 18.<\/p><p>Diese bemerkenswerte Leistung ist auf das nationale Stra\u00dfenprojekt zur\u00fcckzuf\u00fchren. Dies sieht den Bau von insgesamt 7.000 Kilometern Stra\u00dfen vor. Bislang wurden 6.300 Kilometer mit Kosten in H\u00f6he von 155 Milliarden \u00e4gyptischen Pfund fertiggestellt. Nach der Fertigstellung wird die Gesamtl\u00e4nge der Hauptstra\u00dfen um 29,8 % zunehmen und bis Ende 2024 30.500 Kilometer erreichen, verglichen mit 23.500 Kilometern im Jahr 2014. Ferner wurden 8.400 Kilometer Hauptverkehrsstra\u00dfen mit einem Kostenaufwand von 110 Milliarden \u00e4gyptischen Pfund modernisiert und ihre Effizienz verbessert, was einem Gesamtziel von 10.000 Kilometern entspricht.<\/p><p>In den\u00a0<a class=\"c-link\" href=\"https:\/\/scenenow.com\/Buzz\/Egypt-s-Roads-Ranked-18th-Best-Globally-Gaining-100-Places-Since-2015\" target=\"_blank\" rel=\"noopener noreferrer\" data-stringify-link=\"https:\/\/scenenow.com\/Buzz\/Egypt-s-Roads-Ranked-18th-Best-Globally-Gaining-100-Places-Since-2015\" data-sk=\"tooltip_parent\">letzten zehn Jahren hat<\/a>\u00a0\u00c4gypten also gro\u00dfe Fortschritte bei der Entwicklung eines umfassenden und zusammenh\u00e4ngenden nationalen Stra\u00dfennetzes gemacht. Das Stra\u00dfennetz umfasst die verschiedenen Regierungsbezirke in ganz \u00c4gypten. Das Land hat seine Bem\u00fchungen um die Verbesserung der Infrastruktur, die Modernisierung der Stra\u00dfen und deren Anpassung an globale Standards beschleunigt. Dieses Engagement st\u00fctzt sich auf die Erkenntnis, dass ein gutes Stra\u00dfennetz unabdingbar f\u00fcr die Verwirklichung der Ziele der wirtschaftlichen und sozialen Entwicklungspl\u00e4ne ist.<\/p><p>Effiziente Stra\u00dfen erleichtern die Fortbewegung und den Transport, tragen zu einer reibungsloseren Wirtschaftst\u00e4tigkeit bei, ziehen mehr Investoren an und verbessern die Lebensqualit\u00e4t der \u00e4gyptischen B\u00fcrger. Weiterhin f\u00f6rdern sie den Verkehrsfluss, erh\u00f6hen die Verkehrssicherheit und verringern die Unfallzahlen. Diese Faktoren haben nicht nur zu \u00c4gyptens\u00a0<a class=\"c-link\" href=\"https:\/\/english.ahram.org.eg\/NewsContentP\/1\/525122\/Egypt\/Egypt-road-quality-advanced--places-in-global-rank.aspx#:~:text=The%20index%20value%20reached%205.53,points%20in%202015%20(118th).\" target=\"_blank\" rel=\"noopener noreferrer\" data-stringify-link=\"https:\/\/english.ahram.org.eg\/NewsContentP\/1\/525122\/Egypt\/Egypt-road-quality-advanced--places-in-global-rank.aspx#:~:text=The%20index%20value%20reached%205.53,points%20in%202015%20(118th).\" data-sk=\"tooltip_parent\">bemerkenswertem Fortschritt<\/a>\u00a0in der weltweiten Rangliste des Stra\u00dfenqualit\u00e4tsindex beigetragen, die Durchf\u00fchrung von Stra\u00dfenbau- und Entwicklungsprojekten hat auch zu einem R\u00fcckgang der Zahl der Verkehrstoten um 28,6 % gef\u00fchrt.<span class=\"c-message__edited_label\" dir=\"ltr\" data-sk=\"tooltip_parent\">\u00a0<\/span><\/p>\t\t\t\t\t\t\t\t<\/div>\n\t\t\t\t<\/div>\n\t\t\t\t<div class=\"elementor-element elementor-element-d43694b elementor-widget elementor-widget-spacer\" data-id=\"d43694b\" data-element_type=\"widget\" data-e-type=\"widget\" data-widget_type=\"spacer.default\">\n\t\t\t\t<div class=\"elementor-widget-container\">\n\t\t\t\t\t\t\t<div class=\"elementor-spacer\">\n\t\t\t<div class=\"elementor-spacer-inner\"><\/div>\n\t\t<\/div>\n\t\t\t\t\t\t<\/div>\n\t\t\t\t<\/div>\n\t\t\t\t<div class=\"elementor-element elementor-element-b337408 elementor-widget elementor-widget-heading\" data-id=\"b337408\" data-element_type=\"widget\" data-e-type=\"widget\" data-widget_type=\"heading.default\">\n\t\t\t\t<div class=\"elementor-widget-container\">\n\t\t\t\t\t<h3 class=\"elementor-heading-title elementor-size-default\">Eine windstille Woche am Roten Meer<\/h3>\t\t\t\t<\/div>\n\t\t\t\t<\/div>\n\t\t\t\t<div class=\"elementor-element elementor-element-69fa36c3 elementor-widget elementor-widget-text-editor\" data-id=\"69fa36c3\" data-element_type=\"widget\" data-e-type=\"widget\" data-widget_type=\"text-editor.default\">\n\t\t\t\t<div class=\"elementor-widget-container\">\n\t\t\t\t\t\t\t\t\t<p>Das war: Eine windstille Woche am Roten Meer. N\u00e4chste Woche gibt es wieder aktuelle Neuigkeiten von \u00c4gypten und anderswo <a href=\"https:\/\/james-mac.com\/en\/news-3\/\" target=\"_blank\" rel=\"noopener\">zu berichten<\/a>, wir halten euch auf dem Laufenden!<\/p>\t\t\t\t\t\t\t\t<\/div>\n\t\t\t\t<\/div>\n\t\t\t\t<div class=\"elementor-element elementor-element-4151c811 elementor-widget elementor-widget-text-editor\" data-id=\"4151c811\" data-element_type=\"widget\" data-e-type=\"widget\" data-widget_type=\"text-editor.default\">\n\t\t\t\t<div class=\"elementor-widget-container\">\n\t\t\t\t\t\t\t\t\t<p>Eine windstille Woche am Roten Meer, James &amp; Mac Diving Center \u2013 Fotonachweise: James &amp; Mac<\/p>\t\t\t\t\t\t\t\t<\/div>\n\t\t\t\t<\/div>\n\t\t\t\t\t<\/div>\n\t\t<\/div>\n\t\t\t\t\t<\/div>\n\t\t<\/section>\n\t\t\t\t\t<\/div>\n\t\t<\/div>\n\t\t\t\t\t<\/div>\n\t\t<\/section>\n\t\t\t\t<\/div>","protected":false},"excerpt":{"rendered":"<p>Eine windstille Woche am Roten Meer Auch in dieser Woche waren unsere Tauchlehrer wieder auf dem Roten Meer unterwegs und hatten von ihren Tauchausfahrten einiges zu berichten. Bei uns in Hurghada ist immer was los und auch anderswo, nicht nur in \u00c4gypten passierten aufregende Dinge. Hier ist unser R\u00fcckblick auf eine windstille Woche am Roten Meer: Das Wasser erreicht langsam sommerliche Temperaturen Hier bei uns in Hurghada freuen wir uns im Augenblick jeden Tag \u00fcber das blaue Meer und die&hellip;<\/p>","protected":false},"author":4,"featured_media":46703,"comment_status":"open","ping_status":"closed","sticky":false,"template":"","format":"standard","meta":{"footnotes":""},"categories":[1],"tags":[1185,136,170,135,413,355],"class_list":["post-47336","post","type-post","status-publish","format-standard","has-post-thumbnail","hentry","category-blog-rotes-meer","tag-1185","tag-aegypten","tag-hurghada","tag-rotes-meer","tag-rueckblick","tag-wochenrueckblick","post-has-thumbnail"],"yoast_head":"<!-- This site is optimized with the Yoast SEO plugin v27.4 - https:\/\/yoast.com\/product\/yoast-seo-wordpress\/ -->\n<title>Eine windstille Woche am Roten Meer - James &amp; Mac Diving Center<\/title>\n<meta name=\"description\" content=\"Eine windstille Woche am Roten Meer. Auch diese Woche blicken wir wieder auf Dinge zur\u00fcck, die in \u00c4gypten passiert sind.\" \/>\n<meta name=\"robots\" content=\"index, follow, max-snippet:-1, max-image-preview:large, max-video-preview:-1\" \/>\n<link rel=\"canonical\" href=\"https:\/\/james-mac.com\/en\/eine-windstille-woche-am-roten-meer\/\" \/>\n<meta property=\"og:locale\" content=\"en_GB\" \/>\n<meta property=\"og:type\" content=\"article\" \/>\n<meta property=\"og:title\" content=\"Eine windstille Woche am Roten Meer - James &amp; Mac Diving Center\" \/>\n<meta property=\"og:description\" content=\"Eine windstille Woche am Roten Meer. Auch diese Woche blicken wir wieder auf Dinge zur\u00fcck, die in \u00c4gypten passiert sind.\" \/>\n<meta property=\"og:url\" content=\"https:\/\/james-mac.com\/en\/eine-windstille-woche-am-roten-meer\/\" \/>\n<meta property=\"og:site_name\" content=\"James &amp; Mac Diving Center\" \/>\n<meta property=\"article:publisher\" content=\"https:\/\/www.facebook.com\/jamesandmac\/\" \/>\n<meta property=\"article:published_time\" content=\"2024-06-15T05:22:33+00:00\" \/>\n<meta property=\"article:modified_time\" content=\"2024-06-15T05:27:21+00:00\" \/>\n<meta property=\"og:image\" content=\"https:\/\/james-mac.com\/wp-content\/uploads\/2024\/05\/KAT-20240512-59-scaled-e1718259559521.jpg\" \/>\n\t<meta property=\"og:image:width\" content=\"1920\" \/>\n\t<meta property=\"og:image:height\" content=\"1442\" \/>\n\t<meta property=\"og:image:type\" content=\"image\/jpeg\" \/>\n<meta name=\"author\" content=\"Ameli\" \/>\n<meta name=\"twitter:card\" content=\"summary_large_image\" \/>\n<meta name=\"twitter:creator\" content=\"@James_Mac_HRG\" \/>\n<meta name=\"twitter:site\" content=\"@James_Mac_HRG\" \/>\n<meta name=\"twitter:label1\" content=\"Written by\" \/>\n\t<meta name=\"twitter:data1\" content=\"Ameli\" \/>\n\t<meta name=\"twitter:label2\" content=\"Estimated reading time\" \/>\n\t<meta name=\"twitter:data2\" content=\"10 minutes\" \/>\n<script type=\"application\/ld+json\" class=\"yoast-schema-graph\">{\"@context\":\"https:\\\/\\\/schema.org\",\"@graph\":[{\"@type\":\"Article\",\"@id\":\"https:\\\/\\\/james-mac.com\\\/eine-windstille-woche-am-roten-meer\\\/#article\",\"isPartOf\":{\"@id\":\"https:\\\/\\\/james-mac.com\\\/eine-windstille-woche-am-roten-meer\\\/\"},\"author\":{\"name\":\"Ameli\",\"@id\":\"https:\\\/\\\/james-mac.com\\\/#\\\/schema\\\/person\\\/bdad9b5a4498bd11efeed74d2676eee4\"},\"headline\":\"Eine windstille Woche am Roten Meer\",\"datePublished\":\"2024-06-15T05:22:33+00:00\",\"dateModified\":\"2024-06-15T05:27:21+00:00\",\"mainEntityOfPage\":{\"@id\":\"https:\\\/\\\/james-mac.com\\\/eine-windstille-woche-am-roten-meer\\\/\"},\"wordCount\":1681,\"commentCount\":0,\"publisher\":{\"@id\":\"https:\\\/\\\/james-mac.com\\\/#organization\"},\"image\":{\"@id\":\"https:\\\/\\\/james-mac.com\\\/eine-windstille-woche-am-roten-meer\\\/#primaryimage\"},\"thumbnailUrl\":\"https:\\\/\\\/james-mac.com\\\/wp-content\\\/uploads\\\/2024\\\/05\\\/KAT-20240512-59-scaled-e1718259559521.jpg\",\"keywords\":[\"2024\",\"\u00c4gypten\",\"Hurghada\",\"Rotes Meer\",\"R\u00fcckblick\",\"Wochenr\u00fcckblick\"],\"articleSection\":[\"Blog Rotes Meer\"],\"inLanguage\":\"en-GB\",\"potentialAction\":[{\"@type\":\"CommentAction\",\"name\":\"Comment\",\"target\":[\"https:\\\/\\\/james-mac.com\\\/eine-windstille-woche-am-roten-meer\\\/#respond\"]}]},{\"@type\":\"WebPage\",\"@id\":\"https:\\\/\\\/james-mac.com\\\/eine-windstille-woche-am-roten-meer\\\/\",\"url\":\"https:\\\/\\\/james-mac.com\\\/eine-windstille-woche-am-roten-meer\\\/\",\"name\":\"Eine windstille Woche am Roten Meer - James &amp; Mac Diving Center\",\"isPartOf\":{\"@id\":\"https:\\\/\\\/james-mac.com\\\/#website\"},\"primaryImageOfPage\":{\"@id\":\"https:\\\/\\\/james-mac.com\\\/eine-windstille-woche-am-roten-meer\\\/#primaryimage\"},\"image\":{\"@id\":\"https:\\\/\\\/james-mac.com\\\/eine-windstille-woche-am-roten-meer\\\/#primaryimage\"},\"thumbnailUrl\":\"https:\\\/\\\/james-mac.com\\\/wp-content\\\/uploads\\\/2024\\\/05\\\/KAT-20240512-59-scaled-e1718259559521.jpg\",\"datePublished\":\"2024-06-15T05:22:33+00:00\",\"dateModified\":\"2024-06-15T05:27:21+00:00\",\"description\":\"Eine windstille Woche am Roten Meer. Auch diese Woche blicken wir wieder auf Dinge zur\u00fcck, die in \u00c4gypten passiert sind.\",\"breadcrumb\":{\"@id\":\"https:\\\/\\\/james-mac.com\\\/eine-windstille-woche-am-roten-meer\\\/#breadcrumb\"},\"inLanguage\":\"en-GB\",\"potentialAction\":[{\"@type\":\"ReadAction\",\"target\":[\"https:\\\/\\\/james-mac.com\\\/eine-windstille-woche-am-roten-meer\\\/\"]}]},{\"@type\":\"ImageObject\",\"inLanguage\":\"en-GB\",\"@id\":\"https:\\\/\\\/james-mac.com\\\/eine-windstille-woche-am-roten-meer\\\/#primaryimage\",\"url\":\"https:\\\/\\\/james-mac.com\\\/wp-content\\\/uploads\\\/2024\\\/05\\\/KAT-20240512-59-scaled-e1718259559521.jpg\",\"contentUrl\":\"https:\\\/\\\/james-mac.com\\\/wp-content\\\/uploads\\\/2024\\\/05\\\/KAT-20240512-59-scaled-e1718259559521.jpg\",\"width\":1920,\"height\":1442,\"caption\":\"Eine windstille Woche am Roten Meer\"},{\"@type\":\"BreadcrumbList\",\"@id\":\"https:\\\/\\\/james-mac.com\\\/eine-windstille-woche-am-roten-meer\\\/#breadcrumb\",\"itemListElement\":[{\"@type\":\"ListItem\",\"position\":1,\"name\":\"Home\",\"item\":\"https:\\\/\\\/james-mac.com\\\/\"},{\"@type\":\"ListItem\",\"position\":2,\"name\":\"Blog Rotes Meer\",\"item\":\"https:\\\/\\\/james-mac.com\\\/en\\\/category\\\/blog-rotes-meer\\\/\"},{\"@type\":\"ListItem\",\"position\":3,\"name\":\"Eine windstille Woche am Roten Meer\"}]},{\"@type\":\"WebSite\",\"@id\":\"https:\\\/\\\/james-mac.com\\\/#website\",\"url\":\"https:\\\/\\\/james-mac.com\\\/\",\"name\":\"James &amp; Mac Diving Center\",\"description\":\"Red sea diving since 1987\",\"publisher\":{\"@id\":\"https:\\\/\\\/james-mac.com\\\/#organization\"},\"potentialAction\":[{\"@type\":\"SearchAction\",\"target\":{\"@type\":\"EntryPoint\",\"urlTemplate\":\"https:\\\/\\\/james-mac.com\\\/?s={search_term_string}\"},\"query-input\":{\"@type\":\"PropertyValueSpecification\",\"valueRequired\":true,\"valueName\":\"search_term_string\"}}],\"inLanguage\":\"en-GB\"},{\"@type\":\"Organization\",\"@id\":\"https:\\\/\\\/james-mac.com\\\/#organization\",\"name\":\"James & Mac\",\"url\":\"https:\\\/\\\/james-mac.com\\\/\",\"logo\":{\"@type\":\"ImageObject\",\"inLanguage\":\"en-GB\",\"@id\":\"https:\\\/\\\/james-mac.com\\\/#\\\/schema\\\/logo\\\/image\\\/\",\"url\":\"\",\"contentUrl\":\"\",\"caption\":\"James & Mac\"},\"image\":{\"@id\":\"https:\\\/\\\/james-mac.com\\\/#\\\/schema\\\/logo\\\/image\\\/\"},\"sameAs\":[\"https:\\\/\\\/www.facebook.com\\\/jamesandmac\\\/\",\"https:\\\/\\\/x.com\\\/James_Mac_HRG\",\"https:\\\/\\\/www.instagram.com\\\/jamesundmacdiving\\\/\",\"https:\\\/\\\/www.youtube.com\\\/user\\\/james1987mac\"]},{\"@type\":\"Person\",\"@id\":\"https:\\\/\\\/james-mac.com\\\/#\\\/schema\\\/person\\\/bdad9b5a4498bd11efeed74d2676eee4\",\"name\":\"Ameli\",\"image\":{\"@type\":\"ImageObject\",\"inLanguage\":\"en-GB\",\"@id\":\"https:\\\/\\\/secure.gravatar.com\\\/avatar\\\/815b16a62dd9759f01ae110606d38d9d0fe57f307e2639ca16c1d626d7a6762d?s=96&r=g\",\"url\":\"https:\\\/\\\/secure.gravatar.com\\\/avatar\\\/815b16a62dd9759f01ae110606d38d9d0fe57f307e2639ca16c1d626d7a6762d?s=96&r=g\",\"contentUrl\":\"https:\\\/\\\/secure.gravatar.com\\\/avatar\\\/815b16a62dd9759f01ae110606d38d9d0fe57f307e2639ca16c1d626d7a6762d?s=96&r=g\",\"caption\":\"Ameli\"},\"url\":\"https:\\\/\\\/james-mac.com\\\/en\\\/author\\\/ameli\\\/\"}]}<\/script>\n<!-- \/ Yoast SEO plugin. -->","yoast_head_json":{"title":"Eine windstille Woche am Roten Meer - James &amp; Mac Diving Center","description":"Eine windstille Woche am Roten Meer. Auch diese Woche blicken wir wieder auf Dinge zur\u00fcck, die in \u00c4gypten passiert sind.","robots":{"index":"index","follow":"follow","max-snippet":"max-snippet:-1","max-image-preview":"max-image-preview:large","max-video-preview":"max-video-preview:-1"},"canonical":"https:\/\/james-mac.com\/en\/eine-windstille-woche-am-roten-meer\/","og_locale":"en_GB","og_type":"article","og_title":"Eine windstille Woche am Roten Meer - James &amp; Mac Diving Center","og_description":"Eine windstille Woche am Roten Meer. Auch diese Woche blicken wir wieder auf Dinge zur\u00fcck, die in \u00c4gypten passiert sind.","og_url":"https:\/\/james-mac.com\/en\/eine-windstille-woche-am-roten-meer\/","og_site_name":"James &amp; Mac Diving Center","article_publisher":"https:\/\/www.facebook.com\/jamesandmac\/","article_published_time":"2024-06-15T05:22:33+00:00","article_modified_time":"2024-06-15T05:27:21+00:00","og_image":[{"width":1920,"height":1442,"url":"https:\/\/james-mac.com\/wp-content\/uploads\/2024\/05\/KAT-20240512-59-scaled-e1718259559521.jpg","type":"image\/jpeg"}],"author":"Ameli","twitter_card":"summary_large_image","twitter_creator":"@James_Mac_HRG","twitter_site":"@James_Mac_HRG","twitter_misc":{"Written by":"Ameli","Estimated reading time":"10 minutes"},"schema":{"@context":"https:\/\/schema.org","@graph":[{"@type":"Article","@id":"https:\/\/james-mac.com\/eine-windstille-woche-am-roten-meer\/#article","isPartOf":{"@id":"https:\/\/james-mac.com\/eine-windstille-woche-am-roten-meer\/"},"author":{"name":"Ameli","@id":"https:\/\/james-mac.com\/#\/schema\/person\/bdad9b5a4498bd11efeed74d2676eee4"},"headline":"Eine windstille Woche am Roten Meer","datePublished":"2024-06-15T05:22:33+00:00","dateModified":"2024-06-15T05:27:21+00:00","mainEntityOfPage":{"@id":"https:\/\/james-mac.com\/eine-windstille-woche-am-roten-meer\/"},"wordCount":1681,"commentCount":0,"publisher":{"@id":"https:\/\/james-mac.com\/#organization"},"image":{"@id":"https:\/\/james-mac.com\/eine-windstille-woche-am-roten-meer\/#primaryimage"},"thumbnailUrl":"https:\/\/james-mac.com\/wp-content\/uploads\/2024\/05\/KAT-20240512-59-scaled-e1718259559521.jpg","keywords":["2024","\u00c4gypten","Hurghada","Rotes Meer","R\u00fcckblick","Wochenr\u00fcckblick"],"articleSection":["Blog Rotes Meer"],"inLanguage":"en-GB","potentialAction":[{"@type":"CommentAction","name":"Comment","target":["https:\/\/james-mac.com\/eine-windstille-woche-am-roten-meer\/#respond"]}]},{"@type":"WebPage","@id":"https:\/\/james-mac.com\/eine-windstille-woche-am-roten-meer\/","url":"https:\/\/james-mac.com\/eine-windstille-woche-am-roten-meer\/","name":"Eine windstille Woche am Roten Meer - James &amp; Mac Diving Center","isPartOf":{"@id":"https:\/\/james-mac.com\/#website"},"primaryImageOfPage":{"@id":"https:\/\/james-mac.com\/eine-windstille-woche-am-roten-meer\/#primaryimage"},"image":{"@id":"https:\/\/james-mac.com\/eine-windstille-woche-am-roten-meer\/#primaryimage"},"thumbnailUrl":"https:\/\/james-mac.com\/wp-content\/uploads\/2024\/05\/KAT-20240512-59-scaled-e1718259559521.jpg","datePublished":"2024-06-15T05:22:33+00:00","dateModified":"2024-06-15T05:27:21+00:00","description":"Eine windstille Woche am Roten Meer. Auch diese Woche blicken wir wieder auf Dinge zur\u00fcck, die in \u00c4gypten passiert sind.","breadcrumb":{"@id":"https:\/\/james-mac.com\/eine-windstille-woche-am-roten-meer\/#breadcrumb"},"inLanguage":"en-GB","potentialAction":[{"@type":"ReadAction","target":["https:\/\/james-mac.com\/eine-windstille-woche-am-roten-meer\/"]}]},{"@type":"ImageObject","inLanguage":"en-GB","@id":"https:\/\/james-mac.com\/eine-windstille-woche-am-roten-meer\/#primaryimage","url":"https:\/\/james-mac.com\/wp-content\/uploads\/2024\/05\/KAT-20240512-59-scaled-e1718259559521.jpg","contentUrl":"https:\/\/james-mac.com\/wp-content\/uploads\/2024\/05\/KAT-20240512-59-scaled-e1718259559521.jpg","width":1920,"height":1442,"caption":"Eine windstille Woche am Roten Meer"},{"@type":"BreadcrumbList","@id":"https:\/\/james-mac.com\/eine-windstille-woche-am-roten-meer\/#breadcrumb","itemListElement":[{"@type":"ListItem","position":1,"name":"Home","item":"https:\/\/james-mac.com\/"},{"@type":"ListItem","position":2,"name":"Blog Rotes Meer","item":"https:\/\/james-mac.com\/en\/category\/blog-rotes-meer\/"},{"@type":"ListItem","position":3,"name":"Eine windstille Woche am Roten Meer"}]},{"@type":"WebSite","@id":"https:\/\/james-mac.com\/#website","url":"https:\/\/james-mac.com\/","name":"James &amp; Mac Diving Center","description":"Red sea diving since 1987","publisher":{"@id":"https:\/\/james-mac.com\/#organization"},"potentialAction":[{"@type":"SearchAction","target":{"@type":"EntryPoint","urlTemplate":"https:\/\/james-mac.com\/?s={search_term_string}"},"query-input":{"@type":"PropertyValueSpecification","valueRequired":true,"valueName":"search_term_string"}}],"inLanguage":"en-GB"},{"@type":"Organization","@id":"https:\/\/james-mac.com\/#organization","name":"James &amp; Mac","url":"https:\/\/james-mac.com\/","logo":{"@type":"ImageObject","inLanguage":"en-GB","@id":"https:\/\/james-mac.com\/#\/schema\/logo\/image\/","url":"","contentUrl":"","caption":"James & Mac"},"image":{"@id":"https:\/\/james-mac.com\/#\/schema\/logo\/image\/"},"sameAs":["https:\/\/www.facebook.com\/jamesandmac\/","https:\/\/x.com\/James_Mac_HRG","https:\/\/www.instagram.com\/jamesundmacdiving\/","https:\/\/www.youtube.com\/user\/james1987mac"]},{"@type":"Person","@id":"https:\/\/james-mac.com\/#\/schema\/person\/bdad9b5a4498bd11efeed74d2676eee4","name":"Ameli","image":{"@type":"ImageObject","inLanguage":"en-GB","@id":"https:\/\/secure.gravatar.com\/avatar\/815b16a62dd9759f01ae110606d38d9d0fe57f307e2639ca16c1d626d7a6762d?s=96&r=g","url":"https:\/\/secure.gravatar.com\/avatar\/815b16a62dd9759f01ae110606d38d9d0fe57f307e2639ca16c1d626d7a6762d?s=96&r=g","contentUrl":"https:\/\/secure.gravatar.com\/avatar\/815b16a62dd9759f01ae110606d38d9d0fe57f307e2639ca16c1d626d7a6762d?s=96&r=g","caption":"Ameli"},"url":"https:\/\/james-mac.com\/en\/author\/ameli\/"}]}},"_links":{"self":[{"href":"https:\/\/james-mac.com\/en\/wp-json\/wp\/v2\/posts\/47336","targetHints":{"allow":["GET"]}}],"collection":[{"href":"https:\/\/james-mac.com\/en\/wp-json\/wp\/v2\/posts"}],"about":[{"href":"https:\/\/james-mac.com\/en\/wp-json\/wp\/v2\/types\/post"}],"author":[{"embeddable":true,"href":"https:\/\/james-mac.com\/en\/wp-json\/wp\/v2\/users\/4"}],"replies":[{"embeddable":true,"href":"https:\/\/james-mac.com\/en\/wp-json\/wp\/v2\/comments?post=47336"}],"version-history":[{"count":34,"href":"https:\/\/james-mac.com\/en\/wp-json\/wp\/v2\/posts\/47336\/revisions"}],"predecessor-version":[{"id":47415,"href":"https:\/\/james-mac.com\/en\/wp-json\/wp\/v2\/posts\/47336\/revisions\/47415"}],"wp:featuredmedia":[{"embeddable":true,"href":"https:\/\/james-mac.com\/en\/wp-json\/wp\/v2\/media\/46703"}],"wp:attachment":[{"href":"https:\/\/james-mac.com\/en\/wp-json\/wp\/v2\/media?parent=47336"}],"wp:term":[{"taxonomy":"category","embeddable":true,"href":"https:\/\/james-mac.com\/en\/wp-json\/wp\/v2\/categories?post=47336"},{"taxonomy":"post_tag","embeddable":true,"href":"https:\/\/james-mac.com\/en\/wp-json\/wp\/v2\/tags?post=47336"}],"curies":[{"name":"wp","href":"https:\/\/api.w.org\/{rel}","templated":true}]}}