
{"id":49729,"date":"2024-11-13T14:27:32","date_gmt":"2024-11-13T13:27:32","guid":{"rendered":"https:\/\/james-mac.com\/?p=49729"},"modified":"2024-11-13T15:27:19","modified_gmt":"2024-11-13T14:27:19","slug":"erg-sabina-war-heute-das-ziel-der-legenden","status":"publish","type":"post","link":"https:\/\/james-mac.com\/en\/erg-sabina-war-heute-das-ziel-der-legenden\/","title":{"rendered":"Erg Sabina war heute das Ziel der Legenden"},"content":{"rendered":"\t\t<div data-elementor-type=\"wp-post\" data-elementor-id=\"49729\" class=\"elementor elementor-49729\" data-elementor-post-type=\"post\">\n\t\t\t\t\t\t<section data-particle_enable=\"false\" data-particle-mobile-disabled=\"false\" class=\"elementor-section elementor-top-section elementor-element elementor-element-7a93d6e0 elementor-section-boxed elementor-section-height-default elementor-section-height-default\" data-id=\"7a93d6e0\" data-element_type=\"section\" data-e-type=\"section\">\n\t\t\t\t\t\t<div class=\"elementor-container elementor-column-gap-default\">\n\t\t\t\t\t<div class=\"elementor-column elementor-col-100 elementor-top-column elementor-element elementor-element-164a54ff\" data-id=\"164a54ff\" data-element_type=\"column\" data-e-type=\"column\">\n\t\t\t<div class=\"elementor-widget-wrap elementor-element-populated\">\n\t\t\t\t\t\t<div class=\"elementor-element elementor-element-79ac5b7e elementor-hidden-desktop elementor-hidden-tablet elementor-widget elementor-widget-heading\" data-id=\"79ac5b7e\" data-element_type=\"widget\" data-e-type=\"widget\" data-widget_type=\"heading.default\">\n\t\t\t\t<div class=\"elementor-widget-container\">\n\t\t\t\t\t<div class=\"elementor-heading-title elementor-size-default\">Bitte einmal aktualisieren, um den Inhalt richtig anzuzeigen<\/div>\t\t\t\t<\/div>\n\t\t\t\t<\/div>\n\t\t\t\t\t<\/div>\n\t\t<\/div>\n\t\t\t\t\t<\/div>\n\t\t<\/section>\n\t\t\t\t<section data-particle_enable=\"false\" data-particle-mobile-disabled=\"false\" class=\"elementor-section elementor-top-section elementor-element elementor-element-195a3a6e elementor-section-boxed elementor-section-height-default elementor-section-height-default\" data-id=\"195a3a6e\" data-element_type=\"section\" data-e-type=\"section\">\n\t\t\t\t\t\t<div class=\"elementor-container elementor-column-gap-default\">\n\t\t\t\t\t<div class=\"elementor-column elementor-col-100 elementor-top-column elementor-element elementor-element-1c0c3a2c\" data-id=\"1c0c3a2c\" data-element_type=\"column\" data-e-type=\"column\">\n\t\t\t<div class=\"elementor-widget-wrap elementor-element-populated\">\n\t\t\t\t\t\t<div class=\"elementor-element elementor-element-6c692bee elementor-post-navigation-borders-yes elementor-widget elementor-widget-post-navigation\" data-id=\"6c692bee\" data-element_type=\"widget\" data-e-type=\"widget\" data-widget_type=\"post-navigation.default\">\n\t\t\t\t<div class=\"elementor-widget-container\">\n\t\t\t\t\t\t\t<div class=\"elementor-post-navigation\" role=\"navigation\" aria-label=\"Post Navigation\">\n\t\t\t<div class=\"elementor-post-navigation__prev elementor-post-navigation__link\">\n\t\t\t\t<a href=\"https:\/\/james-mac.com\/en\/die-legenden-erobern-das-herrliche-plateau\/\" rel=\"prev\"><span class=\"post-navigation__arrow-wrapper post-navigation__arrow-prev\"><i aria-hidden=\"true\" class=\"fas fa-caret-left\"><\/i><span class=\"elementor-screen-only\">Prev<\/span><\/span><span class=\"elementor-post-navigation__link__prev\"><span class=\"post-navigation__prev--label\">Voriger<\/span><span class=\"post-navigation__prev--title\">Die Legenden erobern das herrliche Plateau<\/span><\/span><\/a>\t\t\t<\/div>\n\t\t\t\t\t\t\t<div class=\"elementor-post-navigation__separator-wrapper\">\n\t\t\t\t\t<div class=\"elementor-post-navigation__separator\"><\/div>\n\t\t\t\t<\/div>\n\t\t\t\t\t\t<div class=\"elementor-post-navigation__next elementor-post-navigation__link\">\n\t\t\t\t<a href=\"https:\/\/james-mac.com\/en\/ein-ausfuehrliches-briefing-fuer-shaab-stella\/\" rel=\"next\"><span class=\"elementor-post-navigation__link__next\"><span class=\"post-navigation__next--label\">N\u00e4chster<\/span><span class=\"post-navigation__next--title\">Ein ausf\u00fchrliches Briefing f\u00fcr Shaab Stella<\/span><\/span><span class=\"post-navigation__arrow-wrapper post-navigation__arrow-next\"><i aria-hidden=\"true\" class=\"fas fa-caret-right\"><\/i><span class=\"elementor-screen-only\">Next<\/span><\/span><\/a>\t\t\t<\/div>\n\t\t<\/div>\n\t\t\t\t\t\t<\/div>\n\t\t\t\t<\/div>\n\t\t\t\t<div class=\"elementor-element elementor-element-77e404b4 elementor-widget elementor-widget-theme-post-title elementor-page-title elementor-widget-heading\" data-id=\"77e404b4\" data-element_type=\"widget\" data-e-type=\"widget\" data-widget_type=\"theme-post-title.default\">\n\t\t\t\t<div class=\"elementor-widget-container\">\n\t\t\t\t\t<h1 class=\"elementor-heading-title elementor-size-default\">Erg Sabina war heute das Ziel der Legenden<\/h1>\t\t\t\t<\/div>\n\t\t\t\t<\/div>\n\t\t\t\t<div class=\"elementor-element elementor-element-7e92fbc0 elementor-align-center elementor-widget elementor-widget-post-info\" data-id=\"7e92fbc0\" data-element_type=\"widget\" data-e-type=\"widget\" data-widget_type=\"post-info.default\">\n\t\t\t\t<div class=\"elementor-widget-container\">\n\t\t\t\t\t\t\t<ul class=\"elementor-inline-items elementor-icon-list-items elementor-post-info\">\n\t\t\t\t\t\t\t\t<li class=\"elementor-icon-list-item elementor-repeater-item-3db2e1d elementor-inline-item\" itemprop=\"datePublished\">\n\t\t\t\t\t\t<a href=\"https:\/\/james-mac.com\/en\/2024\/11\/13\/\">\n\t\t\t\t\t\t\t\t\t\t\t\t\t\t<span class=\"elementor-icon-list-text elementor-post-info__item elementor-post-info__item--type-date\">\n\t\t\t\t\t\t\t\t\t\t<time>13.11.2024<\/time>\t\t\t\t\t<\/span>\n\t\t\t\t\t\t\t\t\t<\/a>\n\t\t\t\t<\/li>\n\t\t\t\t<\/ul>\n\t\t\t\t\t\t<\/div>\n\t\t\t\t<\/div>\n\t\t\t\t<div class=\"elementor-element elementor-element-128b0e88 elementor-widget elementor-widget-theme-post-featured-image elementor-widget-image\" data-id=\"128b0e88\" data-element_type=\"widget\" data-e-type=\"widget\" data-widget_type=\"theme-post-featured-image.default\">\n\t\t\t\t<div class=\"elementor-widget-container\">\n\t\t\t\t\t\t\t\t\t\t\t\t\t\t\t<img fetchpriority=\"high\" decoding=\"async\" width=\"640\" height=\"481\" src=\"https:\/\/james-mac.com\/wp-content\/uploads\/2024\/04\/KORALLENRIFF-FOTO-OlafMayr-3x4-2-e1731504435161-1024x769.jpg\" class=\"attachment-large size-large wp-image-45965\" alt=\"Erg Sabina war heute das Ziel der Legenden\" srcset=\"https:\/\/james-mac.com\/wp-content\/uploads\/2024\/04\/KORALLENRIFF-FOTO-OlafMayr-3x4-2-e1731504435161-1024x769.jpg 1024w, https:\/\/james-mac.com\/wp-content\/uploads\/2024\/04\/KORALLENRIFF-FOTO-OlafMayr-3x4-2-e1731504435161-300x225.jpg 300w, https:\/\/james-mac.com\/wp-content\/uploads\/2024\/04\/KORALLENRIFF-FOTO-OlafMayr-3x4-2-e1731504435161-768x576.jpg 768w, https:\/\/james-mac.com\/wp-content\/uploads\/2024\/04\/KORALLENRIFF-FOTO-OlafMayr-3x4-2-e1731504435161-1536x1153.jpg 1536w, https:\/\/james-mac.com\/wp-content\/uploads\/2024\/04\/KORALLENRIFF-FOTO-OlafMayr-3x4-2-e1731504435161-16x12.jpg 16w, https:\/\/james-mac.com\/wp-content\/uploads\/2024\/04\/KORALLENRIFF-FOTO-OlafMayr-3x4-2-e1731504435161-155x116.jpg 155w, https:\/\/james-mac.com\/wp-content\/uploads\/2024\/04\/KORALLENRIFF-FOTO-OlafMayr-3x4-2-e1731504435161.jpg 1772w\" sizes=\"(max-width: 640px) 100vw, 640px\" \/>\t\t\t\t\t\t\t\t\t\t\t\t\t\t\t<\/div>\n\t\t\t\t<\/div>\n\t\t\t\t<div class=\"elementor-element elementor-element-a424bc elementor-hidden-mobile elementor-widget elementor-widget-spacer\" data-id=\"a424bc\" data-element_type=\"widget\" data-e-type=\"widget\" data-widget_type=\"spacer.default\">\n\t\t\t\t<div class=\"elementor-widget-container\">\n\t\t\t\t\t\t\t<div class=\"elementor-spacer\">\n\t\t\t<div class=\"elementor-spacer-inner\"><\/div>\n\t\t<\/div>\n\t\t\t\t\t\t<\/div>\n\t\t\t\t<\/div>\n\t\t\t\t<div class=\"elementor-element elementor-element-34772904 elementor-widget-mobile__width-inherit elementor-widget elementor-widget-text-editor\" data-id=\"34772904\" data-element_type=\"widget\" data-e-type=\"widget\" data-widget_type=\"text-editor.default\">\n\t\t\t\t<div class=\"elementor-widget-container\">\n\t\t\t\t\t\t\t\t\t<p>Erg Sabina war heute das Ziel der Legenden und damit hei\u00dft es Leinen los f\u00fcr unsere t\u00e4glichen Tauchausfahrten im November 2024!<\/p><p>Unsere\u00a0<a href=\"https:\/\/james-mac.com\/unsere-basis\/orientierung-team\/\" target=\"_blank\" rel=\"noopener\">Tauchguides<\/a>\u00a0berichten an dieser Stelle jeden Tag von den Sichtungen der kleinen und auch gro\u00dfen Sch\u00e4tze, die unser sch\u00f6nes\u00a0Rotes Meer\u00a0zu bieten hat. Au\u00dferdem erz\u00e4hlen sie \u00fcber all das, was sie auf dem Meer und unter Wasser erlebt haben.\u00a0Auch \u00fcber die wundervollen Erlebnisse auf unseren mehrt\u00e4gigen Minisafaris halten sie euch stets auf dem Laufenden. Egal, ob Early Morning Dive oder Nachttauchgang &#8211; ihr k\u00f6nnt es mitverfolgen. Auch Wracktauchg\u00e4nge in Abu Nuhas oder an der Thistlegorm stehen auf dem Programm. Ob im Norden oder S\u00fcden, ihr seid mit an Bord!<\/p><p>Und das Beste? Unsere Berichte \u00fcber die Tauchausfahrten unserer Boote erscheinen t\u00e4glich! 365 Tage im Jahr k\u00f6nnt ihr mit uns zusammen auf die Reise gehen und im <a href=\"https:\/\/www.youtube.com\/user\/james1987mac\/videos\" target=\"_blank\" rel=\"noopener\">Roten Meer<\/a> abtauchen! Seid dabei und lasst euch immer wieder aufs Neue verzaubern. Willkommen zu unseren t\u00e4glichen Tauchausfahrten!<\/p>\t\t\t\t\t\t\t\t<\/div>\n\t\t\t\t<\/div>\n\t\t\t\t<section data-particle_enable=\"false\" data-particle-mobile-disabled=\"false\" class=\"elementor-section elementor-inner-section elementor-element elementor-element-2f8f02d0 elementor-section-boxed elementor-section-height-default elementor-section-height-default\" data-id=\"2f8f02d0\" data-element_type=\"section\" data-e-type=\"section\">\n\t\t\t\t\t\t<div class=\"elementor-container elementor-column-gap-default\">\n\t\t\t\t\t<div class=\"elementor-column elementor-col-50 elementor-inner-column elementor-element elementor-element-20d9c04b\" data-id=\"20d9c04b\" data-element_type=\"column\" data-e-type=\"column\">\n\t\t\t<div class=\"elementor-widget-wrap elementor-element-populated\">\n\t\t\t\t\t\t<div class=\"elementor-element elementor-element-1e3abd6b elementor-widget elementor-widget-html\" data-id=\"1e3abd6b\" data-element_type=\"widget\" data-e-type=\"widget\" data-widget_type=\"html.default\">\n\t\t\t\t<div class=\"elementor-widget-container\">\n\t\t\t\t\t<iframe src=\"https:\/\/www.meteoblue.com\/de\/wetter\/widget\/daily\/hurghada_%c3%84gypten_361291?geoloc=fixed&days=3&tempunit=CELSIUS&windunit=BEAUFORT&precipunit=MILLIMETER&coloured=coloured&pictoicon=0&pictoicon=1&maxtemperature=0&maxtemperature=1&mintemperature=0&mintemperature=1&windspeed=0&windspeed=1&windgust=0&winddirection=0&winddirection=1&uv=0&humidity=0&precipitation=0&precipitationprobability=0&spot=0&pressure=0&layout=light\"  frameborder=\"0\" scrolling=\"NO\" allowtransparency=\"true\" sandbox=\"allow-same-origin allow-scripts allow-popups allow-popups-to-escape-sandbox\" style=\"width: 162px; height: 250px\"><\/iframe><div><!-- DO NOT REMOVE THIS LINK --><a href=\"https:\/\/www.meteoblue.com\/de\/wetter\/woche\/hurghada_%c3%84gypten_361291?utm_source=weather_widget&utm_medium=linkus&utm_content=daily&utm_campaign=Weather%2BWidget\" target=\"_blank\" rel=\"noopener\"\/a><\/div>\t\t\t\t<\/div>\n\t\t\t\t<\/div>\n\t\t\t\t\t<\/div>\n\t\t<\/div>\n\t\t\t\t<div class=\"elementor-column elementor-col-50 elementor-inner-column elementor-element elementor-element-6e1ac4e7\" data-id=\"6e1ac4e7\" data-element_type=\"column\" data-e-type=\"column\">\n\t\t\t<div class=\"elementor-widget-wrap elementor-element-populated\">\n\t\t\t\t\t\t<div class=\"elementor-element elementor-element-183f57df elementor-widget elementor-widget-html\" data-id=\"183f57df\" data-element_type=\"widget\" data-e-type=\"widget\" data-widget_type=\"html.default\">\n\t\t\t\t<div class=\"elementor-widget-container\">\n\t\t\t\t\t<a href=\"https:\/\/seatemperature.info\"><img decoding=\"async\" src=\"https:\/\/seatemperature.info\/widget\/17063650411802.png\" alt=\"Sea water temperature\"><\/a>\t\t\t\t<\/div>\n\t\t\t\t<\/div>\n\t\t\t\t\t<\/div>\n\t\t<\/div>\n\t\t\t\t\t<\/div>\n\t\t<\/section>\n\t\t\t\t<div class=\"elementor-element elementor-element-2a1aeaee elementor-widget elementor-widget-spacer\" data-id=\"2a1aeaee\" data-element_type=\"widget\" data-e-type=\"widget\" data-widget_type=\"spacer.default\">\n\t\t\t\t<div class=\"elementor-widget-container\">\n\t\t\t\t\t\t\t<div class=\"elementor-spacer\">\n\t\t\t<div class=\"elementor-spacer-inner\"><\/div>\n\t\t<\/div>\n\t\t\t\t\t\t<\/div>\n\t\t\t\t<\/div>\n\t\t\t\t<div class=\"elementor-element elementor-element-136c6b4a elementor-widget elementor-widget-shortcode\" data-id=\"136c6b4a\" data-element_type=\"widget\" data-e-type=\"widget\" data-widget_type=\"shortcode.default\">\n\t\t\t\t<div class=\"elementor-widget-container\">\n\t\t\t\t\t\t\t<div class=\"elementor-shortcode\"><\/div>\n\t\t\t\t\t\t<\/div>\n\t\t\t\t<\/div>\n\t\t\t\t<div class=\"elementor-element elementor-element-47c528b6 elementor-widget elementor-widget-text-editor\" data-id=\"47c528b6\" data-element_type=\"widget\" data-e-type=\"widget\" data-widget_type=\"text-editor.default\">\n\t\t\t\t<div class=\"elementor-widget-container\">\n\t\t\t\t\t\t\t\t\t<p>Unsere Berichte \u00fcber die Tauchausfahrten unserer Boote erscheinen t\u00e4glich! 365 Tage im Jahr k\u00f6nnt ihr mit uns zusammen auf die Reise gehen und im Roten Meer abtauchen! Kommt an Bord und lasst euch immer wieder aufs Neue verzaubern. Auch morgen k\u00f6nnt ihr wieder dabei sein und die Erlebnisse unserer Tauchguides mitverfolgen.<\/p>\t\t\t\t\t\t\t\t<\/div>\n\t\t\t\t<\/div>\n\t\t\t\t<div class=\"elementor-element elementor-element-4e0123ff elementor-widget elementor-widget-text-editor\" data-id=\"4e0123ff\" data-element_type=\"widget\" data-e-type=\"widget\" data-widget_type=\"text-editor.default\">\n\t\t\t\t<div class=\"elementor-widget-container\">\n\t\t\t\t\t\t\t\t\t<p>Erg Sabina war heute das Ziel der Legenden, \u00c4gypten, Rotes Meer, Hurghada, <a href=\"https:\/\/james-mac.com\/unsere-basis\/\" target=\"_blank\" rel=\"noopener\">Deutsche Tauchschule<\/a>, Tauchen, Tauchkurse, <a style=\"color: #fd4040;\" href=\"https:\/\/redseapartner.com\/\" target=\"_blank\" rel=\"noopener\">Red Sea Partner<\/a>, <a href=\"https:\/\/www.james-mac.shop\/\" target=\"_blank\" rel=\"noopener\">Red Sea Shop<\/a> \u2013 Fotonachweise: James &amp; Mac, mit freundlicher Genehmigung von unseren Fotografen: Sven Kahlbrock, salzeproductions, Thorsten Rieck, Olaf Mayr, Katharina Tretter<\/p>\t\t\t\t\t\t\t\t<\/div>\n\t\t\t\t<\/div>\n\t\t\t\t\t<\/div>\n\t\t<\/div>\n\t\t\t\t\t<\/div>\n\t\t<\/section>\n\t\t\t\t<section data-particle_enable=\"false\" data-particle-mobile-disabled=\"false\" class=\"elementor-section elementor-top-section elementor-element elementor-element-154dd585 elementor-section-boxed elementor-section-height-default elementor-section-height-default\" data-id=\"154dd585\" data-element_type=\"section\" data-e-type=\"section\">\n\t\t\t\t\t\t<div class=\"elementor-container elementor-column-gap-default\">\n\t\t\t\t\t<div class=\"elementor-column elementor-col-100 elementor-top-column elementor-element elementor-element-5e5b83c3\" data-id=\"5e5b83c3\" data-element_type=\"column\" data-e-type=\"column\">\n\t\t\t<div class=\"elementor-widget-wrap elementor-element-populated\">\n\t\t\t\t\t\t<section data-particle_enable=\"false\" data-particle-mobile-disabled=\"false\" class=\"elementor-section elementor-inner-section elementor-element elementor-element-7dc61bbc elementor-section-boxed elementor-section-height-default elementor-section-height-default\" data-id=\"7dc61bbc\" data-element_type=\"section\" data-e-type=\"section\">\n\t\t\t\t\t\t<div class=\"elementor-container elementor-column-gap-default\">\n\t\t\t\t\t<div class=\"elementor-column elementor-col-100 elementor-inner-column elementor-element elementor-element-22cb168c\" data-id=\"22cb168c\" data-element_type=\"column\" data-e-type=\"column\">\n\t\t\t<div class=\"elementor-widget-wrap elementor-element-populated\">\n\t\t\t\t\t\t<div class=\"elementor-element elementor-element-5bc5af5f elementor-widget elementor-widget-wp-widget-archives\" data-id=\"5bc5af5f\" data-element_type=\"widget\" data-e-type=\"widget\" data-widget_type=\"wp-widget-archives.default\">\n\t\t\t\t<div class=\"elementor-widget-container\">\n\t\t\t\t\t<h5>Archiv<\/h5>\t\t<label class=\"screen-reader-text\" for=\"archives-dropdown-REPLACE_TO_ID\">Archiv<\/label>\n\t\t<select id=\"archives-dropdown-REPLACE_TO_ID\" name=\"archive-dropdown\">\n\t\t\t\n\t\t\t<option value=\"\">Select Month<\/option>\n\t\t\t\t<option value='https:\/\/james-mac.com\/en\/2026\/04\/'> April 2026 &nbsp;(30)<\/option>\n\t<option value='https:\/\/james-mac.com\/en\/2026\/03\/'> March 2026 &nbsp;(35)<\/option>\n\t<option value='https:\/\/james-mac.com\/en\/2026\/02\/'> February 2026 &nbsp;(32)<\/option>\n\t<option value='https:\/\/james-mac.com\/en\/2026\/01\/'> January 2026 &nbsp;(36)<\/option>\n\t<option value='https:\/\/james-mac.com\/en\/2025\/12\/'> December 2025 &nbsp;(35)<\/option>\n\t<option value='https:\/\/james-mac.com\/en\/2025\/11\/'> November 2025 &nbsp;(35)<\/option>\n\t<option value='https:\/\/james-mac.com\/en\/2025\/10\/'> October 2025 &nbsp;(35)<\/option>\n\t<option value='https:\/\/james-mac.com\/en\/2025\/09\/'> September 2025 &nbsp;(34)<\/option>\n\t<option value='https:\/\/james-mac.com\/en\/2025\/08\/'> August 2025 &nbsp;(36)<\/option>\n\t<option value='https:\/\/james-mac.com\/en\/2025\/07\/'> July 2025 &nbsp;(35)<\/option>\n\t<option value='https:\/\/james-mac.com\/en\/2025\/06\/'> June 2025 &nbsp;(34)<\/option>\n\t<option value='https:\/\/james-mac.com\/en\/2025\/05\/'> May 2025 &nbsp;(32)<\/option>\n\t<option value='https:\/\/james-mac.com\/en\/2025\/04\/'> April 2025 &nbsp;(30)<\/option>\n\t<option value='https:\/\/james-mac.com\/en\/2025\/03\/'> March 2025 &nbsp;(31)<\/option>\n\t<option value='https:\/\/james-mac.com\/en\/2025\/02\/'> February 2025 &nbsp;(28)<\/option>\n\t<option value='https:\/\/james-mac.com\/en\/2025\/01\/'> January 2025 &nbsp;(31)<\/option>\n\t<option value='https:\/\/james-mac.com\/en\/2024\/12\/'> December 2024 &nbsp;(35)<\/option>\n\t<option value='https:\/\/james-mac.com\/en\/2024\/11\/'> November 2024 &nbsp;(35)<\/option>\n\t<option value='https:\/\/james-mac.com\/en\/2024\/10\/'> October 2024 &nbsp;(35)<\/option>\n\t<option value='https:\/\/james-mac.com\/en\/2024\/09\/'> September 2024 &nbsp;(34)<\/option>\n\t<option value='https:\/\/james-mac.com\/en\/2024\/08\/'> August 2024 &nbsp;(35)<\/option>\n\t<option value='https:\/\/james-mac.com\/en\/2024\/07\/'> July 2024 &nbsp;(34)<\/option>\n\t<option value='https:\/\/james-mac.com\/en\/2024\/06\/'> June 2024 &nbsp;(36)<\/option>\n\t<option value='https:\/\/james-mac.com\/en\/2024\/05\/'> May 2024 &nbsp;(36)<\/option>\n\t<option value='https:\/\/james-mac.com\/en\/2024\/04\/'> April 2024 &nbsp;(36)<\/option>\n\t<option value='https:\/\/james-mac.com\/en\/2024\/03\/'> March 2024 &nbsp;(37)<\/option>\n\t<option value='https:\/\/james-mac.com\/en\/2024\/02\/'> February 2024 &nbsp;(32)<\/option>\n\t<option value='https:\/\/james-mac.com\/en\/2024\/01\/'> January 2024 &nbsp;(36)<\/option>\n\t<option value='https:\/\/james-mac.com\/en\/2023\/12\/'> December 2023 &nbsp;(38)<\/option>\n\t<option value='https:\/\/james-mac.com\/en\/2023\/11\/'> November 2023 &nbsp;(35)<\/option>\n\t<option value='https:\/\/james-mac.com\/en\/2023\/10\/'> October 2023 &nbsp;(39)<\/option>\n\t<option value='https:\/\/james-mac.com\/en\/2023\/09\/'> September 2023 &nbsp;(39)<\/option>\n\t<option value='https:\/\/james-mac.com\/en\/2023\/08\/'> August 2023 &nbsp;(38)<\/option>\n\t<option value='https:\/\/james-mac.com\/en\/2023\/07\/'> July 2023 &nbsp;(40)<\/option>\n\t<option value='https:\/\/james-mac.com\/en\/2023\/06\/'> June 2023 &nbsp;(40)<\/option>\n\t<option value='https:\/\/james-mac.com\/en\/2023\/05\/'> May 2023 &nbsp;(39)<\/option>\n\t<option value='https:\/\/james-mac.com\/en\/2023\/04\/'> April 2023 &nbsp;(40)<\/option>\n\t<option value='https:\/\/james-mac.com\/en\/2023\/03\/'> March 2023 &nbsp;(39)<\/option>\n\t<option value='https:\/\/james-mac.com\/en\/2023\/02\/'> February 2023 &nbsp;(34)<\/option>\n\t<option value='https:\/\/james-mac.com\/en\/2023\/01\/'> January 2023 &nbsp;(36)<\/option>\n\t<option value='https:\/\/james-mac.com\/en\/2022\/12\/'> December 2022 &nbsp;(38)<\/option>\n\t<option value='https:\/\/james-mac.com\/en\/2022\/11\/'> November 2022 &nbsp;(33)<\/option>\n\t<option value='https:\/\/james-mac.com\/en\/2022\/10\/'> October 2022 &nbsp;(41)<\/option>\n\t<option value='https:\/\/james-mac.com\/en\/2022\/09\/'> September 2022 &nbsp;(32)<\/option>\n\t<option value='https:\/\/james-mac.com\/en\/2022\/08\/'> August 2022 &nbsp;(26)<\/option>\n\t<option value='https:\/\/james-mac.com\/en\/2022\/07\/'> July 2022 &nbsp;(33)<\/option>\n\t<option value='https:\/\/james-mac.com\/en\/2022\/06\/'> June 2022 &nbsp;(24)<\/option>\n\t<option value='https:\/\/james-mac.com\/en\/2022\/05\/'> May 2022 &nbsp;(28)<\/option>\n\t<option value='https:\/\/james-mac.com\/en\/2022\/04\/'> April 2022 &nbsp;(28)<\/option>\n\t<option value='https:\/\/james-mac.com\/en\/2022\/03\/'> March 2022 &nbsp;(21)<\/option>\n\t<option value='https:\/\/james-mac.com\/en\/2022\/02\/'> February 2022 &nbsp;(27)<\/option>\n\t<option value='https:\/\/james-mac.com\/en\/2022\/01\/'> January 2022 &nbsp;(39)<\/option>\n\t<option value='https:\/\/james-mac.com\/en\/2021\/12\/'> December 2021 &nbsp;(39)<\/option>\n\t<option value='https:\/\/james-mac.com\/en\/2021\/11\/'> November 2021 &nbsp;(36)<\/option>\n\t<option value='https:\/\/james-mac.com\/en\/2021\/10\/'> October 2021 &nbsp;(39)<\/option>\n\t<option value='https:\/\/james-mac.com\/en\/2021\/09\/'> September 2021 &nbsp;(39)<\/option>\n\t<option value='https:\/\/james-mac.com\/en\/2021\/08\/'> August 2021 &nbsp;(39)<\/option>\n\t<option value='https:\/\/james-mac.com\/en\/2021\/07\/'> July 2021 &nbsp;(42)<\/option>\n\t<option value='https:\/\/james-mac.com\/en\/2021\/06\/'> June 2021 &nbsp;(44)<\/option>\n\t<option value='https:\/\/james-mac.com\/en\/2021\/05\/'> May 2021 &nbsp;(44)<\/option>\n\t<option value='https:\/\/james-mac.com\/en\/2021\/04\/'> April 2021 &nbsp;(45)<\/option>\n\t<option value='https:\/\/james-mac.com\/en\/2021\/03\/'> March 2021 &nbsp;(46)<\/option>\n\t<option value='https:\/\/james-mac.com\/en\/2021\/02\/'> February 2021 &nbsp;(44)<\/option>\n\t<option value='https:\/\/james-mac.com\/en\/2021\/01\/'> January 2021 &nbsp;(46)<\/option>\n\t<option value='https:\/\/james-mac.com\/en\/2020\/12\/'> December 2020 &nbsp;(50)<\/option>\n\t<option value='https:\/\/james-mac.com\/en\/2020\/11\/'> November 2020 &nbsp;(43)<\/option>\n\t<option value='https:\/\/james-mac.com\/en\/2020\/10\/'> October 2020 &nbsp;(44)<\/option>\n\t<option value='https:\/\/james-mac.com\/en\/2020\/09\/'> September 2020 &nbsp;(39)<\/option>\n\t<option value='https:\/\/james-mac.com\/en\/2020\/08\/'> August 2020 &nbsp;(24)<\/option>\n\t<option value='https:\/\/james-mac.com\/en\/2020\/07\/'> July 2020 &nbsp;(22)<\/option>\n\t<option value='https:\/\/james-mac.com\/en\/2020\/06\/'> June 2020 &nbsp;(19)<\/option>\n\t<option value='https:\/\/james-mac.com\/en\/2020\/01\/'> January 2020 &nbsp;(1)<\/option>\n\n\t\t<\/select>\n\n\t\t\t<script type=\"text\/javascript\">\n\/* <![CDATA[ *\/\n\n( ( dropdownId ) => {\n\tconst dropdown = document.getElementById( dropdownId );\n\tfunction onSelectChange() {\n\t\tsetTimeout( () => {\n\t\t\tif ( 'escape' === dropdown.dataset.lastkey ) {\n\t\t\t\treturn;\n\t\t\t}\n\t\t\tif ( dropdown.value ) {\n\t\t\t\tdocument.location.href = dropdown.value;\n\t\t\t}\n\t\t}, 250 );\n\t}\n\tfunction onKeyUp( event ) {\n\t\tif ( 'Escape' === event.key ) {\n\t\t\tdropdown.dataset.lastkey = 'escape';\n\t\t} else {\n\t\t\tdelete dropdown.dataset.lastkey;\n\t\t}\n\t}\n\tfunction onClick() {\n\t\tdelete dropdown.dataset.lastkey;\n\t}\n\tdropdown.addEventListener( 'keyup', onKeyUp );\n\tdropdown.addEventListener( 'click', onClick );\n\tdropdown.addEventListener( 'change', onSelectChange );\n})( \"archives-dropdown-REPLACE_TO_ID\" );\n\n\/\/# sourceURL=WP_Widget_Archives%3A%3Awidget\n\/* ]]> *\/\n<\/script>\n\t\t\t\t<\/div>\n\t\t\t\t<\/div>\n\t\t\t\t\t<\/div>\n\t\t<\/div>\n\t\t\t\t\t<\/div>\n\t\t<\/section>\n\t\t\t\t\t<\/div>\n\t\t<\/div>\n\t\t\t\t\t<\/div>\n\t\t<\/section>\n\t\t\t\t<\/div>\n\t\t","protected":false},"excerpt":{"rendered":"<p>Bitte einmal aktualisieren, um den Inhalt richtig anzuzeigen Erg Sabina war heute das Ziel der Legenden und damit hei\u00dft es Leinen los f\u00fcr unsere t\u00e4glichen Tauchausfahrten im November 2024! Unsere\u00a0Tauchguides\u00a0berichten an dieser Stelle jeden Tag von den Sichtungen der kleinen und auch gro\u00dfen Sch\u00e4tze, die unser sch\u00f6nes\u00a0Rotes Meer\u00a0zu bieten hat. Au\u00dferdem erz\u00e4hlen sie \u00fcber all das, was sie auf dem Meer und unter Wasser erlebt haben.\u00a0Auch \u00fcber die wundervollen Erlebnisse auf unseren mehrt\u00e4gigen Minisafaris halten sie euch stets auf dem&hellip;<\/p>","protected":false},"author":4,"featured_media":45965,"comment_status":"open","ping_status":"closed","sticky":false,"template":"","format":"standard","meta":{"footnotes":""},"categories":[15],"tags":[561,1316,799,247],"class_list":["post-49729","post","type-post","status-publish","format-standard","has-post-thumbnail","hentry","category-taegliche-tauchausfahrten","tag-erg-sabina","tag-kai","tag-legenden","tag-scharara","post-has-thumbnail"],"yoast_head":"<!-- This site is optimized with the Yoast SEO plugin v27.5 - https:\/\/yoast.com\/product\/yoast-seo-wordpress\/ -->\n<title>Erg Sabina war heute das Ziel der Legenden - James &amp; Mac Diving Center<\/title>\n<meta name=\"description\" content=\"Erg Sabina war heute das Ziel der Legenden und damit Leinen los f\u00fcr unsere t\u00e4glichen Tauchausfahrten im November 2024. Taucht mit uns ab!\" \/>\n<meta name=\"robots\" content=\"index, follow, max-snippet:-1, max-image-preview:large, max-video-preview:-1\" \/>\n<link rel=\"canonical\" href=\"https:\/\/james-mac.com\/en\/erg-sabina-war-heute-das-ziel-der-legenden\/\" \/>\n<meta property=\"og:locale\" content=\"en_GB\" \/>\n<meta property=\"og:type\" content=\"article\" \/>\n<meta property=\"og:title\" content=\"Erg Sabina war heute das Ziel der Legenden - James &amp; Mac Diving Center\" \/>\n<meta property=\"og:description\" content=\"Erg Sabina war heute das Ziel der Legenden und damit Leinen los f\u00fcr unsere t\u00e4glichen Tauchausfahrten im November 2024. Taucht mit uns ab!\" \/>\n<meta property=\"og:url\" content=\"https:\/\/james-mac.com\/en\/erg-sabina-war-heute-das-ziel-der-legenden\/\" \/>\n<meta property=\"og:site_name\" content=\"James &amp; Mac Diving Center\" \/>\n<meta property=\"article:publisher\" content=\"https:\/\/www.facebook.com\/jamesandmac\/\" \/>\n<meta property=\"article:published_time\" content=\"2024-11-13T13:27:32+00:00\" \/>\n<meta property=\"article:modified_time\" content=\"2024-11-13T14:27:19+00:00\" \/>\n<meta property=\"og:image\" content=\"https:\/\/james-mac.com\/wp-content\/uploads\/2024\/04\/KORALLENRIFF-FOTO-OlafMayr-3x4-2-e1731504435161.jpg\" \/>\n\t<meta property=\"og:image:width\" content=\"1772\" \/>\n\t<meta property=\"og:image:height\" content=\"1330\" \/>\n\t<meta property=\"og:image:type\" content=\"image\/jpeg\" \/>\n<meta name=\"author\" content=\"Ameli\" \/>\n<meta name=\"twitter:card\" content=\"summary_large_image\" \/>\n<meta name=\"twitter:creator\" content=\"@James_Mac_HRG\" \/>\n<meta name=\"twitter:site\" content=\"@James_Mac_HRG\" \/>\n<meta name=\"twitter:label1\" content=\"Written by\" \/>\n\t<meta name=\"twitter:data1\" content=\"Ameli\" \/>\n\t<meta name=\"twitter:label2\" content=\"Estimated reading time\" \/>\n\t<meta name=\"twitter:data2\" content=\"2 minutes\" \/>\n<script type=\"application\/ld+json\" class=\"yoast-schema-graph\">{\"@context\":\"https:\\\/\\\/schema.org\",\"@graph\":[{\"@type\":\"Article\",\"@id\":\"https:\\\/\\\/james-mac.com\\\/erg-sabina-war-heute-das-ziel-der-legenden\\\/#article\",\"isPartOf\":{\"@id\":\"https:\\\/\\\/james-mac.com\\\/erg-sabina-war-heute-das-ziel-der-legenden\\\/\"},\"author\":{\"name\":\"Ameli\",\"@id\":\"https:\\\/\\\/james-mac.com\\\/#\\\/schema\\\/person\\\/bdad9b5a4498bd11efeed74d2676eee4\"},\"headline\":\"Erg Sabina war heute das Ziel der Legenden\",\"datePublished\":\"2024-11-13T13:27:32+00:00\",\"dateModified\":\"2024-11-13T14:27:19+00:00\",\"mainEntityOfPage\":{\"@id\":\"https:\\\/\\\/james-mac.com\\\/erg-sabina-war-heute-das-ziel-der-legenden\\\/\"},\"wordCount\":285,\"commentCount\":0,\"publisher\":{\"@id\":\"https:\\\/\\\/james-mac.com\\\/#organization\"},\"image\":{\"@id\":\"https:\\\/\\\/james-mac.com\\\/erg-sabina-war-heute-das-ziel-der-legenden\\\/#primaryimage\"},\"thumbnailUrl\":\"https:\\\/\\\/james-mac.com\\\/wp-content\\\/uploads\\\/2024\\\/04\\\/KORALLENRIFF-FOTO-OlafMayr-3x4-2-e1731504435161.jpg\",\"keywords\":[\"Erg Sabina\",\"Kai\",\"Legenden\",\"Scharara\"],\"articleSection\":[\"T\u00e4gliche Tauchausfahrten\"],\"inLanguage\":\"en-GB\",\"potentialAction\":[{\"@type\":\"CommentAction\",\"name\":\"Comment\",\"target\":[\"https:\\\/\\\/james-mac.com\\\/erg-sabina-war-heute-das-ziel-der-legenden\\\/#respond\"]}]},{\"@type\":\"WebPage\",\"@id\":\"https:\\\/\\\/james-mac.com\\\/erg-sabina-war-heute-das-ziel-der-legenden\\\/\",\"url\":\"https:\\\/\\\/james-mac.com\\\/erg-sabina-war-heute-das-ziel-der-legenden\\\/\",\"name\":\"Erg Sabina war heute das Ziel der Legenden - James &amp; Mac Diving Center\",\"isPartOf\":{\"@id\":\"https:\\\/\\\/james-mac.com\\\/#website\"},\"primaryImageOfPage\":{\"@id\":\"https:\\\/\\\/james-mac.com\\\/erg-sabina-war-heute-das-ziel-der-legenden\\\/#primaryimage\"},\"image\":{\"@id\":\"https:\\\/\\\/james-mac.com\\\/erg-sabina-war-heute-das-ziel-der-legenden\\\/#primaryimage\"},\"thumbnailUrl\":\"https:\\\/\\\/james-mac.com\\\/wp-content\\\/uploads\\\/2024\\\/04\\\/KORALLENRIFF-FOTO-OlafMayr-3x4-2-e1731504435161.jpg\",\"datePublished\":\"2024-11-13T13:27:32+00:00\",\"dateModified\":\"2024-11-13T14:27:19+00:00\",\"description\":\"Erg Sabina war heute das Ziel der Legenden und damit Leinen los f\u00fcr unsere t\u00e4glichen Tauchausfahrten im November 2024. Taucht mit uns ab!\",\"breadcrumb\":{\"@id\":\"https:\\\/\\\/james-mac.com\\\/erg-sabina-war-heute-das-ziel-der-legenden\\\/#breadcrumb\"},\"inLanguage\":\"en-GB\",\"potentialAction\":[{\"@type\":\"ReadAction\",\"target\":[\"https:\\\/\\\/james-mac.com\\\/erg-sabina-war-heute-das-ziel-der-legenden\\\/\"]}]},{\"@type\":\"ImageObject\",\"inLanguage\":\"en-GB\",\"@id\":\"https:\\\/\\\/james-mac.com\\\/erg-sabina-war-heute-das-ziel-der-legenden\\\/#primaryimage\",\"url\":\"https:\\\/\\\/james-mac.com\\\/wp-content\\\/uploads\\\/2024\\\/04\\\/KORALLENRIFF-FOTO-OlafMayr-3x4-2-e1731504435161.jpg\",\"contentUrl\":\"https:\\\/\\\/james-mac.com\\\/wp-content\\\/uploads\\\/2024\\\/04\\\/KORALLENRIFF-FOTO-OlafMayr-3x4-2-e1731504435161.jpg\",\"width\":1772,\"height\":1330,\"caption\":\"Erg Sabina war heute das Ziel der Legenden\"},{\"@type\":\"BreadcrumbList\",\"@id\":\"https:\\\/\\\/james-mac.com\\\/erg-sabina-war-heute-das-ziel-der-legenden\\\/#breadcrumb\",\"itemListElement\":[{\"@type\":\"ListItem\",\"position\":1,\"name\":\"Home\",\"item\":\"https:\\\/\\\/james-mac.com\\\/\"},{\"@type\":\"ListItem\",\"position\":2,\"name\":\"T\u00e4gliche Tauchausfahrten\",\"item\":\"https:\\\/\\\/james-mac.com\\\/category\\\/taegliche-tauchausfahrten\\\/\"},{\"@type\":\"ListItem\",\"position\":3,\"name\":\"Erg Sabina war heute das Ziel der Legenden\"}]},{\"@type\":\"WebSite\",\"@id\":\"https:\\\/\\\/james-mac.com\\\/#website\",\"url\":\"https:\\\/\\\/james-mac.com\\\/\",\"name\":\"James &amp; Mac Diving Center\",\"description\":\"Red sea diving since 1987\",\"publisher\":{\"@id\":\"https:\\\/\\\/james-mac.com\\\/#organization\"},\"potentialAction\":[{\"@type\":\"SearchAction\",\"target\":{\"@type\":\"EntryPoint\",\"urlTemplate\":\"https:\\\/\\\/james-mac.com\\\/?s={search_term_string}\"},\"query-input\":{\"@type\":\"PropertyValueSpecification\",\"valueRequired\":true,\"valueName\":\"search_term_string\"}}],\"inLanguage\":\"en-GB\"},{\"@type\":\"Organization\",\"@id\":\"https:\\\/\\\/james-mac.com\\\/#organization\",\"name\":\"James & Mac\",\"url\":\"https:\\\/\\\/james-mac.com\\\/\",\"logo\":{\"@type\":\"ImageObject\",\"inLanguage\":\"en-GB\",\"@id\":\"https:\\\/\\\/james-mac.com\\\/#\\\/schema\\\/logo\\\/image\\\/\",\"url\":\"\",\"contentUrl\":\"\",\"caption\":\"James & Mac\"},\"image\":{\"@id\":\"https:\\\/\\\/james-mac.com\\\/#\\\/schema\\\/logo\\\/image\\\/\"},\"sameAs\":[\"https:\\\/\\\/www.facebook.com\\\/jamesandmac\\\/\",\"https:\\\/\\\/x.com\\\/James_Mac_HRG\",\"https:\\\/\\\/www.instagram.com\\\/jamesundmacdiving\\\/\",\"https:\\\/\\\/www.youtube.com\\\/user\\\/james1987mac\"]},{\"@type\":\"Person\",\"@id\":\"https:\\\/\\\/james-mac.com\\\/#\\\/schema\\\/person\\\/bdad9b5a4498bd11efeed74d2676eee4\",\"name\":\"Ameli\",\"image\":{\"@type\":\"ImageObject\",\"inLanguage\":\"en-GB\",\"@id\":\"https:\\\/\\\/secure.gravatar.com\\\/avatar\\\/815b16a62dd9759f01ae110606d38d9d0fe57f307e2639ca16c1d626d7a6762d?s=96&r=g\",\"url\":\"https:\\\/\\\/secure.gravatar.com\\\/avatar\\\/815b16a62dd9759f01ae110606d38d9d0fe57f307e2639ca16c1d626d7a6762d?s=96&r=g\",\"contentUrl\":\"https:\\\/\\\/secure.gravatar.com\\\/avatar\\\/815b16a62dd9759f01ae110606d38d9d0fe57f307e2639ca16c1d626d7a6762d?s=96&r=g\",\"caption\":\"Ameli\"},\"url\":\"https:\\\/\\\/james-mac.com\\\/en\\\/author\\\/ameli\\\/\"}]}<\/script>\n<!-- \/ Yoast SEO plugin. -->","yoast_head_json":{"title":"Erg Sabina war heute das Ziel der Legenden - James &amp; Mac Diving Center","description":"Erg Sabina war heute das Ziel der Legenden und damit Leinen los f\u00fcr unsere t\u00e4glichen Tauchausfahrten im November 2024. Taucht mit uns ab!","robots":{"index":"index","follow":"follow","max-snippet":"max-snippet:-1","max-image-preview":"max-image-preview:large","max-video-preview":"max-video-preview:-1"},"canonical":"https:\/\/james-mac.com\/en\/erg-sabina-war-heute-das-ziel-der-legenden\/","og_locale":"en_GB","og_type":"article","og_title":"Erg Sabina war heute das Ziel der Legenden - James &amp; Mac Diving Center","og_description":"Erg Sabina war heute das Ziel der Legenden und damit Leinen los f\u00fcr unsere t\u00e4glichen Tauchausfahrten im November 2024. Taucht mit uns ab!","og_url":"https:\/\/james-mac.com\/en\/erg-sabina-war-heute-das-ziel-der-legenden\/","og_site_name":"James &amp; Mac Diving Center","article_publisher":"https:\/\/www.facebook.com\/jamesandmac\/","article_published_time":"2024-11-13T13:27:32+00:00","article_modified_time":"2024-11-13T14:27:19+00:00","og_image":[{"width":1772,"height":1330,"url":"https:\/\/james-mac.com\/wp-content\/uploads\/2024\/04\/KORALLENRIFF-FOTO-OlafMayr-3x4-2-e1731504435161.jpg","type":"image\/jpeg"}],"author":"Ameli","twitter_card":"summary_large_image","twitter_creator":"@James_Mac_HRG","twitter_site":"@James_Mac_HRG","twitter_misc":{"Written by":"Ameli","Estimated reading time":"2 minutes"},"schema":{"@context":"https:\/\/schema.org","@graph":[{"@type":"Article","@id":"https:\/\/james-mac.com\/erg-sabina-war-heute-das-ziel-der-legenden\/#article","isPartOf":{"@id":"https:\/\/james-mac.com\/erg-sabina-war-heute-das-ziel-der-legenden\/"},"author":{"name":"Ameli","@id":"https:\/\/james-mac.com\/#\/schema\/person\/bdad9b5a4498bd11efeed74d2676eee4"},"headline":"Erg Sabina war heute das Ziel der Legenden","datePublished":"2024-11-13T13:27:32+00:00","dateModified":"2024-11-13T14:27:19+00:00","mainEntityOfPage":{"@id":"https:\/\/james-mac.com\/erg-sabina-war-heute-das-ziel-der-legenden\/"},"wordCount":285,"commentCount":0,"publisher":{"@id":"https:\/\/james-mac.com\/#organization"},"image":{"@id":"https:\/\/james-mac.com\/erg-sabina-war-heute-das-ziel-der-legenden\/#primaryimage"},"thumbnailUrl":"https:\/\/james-mac.com\/wp-content\/uploads\/2024\/04\/KORALLENRIFF-FOTO-OlafMayr-3x4-2-e1731504435161.jpg","keywords":["Erg Sabina","Kai","Legenden","Scharara"],"articleSection":["T\u00e4gliche Tauchausfahrten"],"inLanguage":"en-GB","potentialAction":[{"@type":"CommentAction","name":"Comment","target":["https:\/\/james-mac.com\/erg-sabina-war-heute-das-ziel-der-legenden\/#respond"]}]},{"@type":"WebPage","@id":"https:\/\/james-mac.com\/erg-sabina-war-heute-das-ziel-der-legenden\/","url":"https:\/\/james-mac.com\/erg-sabina-war-heute-das-ziel-der-legenden\/","name":"Erg Sabina war heute das Ziel der Legenden - James &amp; Mac Diving Center","isPartOf":{"@id":"https:\/\/james-mac.com\/#website"},"primaryImageOfPage":{"@id":"https:\/\/james-mac.com\/erg-sabina-war-heute-das-ziel-der-legenden\/#primaryimage"},"image":{"@id":"https:\/\/james-mac.com\/erg-sabina-war-heute-das-ziel-der-legenden\/#primaryimage"},"thumbnailUrl":"https:\/\/james-mac.com\/wp-content\/uploads\/2024\/04\/KORALLENRIFF-FOTO-OlafMayr-3x4-2-e1731504435161.jpg","datePublished":"2024-11-13T13:27:32+00:00","dateModified":"2024-11-13T14:27:19+00:00","description":"Erg Sabina war heute das Ziel der Legenden und damit Leinen los f\u00fcr unsere t\u00e4glichen Tauchausfahrten im November 2024. Taucht mit uns ab!","breadcrumb":{"@id":"https:\/\/james-mac.com\/erg-sabina-war-heute-das-ziel-der-legenden\/#breadcrumb"},"inLanguage":"en-GB","potentialAction":[{"@type":"ReadAction","target":["https:\/\/james-mac.com\/erg-sabina-war-heute-das-ziel-der-legenden\/"]}]},{"@type":"ImageObject","inLanguage":"en-GB","@id":"https:\/\/james-mac.com\/erg-sabina-war-heute-das-ziel-der-legenden\/#primaryimage","url":"https:\/\/james-mac.com\/wp-content\/uploads\/2024\/04\/KORALLENRIFF-FOTO-OlafMayr-3x4-2-e1731504435161.jpg","contentUrl":"https:\/\/james-mac.com\/wp-content\/uploads\/2024\/04\/KORALLENRIFF-FOTO-OlafMayr-3x4-2-e1731504435161.jpg","width":1772,"height":1330,"caption":"Erg Sabina war heute das Ziel der Legenden"},{"@type":"BreadcrumbList","@id":"https:\/\/james-mac.com\/erg-sabina-war-heute-das-ziel-der-legenden\/#breadcrumb","itemListElement":[{"@type":"ListItem","position":1,"name":"Home","item":"https:\/\/james-mac.com\/"},{"@type":"ListItem","position":2,"name":"T\u00e4gliche Tauchausfahrten","item":"https:\/\/james-mac.com\/category\/taegliche-tauchausfahrten\/"},{"@type":"ListItem","position":3,"name":"Erg Sabina war heute das Ziel der Legenden"}]},{"@type":"WebSite","@id":"https:\/\/james-mac.com\/#website","url":"https:\/\/james-mac.com\/","name":"James &amp; Mac Diving Center","description":"Red sea diving since 1987","publisher":{"@id":"https:\/\/james-mac.com\/#organization"},"potentialAction":[{"@type":"SearchAction","target":{"@type":"EntryPoint","urlTemplate":"https:\/\/james-mac.com\/?s={search_term_string}"},"query-input":{"@type":"PropertyValueSpecification","valueRequired":true,"valueName":"search_term_string"}}],"inLanguage":"en-GB"},{"@type":"Organization","@id":"https:\/\/james-mac.com\/#organization","name":"James &amp; Mac","url":"https:\/\/james-mac.com\/","logo":{"@type":"ImageObject","inLanguage":"en-GB","@id":"https:\/\/james-mac.com\/#\/schema\/logo\/image\/","url":"","contentUrl":"","caption":"James & Mac"},"image":{"@id":"https:\/\/james-mac.com\/#\/schema\/logo\/image\/"},"sameAs":["https:\/\/www.facebook.com\/jamesandmac\/","https:\/\/x.com\/James_Mac_HRG","https:\/\/www.instagram.com\/jamesundmacdiving\/","https:\/\/www.youtube.com\/user\/james1987mac"]},{"@type":"Person","@id":"https:\/\/james-mac.com\/#\/schema\/person\/bdad9b5a4498bd11efeed74d2676eee4","name":"Ameli","image":{"@type":"ImageObject","inLanguage":"en-GB","@id":"https:\/\/secure.gravatar.com\/avatar\/815b16a62dd9759f01ae110606d38d9d0fe57f307e2639ca16c1d626d7a6762d?s=96&r=g","url":"https:\/\/secure.gravatar.com\/avatar\/815b16a62dd9759f01ae110606d38d9d0fe57f307e2639ca16c1d626d7a6762d?s=96&r=g","contentUrl":"https:\/\/secure.gravatar.com\/avatar\/815b16a62dd9759f01ae110606d38d9d0fe57f307e2639ca16c1d626d7a6762d?s=96&r=g","caption":"Ameli"},"url":"https:\/\/james-mac.com\/en\/author\/ameli\/"}]}},"_links":{"self":[{"href":"https:\/\/james-mac.com\/en\/wp-json\/wp\/v2\/posts\/49729","targetHints":{"allow":["GET"]}}],"collection":[{"href":"https:\/\/james-mac.com\/en\/wp-json\/wp\/v2\/posts"}],"about":[{"href":"https:\/\/james-mac.com\/en\/wp-json\/wp\/v2\/types\/post"}],"author":[{"embeddable":true,"href":"https:\/\/james-mac.com\/en\/wp-json\/wp\/v2\/users\/4"}],"replies":[{"embeddable":true,"href":"https:\/\/james-mac.com\/en\/wp-json\/wp\/v2\/comments?post=49729"}],"version-history":[{"count":4,"href":"https:\/\/james-mac.com\/en\/wp-json\/wp\/v2\/posts\/49729\/revisions"}],"predecessor-version":[{"id":49734,"href":"https:\/\/james-mac.com\/en\/wp-json\/wp\/v2\/posts\/49729\/revisions\/49734"}],"wp:featuredmedia":[{"embeddable":true,"href":"https:\/\/james-mac.com\/en\/wp-json\/wp\/v2\/media\/45965"}],"wp:attachment":[{"href":"https:\/\/james-mac.com\/en\/wp-json\/wp\/v2\/media?parent=49729"}],"wp:term":[{"taxonomy":"category","embeddable":true,"href":"https:\/\/james-mac.com\/en\/wp-json\/wp\/v2\/categories?post=49729"},{"taxonomy":"post_tag","embeddable":true,"href":"https:\/\/james-mac.com\/en\/wp-json\/wp\/v2\/tags?post=49729"}],"curies":[{"name":"wp","href":"https:\/\/api.w.org\/{rel}","templated":true}]}}