
{"id":56538,"date":"2026-02-07T06:23:00","date_gmt":"2026-02-07T05:23:00","guid":{"rendered":"https:\/\/james-mac.com\/?p=56538"},"modified":"2026-02-07T06:29:50","modified_gmt":"2026-02-07T05:29:50","slug":"unsere-woche-rueckblick-vom-roten-meer","status":"publish","type":"post","link":"https:\/\/james-mac.com\/en\/unsere-woche-rueckblick-vom-roten-meer\/","title":{"rendered":"Unsere Woche \u2013 R\u00fcckblick vom Roten Meer"},"content":{"rendered":"<div data-elementor-type=\"wp-post\" data-elementor-id=\"56538\" class=\"elementor elementor-56538\" data-elementor-post-type=\"post\">\n\t\t\t\t\t\t<section data-particle_enable=\"false\" data-particle-mobile-disabled=\"false\" class=\"elementor-section elementor-top-section elementor-element elementor-element-227703b9 elementor-section-boxed elementor-section-height-default elementor-section-height-default\" data-id=\"227703b9\" data-element_type=\"section\" data-e-type=\"section\">\n\t\t\t\t\t\t<div class=\"elementor-container elementor-column-gap-default\">\n\t\t\t\t\t<div class=\"elementor-column elementor-col-100 elementor-top-column elementor-element elementor-element-f4ad3dd\" data-id=\"f4ad3dd\" data-element_type=\"column\" data-e-type=\"column\">\n\t\t\t<div class=\"elementor-widget-wrap elementor-element-populated\">\n\t\t\t\t\t\t<section data-particle_enable=\"false\" data-particle-mobile-disabled=\"false\" class=\"elementor-section elementor-inner-section elementor-element elementor-element-cc199a4 elementor-section-boxed elementor-section-height-default elementor-section-height-default\" data-id=\"cc199a4\" data-element_type=\"section\" data-e-type=\"section\">\n\t\t\t\t\t\t<div class=\"elementor-container elementor-column-gap-default\">\n\t\t\t\t\t<div class=\"elementor-column elementor-col-100 elementor-inner-column elementor-element elementor-element-fa3966e\" data-id=\"fa3966e\" data-element_type=\"column\" data-e-type=\"column\">\n\t\t\t<div class=\"elementor-widget-wrap elementor-element-populated\">\n\t\t\t\t\t\t<div class=\"elementor-element elementor-element-2f56543a elementor-post-navigation-borders-yes elementor-widget elementor-widget-post-navigation\" data-id=\"2f56543a\" data-element_type=\"widget\" data-e-type=\"widget\" data-widget_type=\"post-navigation.default\">\n\t\t\t\t<div class=\"elementor-widget-container\">\n\t\t\t\t\t\t\t<div class=\"elementor-post-navigation\" role=\"navigation\" aria-label=\"Post Navigation\">\n\t\t\t<div class=\"elementor-post-navigation__prev elementor-post-navigation__link\">\n\t\t\t\t<a href=\"https:\/\/james-mac.com\/en\/der-januar-neigt-sich-dem-ende-entgegen\/\" rel=\"prev\"><span class=\"post-navigation__arrow-wrapper post-navigation__arrow-prev\"><i aria-hidden=\"true\" class=\"fas fa-angle-left\"><\/i><span class=\"elementor-screen-only\">Prev<\/span><\/span><span class=\"elementor-post-navigation__link__prev\"><span class=\"post-navigation__prev--label\">Voriger<\/span><span class=\"post-navigation__prev--title\">Der Januar neigt sich dem Ende entgegen<\/span><\/span><\/a>\t\t\t<\/div>\n\t\t\t\t\t\t\t<div class=\"elementor-post-navigation__separator-wrapper\">\n\t\t\t\t\t<div class=\"elementor-post-navigation__separator\"><\/div>\n\t\t\t\t<\/div>\n\t\t\t\t\t\t<div class=\"elementor-post-navigation__next elementor-post-navigation__link\">\n\t\t\t\t<a href=\"https:\/\/james-mac.com\/en\/eine-warme-februarwoche-in-aegypten\/\" rel=\"next\"><span class=\"elementor-post-navigation__link__next\"><span class=\"post-navigation__next--label\">N\u00e4chster<\/span><span class=\"post-navigation__next--title\">Eine warme Februarwoche in \u00c4gypten<\/span><\/span><span class=\"post-navigation__arrow-wrapper post-navigation__arrow-next\"><i aria-hidden=\"true\" class=\"fas fa-angle-right\"><\/i><span class=\"elementor-screen-only\">Next<\/span><\/span><\/a>\t\t\t<\/div>\n\t\t<\/div>\n\t\t\t\t\t\t<\/div>\n\t\t\t\t<\/div>\n\t\t\t\t<div class=\"elementor-element elementor-element-15897ef elementor-widget elementor-widget-spacer\" data-id=\"15897ef\" data-element_type=\"widget\" data-e-type=\"widget\" data-widget_type=\"spacer.default\">\n\t\t\t\t<div class=\"elementor-widget-container\">\n\t\t\t\t\t\t\t<div class=\"elementor-spacer\">\n\t\t\t<div class=\"elementor-spacer-inner\"><\/div>\n\t\t<\/div>\n\t\t\t\t\t\t<\/div>\n\t\t\t\t<\/div>\n\t\t\t\t<div class=\"elementor-element elementor-element-9fcd9eb elementor-widget elementor-widget-theme-post-title elementor-page-title elementor-widget-heading\" data-id=\"9fcd9eb\" data-element_type=\"widget\" data-e-type=\"widget\" data-widget_type=\"theme-post-title.default\">\n\t\t\t\t<div class=\"elementor-widget-container\">\n\t\t\t\t\t<h1 class=\"elementor-heading-title elementor-size-default\">Unsere Woche \u2013 R\u00fcckblick vom Roten Meer<\/h1>\t\t\t\t<\/div>\n\t\t\t\t<\/div>\n\t\t\t\t<div class=\"elementor-element elementor-element-5d6cddf elementor-align-center elementor-widget elementor-widget-post-info\" data-id=\"5d6cddf\" data-element_type=\"widget\" data-e-type=\"widget\" data-widget_type=\"post-info.default\">\n\t\t\t\t<div class=\"elementor-widget-container\">\n\t\t\t\t\t\t\t<ul class=\"elementor-inline-items elementor-icon-list-items elementor-post-info\">\n\t\t\t\t\t\t\t\t<li class=\"elementor-icon-list-item elementor-repeater-item-3db2e1d elementor-inline-item\" itemprop=\"datePublished\">\n\t\t\t\t\t\t<a href=\"https:\/\/james-mac.com\/en\/2026\/02\/07\/\">\n\t\t\t\t\t\t\t\t\t\t\t\t\t\t<span class=\"elementor-icon-list-text elementor-post-info__item elementor-post-info__item--type-date\">\n\t\t\t\t\t\t\t\t\t\t<time>07.02.2026<\/time>\t\t\t\t\t<\/span>\n\t\t\t\t\t\t\t\t\t<\/a>\n\t\t\t\t<\/li>\n\t\t\t\t<\/ul>\n\t\t\t\t\t\t<\/div>\n\t\t\t\t<\/div>\n\t\t\t\t<div class=\"elementor-element elementor-element-1242fe7 elementor-widget elementor-widget-theme-post-featured-image elementor-widget-image\" data-id=\"1242fe7\" data-element_type=\"widget\" data-e-type=\"widget\" data-widget_type=\"theme-post-featured-image.default\">\n\t\t\t\t<div class=\"elementor-widget-container\">\n\t\t\t\t\t\t\t\t\t\t\t\t\t\t\t<img fetchpriority=\"high\" decoding=\"async\" width=\"640\" height=\"480\" src=\"https:\/\/james-mac.com\/wp-content\/uploads\/2026\/02\/JM-Strand-Jetty-Boote-Wolgen-Morgens-Foto-Thorsten-4x3-1-1024x768.png\" class=\"attachment-large size-large wp-image-56539\" alt=\"Unsere Woche \u2013 R\u00fcckblick vom Roten Meer\" srcset=\"https:\/\/james-mac.com\/wp-content\/uploads\/2026\/02\/JM-Strand-Jetty-Boote-Wolgen-Morgens-Foto-Thorsten-4x3-1-1024x768.png 1024w, https:\/\/james-mac.com\/wp-content\/uploads\/2026\/02\/JM-Strand-Jetty-Boote-Wolgen-Morgens-Foto-Thorsten-4x3-1-300x225.png 300w, https:\/\/james-mac.com\/wp-content\/uploads\/2026\/02\/JM-Strand-Jetty-Boote-Wolgen-Morgens-Foto-Thorsten-4x3-1-768x576.png 768w, https:\/\/james-mac.com\/wp-content\/uploads\/2026\/02\/JM-Strand-Jetty-Boote-Wolgen-Morgens-Foto-Thorsten-4x3-1-1536x1152.png 1536w, https:\/\/james-mac.com\/wp-content\/uploads\/2026\/02\/JM-Strand-Jetty-Boote-Wolgen-Morgens-Foto-Thorsten-4x3-1-2048x1536.png 2048w, https:\/\/james-mac.com\/wp-content\/uploads\/2026\/02\/JM-Strand-Jetty-Boote-Wolgen-Morgens-Foto-Thorsten-4x3-1-16x12.png 16w, https:\/\/james-mac.com\/wp-content\/uploads\/2026\/02\/JM-Strand-Jetty-Boote-Wolgen-Morgens-Foto-Thorsten-4x3-1-155x116.png 155w\" sizes=\"(max-width: 640px) 100vw, 640px\" \/>\t\t\t\t\t\t\t\t\t\t\t\t\t\t\t<\/div>\n\t\t\t\t<\/div>\n\t\t\t\t<div class=\"elementor-element elementor-element-657f44db elementor-widget elementor-widget-spacer\" data-id=\"657f44db\" data-element_type=\"widget\" data-e-type=\"widget\" data-widget_type=\"spacer.default\">\n\t\t\t\t<div class=\"elementor-widget-container\">\n\t\t\t\t\t\t\t<div class=\"elementor-spacer\">\n\t\t\t<div class=\"elementor-spacer-inner\"><\/div>\n\t\t<\/div>\n\t\t\t\t\t\t<\/div>\n\t\t\t\t<\/div>\n\t\t\t\t<div class=\"elementor-element elementor-element-1dd68d7e elementor-widget elementor-widget-heading\" data-id=\"1dd68d7e\" data-element_type=\"widget\" data-e-type=\"widget\" data-widget_type=\"heading.default\">\n\t\t\t\t<div class=\"elementor-widget-container\">\n\t\t\t\t\t<h3 class=\"elementor-heading-title elementor-size-default\">Unsere Woche \u2013 R\u00fcckblick vom Roten Meer<\/h3>\t\t\t\t<\/div>\n\t\t\t\t<\/div>\n\t\t\t\t<div class=\"elementor-element elementor-element-51b9a289 elementor-widget elementor-widget-text-editor\" data-id=\"51b9a289\" data-element_type=\"widget\" data-e-type=\"widget\" data-widget_type=\"text-editor.default\">\n\t\t\t\t<div class=\"elementor-widget-container\">\n\t\t\t\t\t\t\t\t\t<p>Willkommen zu unserem aktuellen Wochenbericht vom Roten Meer! Jede Woche nehmen wir euch hier mit in die faszinierende Unterwasserwelt \u00c4gyptens, berichten von <a href=\"https:\/\/james-mac.com\/en\/taegliche-tauchausfahrten\/\" target=\"_blank\" rel=\"noopener\">spannenden Tauchg\u00e4ngen<\/a>, stellen unseren Fisch der Woche vor und werfen einen Blick auf aktuelle Entwicklungen aus dem Land der Pharaonen. Au\u00dferdem gibt es immer wieder n\u00fctzliche Tipps und Empfehlungen f\u00fcr alle, die ihren Urlaub in \u00c4gypten noch entspannter und erlebnisreicher gestalten m\u00f6chten. Viel Spa\u00df beim Lesen und Abtauchen! Unsere Woche \u2013 R\u00fcckblick vom Roten Meer:<\/p>\t\t\t\t\t\t\t\t<\/div>\n\t\t\t\t<\/div>\n\t\t\t\t<div class=\"elementor-element elementor-element-2280868d elementor-widget elementor-widget-spacer\" data-id=\"2280868d\" data-element_type=\"widget\" data-e-type=\"widget\" data-widget_type=\"spacer.default\">\n\t\t\t\t<div class=\"elementor-widget-container\">\n\t\t\t\t\t\t\t<div class=\"elementor-spacer\">\n\t\t\t<div class=\"elementor-spacer-inner\"><\/div>\n\t\t<\/div>\n\t\t\t\t\t\t<\/div>\n\t\t\t\t<\/div>\n\t\t\t\t<div class=\"elementor-element elementor-element-509b4a9 elementor-widget elementor-widget-image\" data-id=\"509b4a9\" data-element_type=\"widget\" data-e-type=\"widget\" data-widget_type=\"image.default\">\n\t\t\t\t<div class=\"elementor-widget-container\">\n\t\t\t\t\t\t\t\t\t\t\t\t\t\t\t<img decoding=\"async\" width=\"2560\" height=\"1920\" src=\"https:\/\/james-mac.com\/wp-content\/uploads\/2021\/01\/Giannis-D-Innenraum-Salzeproductions-4x3-1-scaled.jpg\" class=\"attachment-full size-full wp-image-15204\" alt=\"Zwei Wunschpl\u00e4tze und tolle Wracks\" srcset=\"https:\/\/james-mac.com\/wp-content\/uploads\/2021\/01\/Giannis-D-Innenraum-Salzeproductions-4x3-1-scaled.jpg 2560w, https:\/\/james-mac.com\/wp-content\/uploads\/2021\/01\/Giannis-D-Innenraum-Salzeproductions-4x3-1-300x225.jpg 300w, https:\/\/james-mac.com\/wp-content\/uploads\/2021\/01\/Giannis-D-Innenraum-Salzeproductions-4x3-1-1024x768.jpg 1024w, https:\/\/james-mac.com\/wp-content\/uploads\/2021\/01\/Giannis-D-Innenraum-Salzeproductions-4x3-1-768x576.jpg 768w, https:\/\/james-mac.com\/wp-content\/uploads\/2021\/01\/Giannis-D-Innenraum-Salzeproductions-4x3-1-1536x1152.jpg 1536w, https:\/\/james-mac.com\/wp-content\/uploads\/2021\/01\/Giannis-D-Innenraum-Salzeproductions-4x3-1-2048x1536.jpg 2048w, https:\/\/james-mac.com\/wp-content\/uploads\/2021\/01\/Giannis-D-Innenraum-Salzeproductions-4x3-1-16x12.jpg 16w, https:\/\/james-mac.com\/wp-content\/uploads\/2021\/01\/Giannis-D-Innenraum-Salzeproductions-4x3-1-155x116.jpg 155w\" sizes=\"(max-width: 2560px) 100vw, 2560px\" \/>\t\t\t\t\t\t\t\t\t\t\t\t\t\t\t<\/div>\n\t\t\t\t<\/div>\n\t\t\t\t<div class=\"elementor-element elementor-element-49bc8d6 elementor-widget elementor-widget-spacer\" data-id=\"49bc8d6\" data-element_type=\"widget\" data-e-type=\"widget\" data-widget_type=\"spacer.default\">\n\t\t\t\t<div class=\"elementor-widget-container\">\n\t\t\t\t\t\t\t<div class=\"elementor-spacer\">\n\t\t\t<div class=\"elementor-spacer-inner\"><\/div>\n\t\t<\/div>\n\t\t\t\t\t\t<\/div>\n\t\t\t\t<\/div>\n\t\t\t\t<div class=\"elementor-element elementor-element-113b441 elementor-widget elementor-widget-heading\" data-id=\"113b441\" data-element_type=\"widget\" data-e-type=\"widget\" data-widget_type=\"heading.default\">\n\t\t\t\t<div class=\"elementor-widget-container\">\n\t\t\t\t\t<h3 class=\"elementor-heading-title elementor-size-default\">Eine winterlich warme und ruhige Tauchwoche<\/h3>\t\t\t\t<\/div>\n\t\t\t\t<\/div>\n\t\t\t\t<div class=\"elementor-element elementor-element-e4e78df elementor-widget__width-initial elementor-widget elementor-widget-text-editor\" data-id=\"e4e78df\" data-element_type=\"widget\" data-e-type=\"widget\" data-widget_type=\"text-editor.default\">\n\t\t\t\t<div class=\"elementor-widget-container\">\n\t\t\t\t\t\t\t\t\t<p>Der Februar hat begonnen und wir durften uns in der vergangenen Woche bereits \u00fcber die ersten Vorboten des Fr\u00fchlings freuen. Ohne Wind ist es herrlich warm und die Mittagspause l\u00e4dt zu einem Sonnenbad ein. Nat\u00fcrlich braucht das Wasser noch einige Zeit, bis es die 25 Grad Marke \u00fcberschreitet. Aber wir und auch unsere Tauchg\u00e4ste packen uns einfach etwas dicker ein und genie\u00dfen die klare Sicht und das bunte Unterwasserleben.<\/p><p>Das vergangene Wochenende begann mit fabelhaftem Wetter. Beste Bedingungen zum Tauchen und auch f\u00fcr den Rescue-Kurs. Bei Shaab Quais wurde gesucht und geborgen, gerettet und verarztet, was das Zeug hielt. Der Rest der Gruppe ging zwischenzeitlich entspannt Fische gucken und freute sich \u00fcber Gro\u00dfe Barrakudas und kleine Seenadeln. Auch am Sonntag war das Wetter fr\u00fchlingshaft perfekt und wir tauchten direkt in <a href=\"https:\/\/james-mac.com\/en\/tauchen-erleben-und-erinnerungen-schaffen\/\" target=\"_blank\" rel=\"noopener\">Shaab Pinky<\/a> ab. Hier bekamen unsere Fotofreunde eine ausgedehnte Rochenshow zu sehen und auch eine Schildkr\u00f6te gab sich die Ehre.<\/p><p>Was darf nat\u00fcrlich bei derart perfekten Bedingungen auf keinen Fall fehlen? Klar \u2013 eine Fahrt <a href=\"https:\/\/james-mac.com\/en\/vergangenes-erkunden-das-aquarium-erleben\/\" target=\"_blank\" rel=\"noopener\">nach Abu Nuhas<\/a>. Und so erkundeten unsere Wrackfans zu Wochenbeginn die Giannis D und die Carnatic. Unsere kleine Gruppe war restlos begeistert! Bei einem leckeren Bahlul-Mittagsbuffet gings nach zwei sch\u00f6nen Tauchg\u00e4ngen zur\u00fcck Richtung Heimat.\u00a0<\/p><p>Da es die n\u00e4chsten beiden Tag etwas windiger war, erkundeten wir mal wieder die Tauchpl\u00e4tze rund um Giftun und d\u00fcsten nach Fanadir zum Rochen suchen. Unser Open Water Kurs hatte sichtlich Freude am \u00dcben und Entdecken. <span style=\"letter-spacing: 0px;\">Kurz vor dem Wochenende machten wir uns dann auf den Weg nach Shaab Helua, um mit etwas Gl\u00fcck <a href=\"https:\/\/james-mac.com\/en\/die-delfine-warteten-heute-woanders-auf-uns\/\" target=\"_blank\" rel=\"noopener\">Delfine<\/a> zu sehen. Die hatten jedoch etwas anderes vor und waren umgezogen nach Umm Gamar. Kein Problem, dann kommen wir halt auch dahin! So ging unsere sch\u00f6ne Woche mit Delfinbegleitung zu Ende und wir freuen uns schon auf die n\u00e4chste!<\/span><\/p>\t\t\t\t\t\t\t\t<\/div>\n\t\t\t\t<\/div>\n\t\t\t\t<div class=\"elementor-element elementor-element-cd3a0e7 elementor-widget elementor-widget-spacer\" data-id=\"cd3a0e7\" data-element_type=\"widget\" data-e-type=\"widget\" data-widget_type=\"spacer.default\">\n\t\t\t\t<div class=\"elementor-widget-container\">\n\t\t\t\t\t\t\t<div class=\"elementor-spacer\">\n\t\t\t<div class=\"elementor-spacer-inner\"><\/div>\n\t\t<\/div>\n\t\t\t\t\t\t<\/div>\n\t\t\t\t<\/div>\n\t\t\t\t<div class=\"elementor-element elementor-element-bf35922 elementor-widget elementor-widget-video\" data-id=\"bf35922\" data-element_type=\"widget\" data-e-type=\"widget\" data-settings=\"{&quot;youtube_url&quot;:&quot;https:\\\/\\\/youtu.be\\\/rbtDtSKpjZw&quot;,&quot;video_type&quot;:&quot;youtube&quot;,&quot;controls&quot;:&quot;yes&quot;}\" data-widget_type=\"video.default\">\n\t\t\t\t<div class=\"elementor-widget-container\">\n\t\t\t\t\t\t\t<div class=\"elementor-wrapper elementor-open-inline\">\n\t\t\t<div class=\"elementor-video\"><\/div>\t\t<\/div>\n\t\t\t\t\t\t<\/div>\n\t\t\t\t<\/div>\n\t\t\t\t<div class=\"elementor-element elementor-element-72d076f elementor-widget elementor-widget-spacer\" data-id=\"72d076f\" data-element_type=\"widget\" data-e-type=\"widget\" data-widget_type=\"spacer.default\">\n\t\t\t\t<div class=\"elementor-widget-container\">\n\t\t\t\t\t\t\t<div class=\"elementor-spacer\">\n\t\t\t<div class=\"elementor-spacer-inner\"><\/div>\n\t\t<\/div>\n\t\t\t\t\t\t<\/div>\n\t\t\t\t<\/div>\n\t\t\t\t<div class=\"elementor-element elementor-element-7d4bfbb elementor-widget elementor-widget-heading\" data-id=\"7d4bfbb\" data-element_type=\"widget\" data-e-type=\"widget\" data-widget_type=\"heading.default\">\n\t\t\t\t<div class=\"elementor-widget-container\">\n\t\t\t\t\t<h3 class=\"elementor-heading-title elementor-size-default\">Unser Meerestier der Woche: Die Ohrenqualle<\/h3>\t\t\t\t<\/div>\n\t\t\t\t<\/div>\n\t\t\t\t<div class=\"elementor-element elementor-element-aa57c84 elementor-widget elementor-widget-text-editor\" data-id=\"aa57c84\" data-element_type=\"widget\" data-e-type=\"widget\" data-widget_type=\"text-editor.default\">\n\t\t\t\t<div class=\"elementor-widget-container\">\n\t\t\t\t\t\t\t\t\t<p>Beim Tauchen im Roten Meer liegt die Aufmerksamkeit oft auf Korallenriffen, Fischen oder gr\u00f6\u00dferen Meeresbewohnern. Doch man begegnet auch Arten, die weniger auff\u00e4llig sind, aber einen festen Platz im \u00d6kosystem haben. Eine davon ist <a href=\"https:\/\/de.wikipedia.org\/wiki\/Ohrenqualle\" target=\"_blank\" rel=\"noopener noreferrer\" data-sk=\"tooltip_parent\">die Ohrenqualle<\/a> Aurelia aurita. Sie ist an ihrem durchsichtigen, scheibenf\u00f6rmigen Schirm gut zu erkennen, in dessen Innerem vier hufeisenf\u00f6rmige Strukturen sichtbar sind. Diese Strukturen sind die Geschlechtsorgane der Qualle und haben ihr auch den deutschen Namen eingebracht. Die vier deutlich abgegrenzten Formen erinnern optisch an Ohren, weshalb sich die Bezeichnung \u201eOhrenqualle\u201d etabliert hat. Auch der wissenschaftliche Artname aurita leitet sich vom lateinischen Wort f\u00fcr Ohr ab.<br \/><br \/>Die <a href=\"https:\/\/www.bund.net\/themen\/tiere-pflanzen\/tiere\/wirbellose\/ohrenqualle\/\" target=\"_blank\" rel=\"noopener noreferrer\" data-sk=\"tooltip_parent\">Aurelia aurita<\/a> ist weltweit verbreitet und kommt in vielen gem\u00e4\u00dfigten und warmen Meeren vor, darunter auch im Roten Meer. Dort h\u00e4lt sie sich meist im Freiwasser oder in ruhigeren K\u00fcstenbereichen auf. Ihre Fortbewegung erfolgt \u00fcberwiegend passiv mit den Str\u00f6mungen, unterst\u00fctzt durch langsame, rhythmische Kontraktionen des Schirms. Dadurch ist sie nur eingeschr\u00e4nkt steuerf\u00e4hig und wird oft \u00fcber gr\u00f6\u00dfere Distanzen verdriftet.<br \/><br \/>Die Ern\u00e4hrung besteht haupts\u00e4chlich aus Plankton sowie kleinen Krebstieren und Larven. Diese werden mithilfe feiner Tentakel eingefangen und zur Mund\u00f6ffnung transportiert. Die in den Tentakeln enthaltenen Nesselzellen besitzen ein schwaches Gift, das f\u00fcr den Beutefang ausreicht, f\u00fcr Menschen jedoch in der Regel harmlos ist. Beim Tauchen kommt es daher meist zu keinen oder nur sehr milden Hautreaktionen.<br \/><br \/>Zu bestimmten Zeiten k\u00f6nnen <a href=\"https:\/\/www.meerwasser-lexikon.de\/tiere\/2660_Aurelia_aurita.htm\" target=\"_blank\" rel=\"noopener noreferrer\" data-sk=\"tooltip_parent\">Ohrenquallen<\/a> in gro\u00dfer Zahl auftreten. Dann treiben zahlreiche Tiere dicht beieinander im Wasser, sodass der Eindruck entsteht, ganze Teppiche aus Quallen w\u00fcrden durch das Meer ziehen. Solche Ansammlungen lassen sich auch beim Tauchen beobachten und pr\u00e4gen zeitweise das Bild des Freiwassers. F\u00fcr uns Taucherinnen und Taucher im Roten Meer ist die Ohrenqualle damit kein spektakul\u00e4res Highlight, aber nett anzusehen und ein gutes Beispiel f\u00fcr die Vielfalt und Dynamik mariner Lebensformen abseits der bekannten Riffbewohner.<\/p>\t\t\t\t\t\t\t\t<\/div>\n\t\t\t\t<\/div>\n\t\t\t\t<div class=\"elementor-element elementor-element-13ceb87c elementor-widget elementor-widget-spacer\" data-id=\"13ceb87c\" data-element_type=\"widget\" data-e-type=\"widget\" data-widget_type=\"spacer.default\">\n\t\t\t\t<div class=\"elementor-widget-container\">\n\t\t\t\t\t\t\t<div class=\"elementor-spacer\">\n\t\t\t<div class=\"elementor-spacer-inner\"><\/div>\n\t\t<\/div>\n\t\t\t\t\t\t<\/div>\n\t\t\t\t<\/div>\n\t\t\t\t<div class=\"elementor-element elementor-element-4ad02b2 elementor-widget elementor-widget-video\" data-id=\"4ad02b2\" data-element_type=\"widget\" data-e-type=\"widget\" data-settings=\"{&quot;youtube_url&quot;:&quot;https:\\\/\\\/youtu.be\\\/TUCoAN898wM?si=BmPKMt2Xj3EoHEgQ&quot;,&quot;video_type&quot;:&quot;youtube&quot;,&quot;controls&quot;:&quot;yes&quot;}\" data-widget_type=\"video.default\">\n\t\t\t\t<div class=\"elementor-widget-container\">\n\t\t\t\t\t\t\t<div class=\"elementor-wrapper elementor-open-inline\">\n\t\t\t<div class=\"elementor-video\"><\/div>\t\t<\/div>\n\t\t\t\t\t\t<\/div>\n\t\t\t\t<\/div>\n\t\t\t\t<div class=\"elementor-element elementor-element-b431e0a elementor-widget elementor-widget-spacer\" data-id=\"b431e0a\" data-element_type=\"widget\" data-e-type=\"widget\" data-widget_type=\"spacer.default\">\n\t\t\t\t<div class=\"elementor-widget-container\">\n\t\t\t\t\t\t\t<div class=\"elementor-spacer\">\n\t\t\t<div class=\"elementor-spacer-inner\"><\/div>\n\t\t<\/div>\n\t\t\t\t\t\t<\/div>\n\t\t\t\t<\/div>\n\t\t\t\t<div class=\"elementor-element elementor-element-389c9a69 elementor-widget elementor-widget-heading\" data-id=\"389c9a69\" data-element_type=\"widget\" data-e-type=\"widget\" data-widget_type=\"heading.default\">\n\t\t\t\t<div class=\"elementor-widget-container\">\n\t\t\t\t\t<h3 class=\"elementor-heading-title elementor-size-default\">Handballmeisterschaften mit unterschiedlichem Ausgang<\/h3>\t\t\t\t<\/div>\n\t\t\t\t<\/div>\n\t\t\t\t<div class=\"elementor-element elementor-element-655c917 elementor-widget elementor-widget-text-editor\" data-id=\"655c917\" data-element_type=\"widget\" data-e-type=\"widget\" data-widget_type=\"text-editor.default\">\n\t\t\t\t<div class=\"elementor-widget-container\">\n\t\t\t\t\t\t\t\t\t<p>Zwei Endspiele, zwei Kontinente und zwei unterschiedliche Ausgangslagen: W\u00e4hrend \u00c4gypten im afrikanischen Handball erneut <a href=\"https:\/\/www.ihf.info\/media-center\/news\/fourth-row-egypt-tie-tunisia-most-decorated-team-african-championship\" target=\"_blank\" rel=\"noopener noreferrer\" data-sk=\"tooltip_parent\">Geschichte schrieb<\/a>, musste sich Deutschland im EM-Finale mit Silber zufriedengeben. Beide Partien zeigen dennoch eindrucksvoll, wo die Teams aktuell stehen.<\/p><p>Bei der Afrikanischen Handball-Meisterschaft 2026 in Kigali lie\u00df \u00c4gypten im Finale gegen Tunesien nichts anbrennen. Mit einem deutlichen 37:24-Erfolg gewann das Team nicht nur seinen vierten Titel in Folge, sondern insgesamt bereits den zehnten kontinentalen Titel. Fr\u00fch setzte sich \u00c4gypten ab, f\u00fchrte zur Pause mit 17:10 und kontrollierte das Spiel \u00fcber die gesamte Distanz. Besonders die stabile Abwehr machten es Tunesien schwer, ins Spiel zu finden. Mit diesem Sieg zog \u00c4gypten mit Tunesien als erfolgreichste Nation des Wettbewerbs gleich und best\u00e4tigte erneut seine Rolle als f\u00fchrende Handballnation Afrikas. Beide Finalisten l\u00f6sten damit auch das Ticket f\u00fcr die Weltmeisterschaft 2027 in Deutschland.<\/p><p>In Europa verlief das Endspiel aus deutscher Sicht <a href=\"https:\/\/www.t-online.de\/sport\/mehr-sport\/handball\/handball-em\/id_101110064\/handball-em-titeltraum-geplatzt-deutschland-scheitert-an-daenemark.html\" target=\"_blank\" rel=\"noopener noreferrer\" data-sk=\"tooltip_parent\">weniger erfolgreich<\/a>, wenn auch keineswegs entt\u00e4uschend. Die DHB-Auswahl unterlag Gastgeber D\u00e4nemark im EM-Finale mit 27:34 und verpasste damit den dritten Titel nach 2004 und 2016. Deutschland begann selbstbewusst und hielt die Partie lange offen. Nach einer umk\u00e4mpften ersten Halbzeit lag das Team zur Pause nur knapp zur\u00fcck. In der zweiten H\u00e4lfte geriet Deutschland jedoch durch eine l\u00e4ngere Torflaute ins Hintertreffen, w\u00e4hrend D\u00e4nemark seine Chancen konsequent nutzte. Trotz starker Paraden von Andreas Wolff und jeweils f\u00fcnf Treffern von Johannes Golla, Juri Knorr und Marko Grgi\u0107 gelang die Wende nicht mehr.<\/p><p>W\u00e4hrend \u00c4gypten sein Finale klar dominierte, zeigte Deutschland im Endspiel, dass es mit den besten Teams Europas mithalten kann, auch wenn es am Ende nicht zum Titel reichte. Beide Nationen pr\u00e4sentierten sich auf hohem Niveau und gehen mit unterschiedlichen Ergebnissen, aber \u00e4hnlichen Ambitionen aus ihren Turnieren hervor. F\u00fcr beide z\u00e4hlt nun die <a href=\"https:\/\/www.dhb.de\/wettbewerbe\/international\/ihf-handball-weltmeisterschaft-der-maenner-2027-deutschland\" target=\"_blank\" rel=\"noopener noreferrer\" data-sk=\"tooltip_parent\">WM<\/a>. Mal sehen, welcher Mannschaft wir dann die Daumen dr\u00fccken. \ud83d\ude09<\/p>\t\t\t\t\t\t\t\t<\/div>\n\t\t\t\t<\/div>\n\t\t\t\t<div class=\"elementor-element elementor-element-bdd6361 elementor-widget elementor-widget-spacer\" data-id=\"bdd6361\" data-element_type=\"widget\" data-e-type=\"widget\" data-widget_type=\"spacer.default\">\n\t\t\t\t<div class=\"elementor-widget-container\">\n\t\t\t\t\t\t\t<div class=\"elementor-spacer\">\n\t\t\t<div class=\"elementor-spacer-inner\"><\/div>\n\t\t<\/div>\n\t\t\t\t\t\t<\/div>\n\t\t\t\t<\/div>\n\t\t\t\t<div class=\"elementor-element elementor-element-195f779 elementor-widget elementor-widget-image\" data-id=\"195f779\" data-element_type=\"widget\" data-e-type=\"widget\" data-widget_type=\"image.default\">\n\t\t\t\t<div class=\"elementor-widget-container\">\n\t\t\t\t\t\t\t\t\t\t\t\t\t\t\t<img decoding=\"async\" width=\"1125\" height=\"844\" src=\"https:\/\/james-mac.com\/wp-content\/uploads\/2023\/11\/cigarettes-383327_1280-pixabay-4x.jpg\" class=\"attachment-full size-full wp-image-42243\" alt=\"Eine Warme Aprilwoche am Roten Meer\" srcset=\"https:\/\/james-mac.com\/wp-content\/uploads\/2023\/11\/cigarettes-383327_1280-pixabay-4x.jpg 1125w, https:\/\/james-mac.com\/wp-content\/uploads\/2023\/11\/cigarettes-383327_1280-pixabay-4x-300x225.jpg 300w, https:\/\/james-mac.com\/wp-content\/uploads\/2023\/11\/cigarettes-383327_1280-pixabay-4x-1024x768.jpg 1024w, https:\/\/james-mac.com\/wp-content\/uploads\/2023\/11\/cigarettes-383327_1280-pixabay-4x-768x576.jpg 768w, https:\/\/james-mac.com\/wp-content\/uploads\/2023\/11\/cigarettes-383327_1280-pixabay-4x-16x12.jpg 16w, https:\/\/james-mac.com\/wp-content\/uploads\/2023\/11\/cigarettes-383327_1280-pixabay-4x-155x116.jpg 155w\" sizes=\"(max-width: 1125px) 100vw, 1125px\" \/>\t\t\t\t\t\t\t\t\t\t\t\t\t\t\t<\/div>\n\t\t\t\t<\/div>\n\t\t\t\t<div class=\"elementor-element elementor-element-681304c elementor-widget elementor-widget-spacer\" data-id=\"681304c\" data-element_type=\"widget\" data-e-type=\"widget\" data-widget_type=\"spacer.default\">\n\t\t\t\t<div class=\"elementor-widget-container\">\n\t\t\t\t\t\t\t<div class=\"elementor-spacer\">\n\t\t\t<div class=\"elementor-spacer-inner\"><\/div>\n\t\t<\/div>\n\t\t\t\t\t\t<\/div>\n\t\t\t\t<\/div>\n\t\t\t\t<div class=\"elementor-element elementor-element-4556563b elementor-widget elementor-widget-heading\" data-id=\"4556563b\" data-element_type=\"widget\" data-e-type=\"widget\" data-widget_type=\"heading.default\">\n\t\t\t\t<div class=\"elementor-widget-container\">\n\t\t\t\t\t<h3 class=\"elementor-heading-title elementor-size-default\">Erneute Preiserh\u00f6hung f\u00fcr importierte Tabakprodukte<\/h3>\t\t\t\t<\/div>\n\t\t\t\t<\/div>\n\t\t\t\t<div class=\"elementor-element elementor-element-bafc2a9 elementor-widget elementor-widget-text-editor\" data-id=\"bafc2a9\" data-element_type=\"widget\" data-e-type=\"widget\" data-widget_type=\"text-editor.default\">\n\t\t\t\t<div class=\"elementor-widget-container\">\n\t\t\t\t\t\t\t\t\t<p>Seit letzter Woche sind importierte Zigaretten und erhitzte Tabakprodukte in \u00c4gypten <a href=\"https:\/\/www.egypttoday.com\/Article\/3\/144814\/Philip-Morris-Egypt-announces-new-prices-for-cigarettes-heated-tobacco\" target=\"_blank\" rel=\"noopener noreferrer\" data-sk=\"tooltip_parent\">erneut teurer<\/a>. Philip Morris Egypt hat eine aktualisierte Preisliste ver\u00f6ffentlicht, nach der eine Packung Merit nun 111 \u00e4gyptische Pfund kostet, Marlboro bei 102 LE liegt, Marlboro Crafted weiterhin f\u00fcr 79 LE erh\u00e4ltlich ist und L&amp;M auf 82 LE steigt. Auch Produkte zum Erhitzen von Tabak sind betroffen: TEREA wird mit 82 LE angeboten, TEREA Capsules mit 87 LE und HEETS mit 69 LE. Lokal produzierte Zigaretten bleiben vorerst von diesen Anpassungen ausgenommen.<br \/><br \/><a href=\"https:\/\/cairoscene.com\/Buzz\/Imported-Cigarette-Prices-Will-Increase-in-Egypt-Starting-February-2nd\" target=\"_blank\" rel=\"noopener noreferrer\" data-sk=\"tooltip_parent\">Diese Preisschritte<\/a> sind Teil einer Entwicklung, die sich \u00fcber mehrere Jahre erstreckt. Noch 2019 lagen die Preise f\u00fcr viele internationale Marken deutlich niedriger. Innerhalb von sechs Jahren haben sich die Verkaufspreise je nach Marke um etwa 40 bis 50 Prozent erh\u00f6ht, mit einzelnen sp\u00fcrbaren Spr\u00fcngen innerhalb kurzer Zeitr\u00e4ume. F\u00fcr viele Raucherinnen und Raucher ist das l\u00e4ngst ein relevanter Faktor im Alltag geworden.<\/p><p>Parallel dazu zeigt sich ein bemerkenswerter gesellschaftlicher Effekt. Tats\u00e4chlich weisen aktuelle Gesundheitsdaten auf einen klaren R\u00fcckgang der Raucherquote in \u00c4gypten hin. W\u00e4hrend im Jahr 2020 noch knapp 18 Prozent der erwachsenen Bev\u00f6lkerung rauchten, lag dieser Anteil 2024 bei rund 14 Prozent. In absoluten Zahlen bedeutet das, dass mehrere Millionen Menschen weniger regelm\u00e4\u00dfig zur Zigarette greifen als noch vor wenigen Jahren. Dieser R\u00fcckgang gilt als Indiz daf\u00fcr, dass steigende Preise, mehr Aufkl\u00e4rung und ver\u00e4nderte Einstellungen gegen\u00fcber dem Rauchen Wirkung zeigen.<br \/><br \/>F\u00fcr die \u00f6ffentliche Gesundheit ist <a href=\"https:\/\/www.dailynewsegypt.com\/2025\/07\/01\/philip-morris-misr-announces-new-price-list-effective-1-july\/\" target=\"_blank\" rel=\"noopener noreferrer\" data-sk=\"tooltip_parent\">diese Entwicklung<\/a> von Bedeutung. Weniger Raucher bedeuten langfristig auch weniger tabakbedingte Erkrankungen und eine geringere Belastung f\u00fcr das Gesundheitssystem. Gleichzeitig verdeutlicht der Trend, dass wirtschaftliche Faktoren wie Preissteigerungen f\u00fcr viele Menschen ein konkreter Ansto\u00df sein k\u00f6nnen, ihr Konsumverhalten zu \u00fcberdenken. Die aktuellen Preisanpassungen stehen damit sinnbildlich f\u00fcr einen Wandel, in dem Rauchen f\u00fcr immer mehr Menschen in \u00c4gypten nicht nur teurer, sondern auch zunehmend verzichtbar wird.<\/p>\t\t\t\t\t\t\t\t<\/div>\n\t\t\t\t<\/div>\n\t\t\t\t<div class=\"elementor-element elementor-element-570961d elementor-widget elementor-widget-spacer\" data-id=\"570961d\" data-element_type=\"widget\" data-e-type=\"widget\" data-widget_type=\"spacer.default\">\n\t\t\t\t<div class=\"elementor-widget-container\">\n\t\t\t\t\t\t\t<div class=\"elementor-spacer\">\n\t\t\t<div class=\"elementor-spacer-inner\"><\/div>\n\t\t<\/div>\n\t\t\t\t\t\t<\/div>\n\t\t\t\t<\/div>\n\t\t\t\t<div class=\"elementor-element elementor-element-c6a64da elementor-widget elementor-widget-heading\" data-id=\"c6a64da\" data-element_type=\"widget\" data-e-type=\"widget\" data-widget_type=\"heading.default\">\n\t\t\t\t<div class=\"elementor-widget-container\">\n\t\t\t\t\t<h3 class=\"elementor-heading-title elementor-size-default\">\ud83e\udd13 Unser Schlaumeier der Woche - Halbwissen f\u00fcr echte Profis \ud83e\udd13<\/h3>\t\t\t\t<\/div>\n\t\t\t\t<\/div>\n\t\t\t\t<div class=\"elementor-element elementor-element-1a5e43b elementor-widget elementor-widget-text-editor\" data-id=\"1a5e43b\" data-element_type=\"widget\" data-e-type=\"widget\" data-widget_type=\"text-editor.default\">\n\t\t\t\t<div class=\"elementor-widget-container\">\n\t\t\t\t\t\t\t\t\t<p>Schon gewusst? Im Roten Meer frieren Taucher manchmal schneller als erwartet. Das liegt nicht an Einbildung, sondern an Physik. Wasser entzieht dem K\u00f6rper grunds\u00e4tzlich deutlich schneller W\u00e4rme als Luft, und Meerwasser ist darin noch etwas effizienter als S\u00fc\u00dfwasser. Der Grund ist der hohe Salzgehalt: Er erh\u00f6ht die Dichte und die W\u00e4rmeleitf\u00e4higkeit des Wassers leicht, sodass K\u00f6rperw\u00e4rme kontinuierlich schneller abgef\u00fchrt wird. Im Roten Meer f\u00e4llt dieser Effekt besonders auf, weil der Salzgehalt mit rund 40 PSU ungew\u00f6hnlich hoch und \u00fcber alle Tiefen hinweg sehr gleichm\u00e4\u00dfig ist.\u00a0<\/p><p>Kurz gesagt: Salziges Wasser kann sich bei gleicher Temperatur k\u00e4lter anf\u00fchlen, auch wenn das Thermometer etwas anderes behauptet.<\/p>\t\t\t\t\t\t\t\t<\/div>\n\t\t\t\t<\/div>\n\t\t\t\t<div class=\"elementor-element elementor-element-b54ea0e elementor-widget-divider--view-line elementor-widget elementor-widget-divider\" data-id=\"b54ea0e\" data-element_type=\"widget\" data-e-type=\"widget\" data-widget_type=\"divider.default\">\n\t\t\t\t<div class=\"elementor-widget-container\">\n\t\t\t\t\t\t\t<div class=\"elementor-divider\">\n\t\t\t<span class=\"elementor-divider-separator\">\n\t\t\t\t\t\t<\/span>\n\t\t<\/div>\n\t\t\t\t\t\t<\/div>\n\t\t\t\t<\/div>\n\t\t\t\t<div class=\"elementor-element elementor-element-b337408 elementor-widget elementor-widget-heading\" data-id=\"b337408\" data-element_type=\"widget\" data-e-type=\"widget\" data-widget_type=\"heading.default\">\n\t\t\t\t<div class=\"elementor-widget-container\">\n\t\t\t\t\t<h3 class=\"elementor-heading-title elementor-size-default\">Unsere Woche \u2013 R\u00fcckblick vom Roten Meer<\/h3>\t\t\t\t<\/div>\n\t\t\t\t<\/div>\n\t\t\t\t<div class=\"elementor-element elementor-element-69fa36c3 elementor-widget elementor-widget-text-editor\" data-id=\"69fa36c3\" data-element_type=\"widget\" data-e-type=\"widget\" data-widget_type=\"text-editor.default\">\n\t\t\t\t<div class=\"elementor-widget-container\">\n\t\t\t\t\t\t\t\t\t<p>Wir hoffen, euch hat unser Wochenbericht gefallen. Bleibt neugierig, passt auf euch auf und bis zum n\u00e4chsten Mal, mit neuen Eindr\u00fccken aus dem Land zwischen W\u00fcste und Wasser!<\/p>\t\t\t\t\t\t\t\t<\/div>\n\t\t\t\t<\/div>\n\t\t\t\t<div class=\"elementor-element elementor-element-4151c811 elementor-widget elementor-widget-text-editor\" data-id=\"4151c811\" data-element_type=\"widget\" data-e-type=\"widget\" data-widget_type=\"text-editor.default\">\n\t\t\t\t<div class=\"elementor-widget-container\">\n\t\t\t\t\t\t\t\t\t<p>Unsere Woche \u2013 R\u00fcckblick vom Roten Meer, James &amp; Mac Diving Center \u2013 Fotonachweise: James &amp; Mac,\u00a0<\/p>\t\t\t\t\t\t\t\t<\/div>\n\t\t\t\t<\/div>\n\t\t\t\t<div class=\"elementor-element elementor-element-7aead21 elementor-share-buttons--view-icon elementor-share-buttons--skin-framed elementor-share-buttons--shape-rounded elementor-grid-0 elementor-share-buttons--color-official elementor-widget elementor-widget-share-buttons\" data-id=\"7aead21\" data-element_type=\"widget\" data-e-type=\"widget\" data-widget_type=\"share-buttons.default\">\n\t\t\t\t<div class=\"elementor-widget-container\">\n\t\t\t\t\t\t\t<div class=\"elementor-grid\">\n\t\t\t\t\t\t\t\t<div class=\"elementor-grid-item\">\n\t\t\t\t\t\t<div class=\"elementor-share-btn elementor-share-btn_facebook\" role=\"button\" tabindex=\"0\" aria-label=\"Teilen auf facebook\">\n\t\t\t\t\t\t\t\t\t\t\t\t\t\t\t<span class=\"elementor-share-btn__icon\">\n\t\t\t\t\t\t\t\t<i class=\"fab fa-facebook\" aria-hidden=\"true\"><\/i>\t\t\t\t\t\t\t<\/span>\n\t\t\t\t\t\t\t\t\t\t\t\t\t\t\t\t\t\t\t\t<\/div>\n\t\t\t\t\t<\/div>\n\t\t\t\t\t\t<\/div>\n\t\t\t\t\t\t<\/div>\n\t\t\t\t<\/div>\n\t\t\t\t\t<\/div>\n\t\t<\/div>\n\t\t\t\t\t<\/div>\n\t\t<\/section>\n\t\t\t\t\t<\/div>\n\t\t<\/div>\n\t\t\t\t\t<\/div>\n\t\t<\/section>\n\t\t\t\t<\/div>","protected":false},"excerpt":{"rendered":"<p>Unsere Woche \u2013 R\u00fcckblick vom Roten Meer Willkommen zu unserem aktuellen Wochenbericht vom Roten Meer! Jede Woche nehmen wir euch hier mit in die faszinierende Unterwasserwelt \u00c4gyptens, berichten von spannenden Tauchg\u00e4ngen, stellen unseren Fisch der Woche vor und werfen einen Blick auf aktuelle Entwicklungen aus dem Land der Pharaonen. Au\u00dferdem gibt es immer wieder n\u00fctzliche Tipps und Empfehlungen f\u00fcr alle, die ihren Urlaub in \u00c4gypten noch entspannter und erlebnisreicher gestalten m\u00f6chten. Viel Spa\u00df beim Lesen und Abtauchen! Unsere Woche \u2013&hellip;<\/p>","protected":false},"author":4,"featured_media":56539,"comment_status":"open","ping_status":"closed","sticky":false,"template":"","format":"standard","meta":{"footnotes":""},"categories":[1],"tags":[1409,136,170,135,413,355],"class_list":["post-56538","post","type-post","status-publish","format-standard","has-post-thumbnail","hentry","category-blog-rotes-meer","tag-1409","tag-aegypten","tag-hurghada","tag-rotes-meer","tag-rueckblick","tag-wochenrueckblick","post-has-thumbnail"],"yoast_head":"<!-- This site is optimized with the Yoast SEO plugin v27.5 - https:\/\/yoast.com\/product\/yoast-seo-wordpress\/ -->\n<title>Unsere Woche \u2013 R\u00fcckblick vom Roten Meer - James &amp; Mac Diving Center<\/title>\n<meta name=\"description\" content=\"Unsere Woche \u2013 R\u00fcckblick vom Roten Meer. Jede Woche pr\u00e4sentieren wir euch Aktuelles und Spannendes, frisch vom Roten Meer.\" \/>\n<meta name=\"robots\" content=\"index, follow, max-snippet:-1, max-image-preview:large, max-video-preview:-1\" \/>\n<link rel=\"canonical\" href=\"https:\/\/james-mac.com\/en\/unsere-woche-rueckblick-vom-roten-meer\/\" \/>\n<meta property=\"og:locale\" content=\"en_GB\" \/>\n<meta property=\"og:type\" content=\"article\" \/>\n<meta property=\"og:title\" content=\"Unsere Woche \u2013 R\u00fcckblick vom Roten Meer - James &amp; Mac Diving Center\" \/>\n<meta property=\"og:description\" content=\"Unsere Woche \u2013 R\u00fcckblick vom Roten Meer. Jede Woche pr\u00e4sentieren wir euch Aktuelles und Spannendes, frisch vom Roten Meer.\" \/>\n<meta property=\"og:url\" content=\"https:\/\/james-mac.com\/en\/unsere-woche-rueckblick-vom-roten-meer\/\" \/>\n<meta property=\"og:site_name\" content=\"James &amp; Mac Diving Center\" \/>\n<meta property=\"article:publisher\" content=\"https:\/\/www.facebook.com\/jamesandmac\/\" \/>\n<meta property=\"article:published_time\" content=\"2026-02-07T05:23:00+00:00\" \/>\n<meta property=\"article:modified_time\" content=\"2026-02-07T05:29:50+00:00\" \/>\n<meta property=\"og:image\" content=\"https:\/\/james-mac.com\/wp-content\/uploads\/2026\/02\/JM-Strand-Jetty-Boote-Wolgen-Morgens-Foto-Thorsten-4x3-1-1024x768.png\" \/>\n\t<meta property=\"og:image:width\" content=\"1024\" \/>\n\t<meta property=\"og:image:height\" content=\"768\" \/>\n\t<meta property=\"og:image:type\" content=\"image\/png\" \/>\n<meta name=\"author\" content=\"Ameli\" \/>\n<meta name=\"twitter:card\" content=\"summary_large_image\" \/>\n<meta name=\"twitter:creator\" content=\"@James_Mac_HRG\" \/>\n<meta name=\"twitter:site\" content=\"@James_Mac_HRG\" \/>\n<meta name=\"twitter:label1\" content=\"Written by\" \/>\n\t<meta name=\"twitter:data1\" content=\"Ameli\" \/>\n\t<meta name=\"twitter:label2\" content=\"Estimated reading time\" \/>\n\t<meta name=\"twitter:data2\" content=\"9 minutes\" \/>\n<script type=\"application\/ld+json\" class=\"yoast-schema-graph\">{\"@context\":\"https:\\\/\\\/schema.org\",\"@graph\":[{\"@type\":\"Article\",\"@id\":\"https:\\\/\\\/james-mac.com\\\/unsere-woche-rueckblick-vom-roten-meer\\\/#article\",\"isPartOf\":{\"@id\":\"https:\\\/\\\/james-mac.com\\\/unsere-woche-rueckblick-vom-roten-meer\\\/\"},\"author\":{\"name\":\"Ameli\",\"@id\":\"https:\\\/\\\/james-mac.com\\\/#\\\/schema\\\/person\\\/bdad9b5a4498bd11efeed74d2676eee4\"},\"headline\":\"Unsere Woche \u2013 R\u00fcckblick vom Roten Meer\",\"datePublished\":\"2026-02-07T05:23:00+00:00\",\"dateModified\":\"2026-02-07T05:29:50+00:00\",\"mainEntityOfPage\":{\"@id\":\"https:\\\/\\\/james-mac.com\\\/unsere-woche-rueckblick-vom-roten-meer\\\/\"},\"wordCount\":1561,\"commentCount\":0,\"publisher\":{\"@id\":\"https:\\\/\\\/james-mac.com\\\/#organization\"},\"image\":{\"@id\":\"https:\\\/\\\/james-mac.com\\\/unsere-woche-rueckblick-vom-roten-meer\\\/#primaryimage\"},\"thumbnailUrl\":\"https:\\\/\\\/james-mac.com\\\/wp-content\\\/uploads\\\/2026\\\/02\\\/JM-Strand-Jetty-Boote-Wolgen-Morgens-Foto-Thorsten-4x3-1-scaled.png\",\"keywords\":[\"2026\",\"\u00c4gypten\",\"Hurghada\",\"Rotes Meer\",\"R\u00fcckblick\",\"Wochenr\u00fcckblick\"],\"articleSection\":[\"Blog Rotes Meer\"],\"inLanguage\":\"en-GB\",\"potentialAction\":[{\"@type\":\"CommentAction\",\"name\":\"Comment\",\"target\":[\"https:\\\/\\\/james-mac.com\\\/unsere-woche-rueckblick-vom-roten-meer\\\/#respond\"]}]},{\"@type\":\"WebPage\",\"@id\":\"https:\\\/\\\/james-mac.com\\\/unsere-woche-rueckblick-vom-roten-meer\\\/\",\"url\":\"https:\\\/\\\/james-mac.com\\\/unsere-woche-rueckblick-vom-roten-meer\\\/\",\"name\":\"Unsere Woche \u2013 R\u00fcckblick vom Roten Meer - James &amp; Mac Diving Center\",\"isPartOf\":{\"@id\":\"https:\\\/\\\/james-mac.com\\\/#website\"},\"primaryImageOfPage\":{\"@id\":\"https:\\\/\\\/james-mac.com\\\/unsere-woche-rueckblick-vom-roten-meer\\\/#primaryimage\"},\"image\":{\"@id\":\"https:\\\/\\\/james-mac.com\\\/unsere-woche-rueckblick-vom-roten-meer\\\/#primaryimage\"},\"thumbnailUrl\":\"https:\\\/\\\/james-mac.com\\\/wp-content\\\/uploads\\\/2026\\\/02\\\/JM-Strand-Jetty-Boote-Wolgen-Morgens-Foto-Thorsten-4x3-1-scaled.png\",\"datePublished\":\"2026-02-07T05:23:00+00:00\",\"dateModified\":\"2026-02-07T05:29:50+00:00\",\"description\":\"Unsere Woche \u2013 R\u00fcckblick vom Roten Meer. Jede Woche pr\u00e4sentieren wir euch Aktuelles und Spannendes, frisch vom Roten Meer.\",\"breadcrumb\":{\"@id\":\"https:\\\/\\\/james-mac.com\\\/unsere-woche-rueckblick-vom-roten-meer\\\/#breadcrumb\"},\"inLanguage\":\"en-GB\",\"potentialAction\":[{\"@type\":\"ReadAction\",\"target\":[\"https:\\\/\\\/james-mac.com\\\/unsere-woche-rueckblick-vom-roten-meer\\\/\"]}]},{\"@type\":\"ImageObject\",\"inLanguage\":\"en-GB\",\"@id\":\"https:\\\/\\\/james-mac.com\\\/unsere-woche-rueckblick-vom-roten-meer\\\/#primaryimage\",\"url\":\"https:\\\/\\\/james-mac.com\\\/wp-content\\\/uploads\\\/2026\\\/02\\\/JM-Strand-Jetty-Boote-Wolgen-Morgens-Foto-Thorsten-4x3-1-scaled.png\",\"contentUrl\":\"https:\\\/\\\/james-mac.com\\\/wp-content\\\/uploads\\\/2026\\\/02\\\/JM-Strand-Jetty-Boote-Wolgen-Morgens-Foto-Thorsten-4x3-1-scaled.png\",\"width\":2560,\"height\":1919,\"caption\":\"Unsere Woche \u2013 R\u00fcckblick vom Roten Meer\"},{\"@type\":\"BreadcrumbList\",\"@id\":\"https:\\\/\\\/james-mac.com\\\/unsere-woche-rueckblick-vom-roten-meer\\\/#breadcrumb\",\"itemListElement\":[{\"@type\":\"ListItem\",\"position\":1,\"name\":\"Home\",\"item\":\"https:\\\/\\\/james-mac.com\\\/\"},{\"@type\":\"ListItem\",\"position\":2,\"name\":\"Blog Rotes Meer\",\"item\":\"https:\\\/\\\/james-mac.com\\\/en\\\/category\\\/blog-rotes-meer\\\/\"},{\"@type\":\"ListItem\",\"position\":3,\"name\":\"Unsere Woche \u2013 R\u00fcckblick vom Roten Meer\"}]},{\"@type\":\"WebSite\",\"@id\":\"https:\\\/\\\/james-mac.com\\\/#website\",\"url\":\"https:\\\/\\\/james-mac.com\\\/\",\"name\":\"James &amp; Mac Diving Center\",\"description\":\"Red sea diving since 1987\",\"publisher\":{\"@id\":\"https:\\\/\\\/james-mac.com\\\/#organization\"},\"potentialAction\":[{\"@type\":\"SearchAction\",\"target\":{\"@type\":\"EntryPoint\",\"urlTemplate\":\"https:\\\/\\\/james-mac.com\\\/?s={search_term_string}\"},\"query-input\":{\"@type\":\"PropertyValueSpecification\",\"valueRequired\":true,\"valueName\":\"search_term_string\"}}],\"inLanguage\":\"en-GB\"},{\"@type\":\"Organization\",\"@id\":\"https:\\\/\\\/james-mac.com\\\/#organization\",\"name\":\"James & Mac\",\"url\":\"https:\\\/\\\/james-mac.com\\\/\",\"logo\":{\"@type\":\"ImageObject\",\"inLanguage\":\"en-GB\",\"@id\":\"https:\\\/\\\/james-mac.com\\\/#\\\/schema\\\/logo\\\/image\\\/\",\"url\":\"\",\"contentUrl\":\"\",\"caption\":\"James & Mac\"},\"image\":{\"@id\":\"https:\\\/\\\/james-mac.com\\\/#\\\/schema\\\/logo\\\/image\\\/\"},\"sameAs\":[\"https:\\\/\\\/www.facebook.com\\\/jamesandmac\\\/\",\"https:\\\/\\\/x.com\\\/James_Mac_HRG\",\"https:\\\/\\\/www.instagram.com\\\/jamesundmacdiving\\\/\",\"https:\\\/\\\/www.youtube.com\\\/user\\\/james1987mac\"]},{\"@type\":\"Person\",\"@id\":\"https:\\\/\\\/james-mac.com\\\/#\\\/schema\\\/person\\\/bdad9b5a4498bd11efeed74d2676eee4\",\"name\":\"Ameli\",\"image\":{\"@type\":\"ImageObject\",\"inLanguage\":\"en-GB\",\"@id\":\"https:\\\/\\\/secure.gravatar.com\\\/avatar\\\/815b16a62dd9759f01ae110606d38d9d0fe57f307e2639ca16c1d626d7a6762d?s=96&r=g\",\"url\":\"https:\\\/\\\/secure.gravatar.com\\\/avatar\\\/815b16a62dd9759f01ae110606d38d9d0fe57f307e2639ca16c1d626d7a6762d?s=96&r=g\",\"contentUrl\":\"https:\\\/\\\/secure.gravatar.com\\\/avatar\\\/815b16a62dd9759f01ae110606d38d9d0fe57f307e2639ca16c1d626d7a6762d?s=96&r=g\",\"caption\":\"Ameli\"},\"url\":\"https:\\\/\\\/james-mac.com\\\/en\\\/author\\\/ameli\\\/\"}]}<\/script>\n<!-- \/ Yoast SEO plugin. -->","yoast_head_json":{"title":"Unsere Woche \u2013 R\u00fcckblick vom Roten Meer - James &amp; Mac Diving Center","description":"Unsere Woche \u2013 R\u00fcckblick vom Roten Meer. Jede Woche pr\u00e4sentieren wir euch Aktuelles und Spannendes, frisch vom Roten Meer.","robots":{"index":"index","follow":"follow","max-snippet":"max-snippet:-1","max-image-preview":"max-image-preview:large","max-video-preview":"max-video-preview:-1"},"canonical":"https:\/\/james-mac.com\/en\/unsere-woche-rueckblick-vom-roten-meer\/","og_locale":"en_GB","og_type":"article","og_title":"Unsere Woche \u2013 R\u00fcckblick vom Roten Meer - James &amp; Mac Diving Center","og_description":"Unsere Woche \u2013 R\u00fcckblick vom Roten Meer. Jede Woche pr\u00e4sentieren wir euch Aktuelles und Spannendes, frisch vom Roten Meer.","og_url":"https:\/\/james-mac.com\/en\/unsere-woche-rueckblick-vom-roten-meer\/","og_site_name":"James &amp; Mac Diving Center","article_publisher":"https:\/\/www.facebook.com\/jamesandmac\/","article_published_time":"2026-02-07T05:23:00+00:00","article_modified_time":"2026-02-07T05:29:50+00:00","og_image":[{"width":1024,"height":768,"url":"https:\/\/james-mac.com\/wp-content\/uploads\/2026\/02\/JM-Strand-Jetty-Boote-Wolgen-Morgens-Foto-Thorsten-4x3-1-1024x768.png","type":"image\/png"}],"author":"Ameli","twitter_card":"summary_large_image","twitter_creator":"@James_Mac_HRG","twitter_site":"@James_Mac_HRG","twitter_misc":{"Written by":"Ameli","Estimated reading time":"9 minutes"},"schema":{"@context":"https:\/\/schema.org","@graph":[{"@type":"Article","@id":"https:\/\/james-mac.com\/unsere-woche-rueckblick-vom-roten-meer\/#article","isPartOf":{"@id":"https:\/\/james-mac.com\/unsere-woche-rueckblick-vom-roten-meer\/"},"author":{"name":"Ameli","@id":"https:\/\/james-mac.com\/#\/schema\/person\/bdad9b5a4498bd11efeed74d2676eee4"},"headline":"Unsere Woche \u2013 R\u00fcckblick vom Roten Meer","datePublished":"2026-02-07T05:23:00+00:00","dateModified":"2026-02-07T05:29:50+00:00","mainEntityOfPage":{"@id":"https:\/\/james-mac.com\/unsere-woche-rueckblick-vom-roten-meer\/"},"wordCount":1561,"commentCount":0,"publisher":{"@id":"https:\/\/james-mac.com\/#organization"},"image":{"@id":"https:\/\/james-mac.com\/unsere-woche-rueckblick-vom-roten-meer\/#primaryimage"},"thumbnailUrl":"https:\/\/james-mac.com\/wp-content\/uploads\/2026\/02\/JM-Strand-Jetty-Boote-Wolgen-Morgens-Foto-Thorsten-4x3-1-scaled.png","keywords":["2026","\u00c4gypten","Hurghada","Rotes Meer","R\u00fcckblick","Wochenr\u00fcckblick"],"articleSection":["Blog Rotes Meer"],"inLanguage":"en-GB","potentialAction":[{"@type":"CommentAction","name":"Comment","target":["https:\/\/james-mac.com\/unsere-woche-rueckblick-vom-roten-meer\/#respond"]}]},{"@type":"WebPage","@id":"https:\/\/james-mac.com\/unsere-woche-rueckblick-vom-roten-meer\/","url":"https:\/\/james-mac.com\/unsere-woche-rueckblick-vom-roten-meer\/","name":"Unsere Woche \u2013 R\u00fcckblick vom Roten Meer - James &amp; Mac Diving Center","isPartOf":{"@id":"https:\/\/james-mac.com\/#website"},"primaryImageOfPage":{"@id":"https:\/\/james-mac.com\/unsere-woche-rueckblick-vom-roten-meer\/#primaryimage"},"image":{"@id":"https:\/\/james-mac.com\/unsere-woche-rueckblick-vom-roten-meer\/#primaryimage"},"thumbnailUrl":"https:\/\/james-mac.com\/wp-content\/uploads\/2026\/02\/JM-Strand-Jetty-Boote-Wolgen-Morgens-Foto-Thorsten-4x3-1-scaled.png","datePublished":"2026-02-07T05:23:00+00:00","dateModified":"2026-02-07T05:29:50+00:00","description":"Unsere Woche \u2013 R\u00fcckblick vom Roten Meer. Jede Woche pr\u00e4sentieren wir euch Aktuelles und Spannendes, frisch vom Roten Meer.","breadcrumb":{"@id":"https:\/\/james-mac.com\/unsere-woche-rueckblick-vom-roten-meer\/#breadcrumb"},"inLanguage":"en-GB","potentialAction":[{"@type":"ReadAction","target":["https:\/\/james-mac.com\/unsere-woche-rueckblick-vom-roten-meer\/"]}]},{"@type":"ImageObject","inLanguage":"en-GB","@id":"https:\/\/james-mac.com\/unsere-woche-rueckblick-vom-roten-meer\/#primaryimage","url":"https:\/\/james-mac.com\/wp-content\/uploads\/2026\/02\/JM-Strand-Jetty-Boote-Wolgen-Morgens-Foto-Thorsten-4x3-1-scaled.png","contentUrl":"https:\/\/james-mac.com\/wp-content\/uploads\/2026\/02\/JM-Strand-Jetty-Boote-Wolgen-Morgens-Foto-Thorsten-4x3-1-scaled.png","width":2560,"height":1919,"caption":"Unsere Woche \u2013 R\u00fcckblick vom Roten Meer"},{"@type":"BreadcrumbList","@id":"https:\/\/james-mac.com\/unsere-woche-rueckblick-vom-roten-meer\/#breadcrumb","itemListElement":[{"@type":"ListItem","position":1,"name":"Home","item":"https:\/\/james-mac.com\/"},{"@type":"ListItem","position":2,"name":"Blog Rotes Meer","item":"https:\/\/james-mac.com\/en\/category\/blog-rotes-meer\/"},{"@type":"ListItem","position":3,"name":"Unsere Woche \u2013 R\u00fcckblick vom Roten Meer"}]},{"@type":"WebSite","@id":"https:\/\/james-mac.com\/#website","url":"https:\/\/james-mac.com\/","name":"James &amp; Mac Diving Center","description":"Red sea diving since 1987","publisher":{"@id":"https:\/\/james-mac.com\/#organization"},"potentialAction":[{"@type":"SearchAction","target":{"@type":"EntryPoint","urlTemplate":"https:\/\/james-mac.com\/?s={search_term_string}"},"query-input":{"@type":"PropertyValueSpecification","valueRequired":true,"valueName":"search_term_string"}}],"inLanguage":"en-GB"},{"@type":"Organization","@id":"https:\/\/james-mac.com\/#organization","name":"James &amp; Mac","url":"https:\/\/james-mac.com\/","logo":{"@type":"ImageObject","inLanguage":"en-GB","@id":"https:\/\/james-mac.com\/#\/schema\/logo\/image\/","url":"","contentUrl":"","caption":"James & Mac"},"image":{"@id":"https:\/\/james-mac.com\/#\/schema\/logo\/image\/"},"sameAs":["https:\/\/www.facebook.com\/jamesandmac\/","https:\/\/x.com\/James_Mac_HRG","https:\/\/www.instagram.com\/jamesundmacdiving\/","https:\/\/www.youtube.com\/user\/james1987mac"]},{"@type":"Person","@id":"https:\/\/james-mac.com\/#\/schema\/person\/bdad9b5a4498bd11efeed74d2676eee4","name":"Ameli","image":{"@type":"ImageObject","inLanguage":"en-GB","@id":"https:\/\/secure.gravatar.com\/avatar\/815b16a62dd9759f01ae110606d38d9d0fe57f307e2639ca16c1d626d7a6762d?s=96&r=g","url":"https:\/\/secure.gravatar.com\/avatar\/815b16a62dd9759f01ae110606d38d9d0fe57f307e2639ca16c1d626d7a6762d?s=96&r=g","contentUrl":"https:\/\/secure.gravatar.com\/avatar\/815b16a62dd9759f01ae110606d38d9d0fe57f307e2639ca16c1d626d7a6762d?s=96&r=g","caption":"Ameli"},"url":"https:\/\/james-mac.com\/en\/author\/ameli\/"}]}},"_links":{"self":[{"href":"https:\/\/james-mac.com\/en\/wp-json\/wp\/v2\/posts\/56538","targetHints":{"allow":["GET"]}}],"collection":[{"href":"https:\/\/james-mac.com\/en\/wp-json\/wp\/v2\/posts"}],"about":[{"href":"https:\/\/james-mac.com\/en\/wp-json\/wp\/v2\/types\/post"}],"author":[{"embeddable":true,"href":"https:\/\/james-mac.com\/en\/wp-json\/wp\/v2\/users\/4"}],"replies":[{"embeddable":true,"href":"https:\/\/james-mac.com\/en\/wp-json\/wp\/v2\/comments?post=56538"}],"version-history":[{"count":40,"href":"https:\/\/james-mac.com\/en\/wp-json\/wp\/v2\/posts\/56538\/revisions"}],"predecessor-version":[{"id":56587,"href":"https:\/\/james-mac.com\/en\/wp-json\/wp\/v2\/posts\/56538\/revisions\/56587"}],"wp:featuredmedia":[{"embeddable":true,"href":"https:\/\/james-mac.com\/en\/wp-json\/wp\/v2\/media\/56539"}],"wp:attachment":[{"href":"https:\/\/james-mac.com\/en\/wp-json\/wp\/v2\/media?parent=56538"}],"wp:term":[{"taxonomy":"category","embeddable":true,"href":"https:\/\/james-mac.com\/en\/wp-json\/wp\/v2\/categories?post=56538"},{"taxonomy":"post_tag","embeddable":true,"href":"https:\/\/james-mac.com\/en\/wp-json\/wp\/v2\/tags?post=56538"}],"curies":[{"name":"wp","href":"https:\/\/api.w.org\/{rel}","templated":true}]}}